{"id":4109,"date":"2017-11-06T11:36:14","date_gmt":"2017-11-06T15:36:14","guid":{"rendered":"http:\/\/www.emater.ro.gov.br\/ematerro\/?p=4109"},"modified":"2017-11-06T11:38:27","modified_gmt":"2017-11-06T15:38:27","slug":"emater-ro-cria-estrategia-para-que-homens-superem-preconceito-e-assistam-palestra-de-prevencao-ao-cancer","status":"publish","type":"post","link":"http:\/\/www.emater.ro.gov.br\/ematerro\/2017\/11\/06\/emater-ro-cria-estrategia-para-que-homens-superem-preconceito-e-assistam-palestra-de-prevencao-ao-cancer\/","title":{"rendered":"Homens superam preconceito e assistem palestra de preven\u00e7\u00e3o ao c\u00e2ncer"},"content":{"rendered":"<p>O preconceito da categoria masculina em realizar exames m\u00e9dicos preventivos ao c\u00e2ncer de pr\u00f3stata continua sendo o principal obst\u00e1culo para o controle da doen\u00e7a no pa\u00eds. Dados estat\u00edsticos apontam que, no Brasil, um e cada quatro homens n\u00e3o faz o exame m\u00e9dico necess\u00e1rio para detectar a doen\u00e7a.<\/p>\n<figure id=\"attachment_4110\" aria-describedby=\"caption-attachment-4110\" style=\"width: 1000px\" class=\"wp-caption aligncenter\"><img decoding=\"async\" loading=\"lazy\" class=\"wp-image-4110 size-full\" src=\"http:\/\/www.emater.ro.gov.br\/ematerro\/wp-content\/uploads\/2017\/11\/Emater-RO-cria-estrategia-para-que-homens-superem-preconceito_001-foto-EMATER-RO.jpg\" alt=\"Temas importantes para preven\u00e7\u00e3o do c\u00e2ncer.\" width=\"1000\" height=\"650\" srcset=\"http:\/\/www.emater.ro.gov.br\/ematerro\/wp-content\/uploads\/2017\/11\/Emater-RO-cria-estrategia-para-que-homens-superem-preconceito_001-foto-EMATER-RO.jpg 1000w, http:\/\/www.emater.ro.gov.br\/ematerro\/wp-content\/uploads\/2017\/11\/Emater-RO-cria-estrategia-para-que-homens-superem-preconceito_001-foto-EMATER-RO-300x195.jpg 300w, http:\/\/www.emater.ro.gov.br\/ematerro\/wp-content\/uploads\/2017\/11\/Emater-RO-cria-estrategia-para-que-homens-superem-preconceito_001-foto-EMATER-RO-768x499.jpg 768w\" sizes=\"(max-width: 1000px) 100vw, 1000px\" \/><figcaption id=\"caption-attachment-4110\" class=\"wp-caption-text\">Temas importantes para preven\u00e7\u00e3o do c\u00e2ncer.<\/figcaption><\/figure>\n<p>A realiza\u00e7\u00e3o do exame preventivo &#8211; de pr\u00f3stata para homens e de mama e colo do \u00fatero para mulheres &#8211; \u00e9 fundamental para a cura do paciente, pois quanto mais cedo detectado, maior \u00e9 a chance de cura. Para que os homens possam participar sem constrangimento de atividades de orienta\u00e7\u00e3o e conscientiza\u00e7\u00e3o da doen\u00e7a a Emater-RO, atrav\u00e9s da equipe do escrit\u00f3rio local de Urup\u00e1, criou uma estrat\u00e9gia: unificou a campanha outubro rosa com a campanha novembro azul.<\/p>\n<p>A campanha outubro rosa \u00e9 dedicada \u00e0 orienta\u00e7\u00e3o, preven\u00e7\u00e3o e realiza\u00e7\u00e3o de exames em mulheres nas faixas et\u00e1rias determinadas, a fim de detectar a exist\u00eancias de c\u00e2ncer de mama ou de colo de \u00fatero. J\u00e1, a campanha novembro azul direciona suas a\u00e7\u00f5es \u00e0 categoria masculina, orientando e conscientizando sobre os riscos de c\u00e2ncer de pr\u00f3stata e mama em homens.<\/p>\n<p>Ao realizar uma campanha conjunta, a equipe da Emater-RO promoveu uma manh\u00e3 especial com palestras abordando ambos os temas. O p\u00fablico abordado foi casais que entregam alimentos para o Programa de Aquisi\u00e7\u00e3o de Alimentos (PAA) no munic\u00edpio de Urup\u00e1. Com o apoio de uma Associa\u00e7\u00e3o Rural local, que contribui com a alimenta\u00e7\u00e3o dos participantes, a Emater-RO convidou homens e mulheres para assistir \u00e0 palestra proferida pelo psicanalista Os\u00f3rio Idg\u00e9rio Neto reis sobre a necessidade de tratamento mental e psicol\u00f3gico da fam\u00edlia e do paciente com c\u00e2ncer, m\u00e9todos de preven\u00e7\u00e3o, enfatizando o n\u00e3o uso de produtos agrot\u00f3xicos, e a import\u00e2ncia de alimentos org\u00e2nicos na alimenta\u00e7\u00e3o di\u00e1ria.<\/p>\n<figure id=\"attachment_4111\" aria-describedby=\"caption-attachment-4111\" style=\"width: 400px\" class=\"wp-caption alignleft\"><img decoding=\"async\" loading=\"lazy\" class=\"wp-image-4111\" src=\"http:\/\/www.emater.ro.gov.br\/ematerro\/wp-content\/uploads\/2017\/11\/Emater-RO-cria-estrategia-para-que-homens-superem-preconceito_002-foto-EMATER-RO.jpg\" alt=\"Participa\u00e7\u00e3o de homens e mulheres.\" width=\"400\" height=\"260\" srcset=\"http:\/\/www.emater.ro.gov.br\/ematerro\/wp-content\/uploads\/2017\/11\/Emater-RO-cria-estrategia-para-que-homens-superem-preconceito_002-foto-EMATER-RO.jpg 1000w, http:\/\/www.emater.ro.gov.br\/ematerro\/wp-content\/uploads\/2017\/11\/Emater-RO-cria-estrategia-para-que-homens-superem-preconceito_002-foto-EMATER-RO-300x195.jpg 300w, http:\/\/www.emater.ro.gov.br\/ematerro\/wp-content\/uploads\/2017\/11\/Emater-RO-cria-estrategia-para-que-homens-superem-preconceito_002-foto-EMATER-RO-768x499.jpg 768w\" sizes=\"(max-width: 400px) 100vw, 400px\" \/><figcaption id=\"caption-attachment-4111\" class=\"wp-caption-text\">Participa\u00e7\u00e3o de homens e mulheres.<\/figcaption><\/figure>\n<p>O m\u00e9dico tamb\u00e9m abordou os sentimentos e a p\u00f3s-perda do ente querido, fazendo com que a manh\u00e3 fosse proveitosa e descontra\u00edda na abordagem de um assunto que ainda sofre preconceito e vergonha. Segundo os extensionistas da Emater-RO que coordenaram a atividade, \u201cnotou-se um interesse muito grande dos participantes com o tema abordado e muitas d\u00favidas, tamb\u00e9m, pois fizeram muitas perguntas ao palestrante\u201d.<\/p>\n<p>O dia especial foi encerrado em clima de confraterniza\u00e7\u00e3o, com um caf\u00e9 da manh\u00e3 apoiado pelo com\u00e9rcio local que ofereceu brindes aos participantes. Ap\u00f3s o t\u00e9rmino a atividade foi elogiada por todos, mostrando que a estrat\u00e9gia deu certo, e todos puderam sair um pouco mais conscientes sobre a necessidade de se manter os cuidados e realizar os exames necess\u00e1rios para evitar a doen\u00e7a que j\u00e1 \u00e9 considera pelo Instituto Nacional de C\u00e2ncer\u00a0 (Inca) como um problema de sa\u00fade p\u00fablica, \u201cespecialmente entre os pa\u00edses em desenvolvimento, onde \u00e9 esperado que, nas pr\u00f3ximas d\u00e9cadas, o impacto do c\u00e2ncer na popula\u00e7\u00e3o corresponda a 80% dos mais de 20 milh\u00f5es de casos novos estimados para 2025.\u201d<\/p>\n<h6 style=\"text-align: right;\"><strong><em>Texto: Wania Ressutti<\/em><\/strong><br \/>\n<strong><em>Jornalista \u2013 SRTE\/DRT\/RO-959<\/em><\/strong><br \/>\n<strong><em>Fotos: Esloc Urup\u00e1<\/em><\/strong><br \/>\n<strong><em>EMATER-RO<\/em><\/strong><\/h6>\n","protected":false},"excerpt":{"rendered":"<p>O preconceito da categoria masculina em realizar exames m\u00e9dicos preventivos ao c\u00e2ncer de pr\u00f3stata continua sendo o principal obst\u00e1culo para o controle da doen\u00e7a no pa\u00eds. Dados estat\u00edsticos apontam que, [&hellip;]<\/p>\n","protected":false},"author":9,"featured_media":4116,"comment_status":"closed","ping_status":"closed","sticky":false,"template":"","format":"standard","meta":[],"categories":[10,9,12],"tags":[],"_links":{"self":[{"href":"http:\/\/www.emater.ro.gov.br\/ematerro\/wp-json\/wp\/v2\/posts\/4109"}],"collection":[{"href":"http:\/\/www.emater.ro.gov.br\/ematerro\/wp-json\/wp\/v2\/posts"}],"about":[{"href":"http:\/\/www.emater.ro.gov.br\/ematerro\/wp-json\/wp\/v2\/types\/post"}],"author":[{"embeddable":true,"href":"http:\/\/www.emater.ro.gov.br\/ematerro\/wp-json\/wp\/v2\/users\/9"}],"replies":[{"embeddable":true,"href":"http:\/\/www.emater.ro.gov.br\/ematerro\/wp-json\/wp\/v2\/comments?post=4109"}],"version-history":[{"count":5,"href":"http:\/\/www.emater.ro.gov.br\/ematerro\/wp-json\/wp\/v2\/posts\/4109\/revisions"}],"predecessor-version":[{"id":4118,"href":"http:\/\/www.emater.ro.gov.br\/ematerro\/wp-json\/wp\/v2\/posts\/4109\/revisions\/4118"}],"wp:featuredmedia":[{"embeddable":true,"href":"http:\/\/www.emater.ro.gov.br\/ematerro\/wp-json\/wp\/v2\/media\/4116"}],"wp:attachment":[{"href":"http:\/\/www.emater.ro.gov.br\/ematerro\/wp-json\/wp\/v2\/media?parent=4109"}],"wp:term":[{"taxonomy":"category","embeddable":true,"href":"http:\/\/www.emater.ro.gov.br\/ematerro\/wp-json\/wp\/v2\/categories?post=4109"},{"taxonomy":"post_tag","embeddable":true,"href":"http:\/\/www.emater.ro.gov.br\/ematerro\/wp-json\/wp\/v2\/tags?post=4109"}],"curies":[{"name":"wp","href":"https:\/\/api.w.org\/{rel}","templated":true}]}}