{"id":3986,"date":"2017-10-26T12:32:13","date_gmt":"2017-10-26T16:32:13","guid":{"rendered":"http:\/\/www.emater.ro.gov.br\/ematerro\/?p=3986"},"modified":"2017-10-27T10:35:43","modified_gmt":"2017-10-27T14:35:43","slug":"rondonia-e-exemplo-para-cafeicultores-na-sic2017","status":"publish","type":"post","link":"http:\/\/www.emater.ro.gov.br\/ematerro\/2017\/10\/26\/rondonia-e-exemplo-para-cafeicultores-na-sic2017\/","title":{"rendered":"Rond\u00f4nia \u00e9 exemplo para cafeicultores na Semana Internacional do Caf\u00e9\/2017"},"content":{"rendered":"<p>O caf\u00e9 de Rond\u00f4nia est\u00e1 fazendo muito sucesso na 5\u00aa Semana Internacional do Caf\u00e9. O estande \u00e9 um dos mais movimentados e a t\u00e9cnica utilizada pelos produtores rondonienses tem causado admira\u00e7\u00e3o por parte dos visitantes. Para o presidente da C\u00e2mara Setorial do Caf\u00e9, Rond\u00f4nia \u00e9 um exemplo para a Feira, que est\u00e1 sendo realizada em Belo Horizonte &#8211; MG.<\/p>\n<figure id=\"attachment_3989\" aria-describedby=\"caption-attachment-3989\" style=\"width: 1000px\" class=\"wp-caption aligncenter\"><img decoding=\"async\" loading=\"lazy\" class=\"size-full wp-image-3989\" src=\"http:\/\/www.emater.ro.gov.br\/ematerro\/wp-content\/uploads\/2017\/10\/Rondonia-e-exemplo-para-cafeicultores-na-SIC_2017_002-Foto-Emater-RO.jpg\" alt=\"Os caf\u00e9s de Rond\u00f4nia est\u00e3o selecionados entre os dez melhores conilon.\" width=\"1000\" height=\"650\" srcset=\"http:\/\/www.emater.ro.gov.br\/ematerro\/wp-content\/uploads\/2017\/10\/Rondonia-e-exemplo-para-cafeicultores-na-SIC_2017_002-Foto-Emater-RO.jpg 1000w, http:\/\/www.emater.ro.gov.br\/ematerro\/wp-content\/uploads\/2017\/10\/Rondonia-e-exemplo-para-cafeicultores-na-SIC_2017_002-Foto-Emater-RO-300x195.jpg 300w, http:\/\/www.emater.ro.gov.br\/ematerro\/wp-content\/uploads\/2017\/10\/Rondonia-e-exemplo-para-cafeicultores-na-SIC_2017_002-Foto-Emater-RO-768x499.jpg 768w\" sizes=\"(max-width: 1000px) 100vw, 1000px\" \/><figcaption id=\"caption-attachment-3989\" class=\"wp-caption-text\">Os caf\u00e9s de Rond\u00f4nia est\u00e3o selecionados entre os dez melhores conilon.<\/figcaption><\/figure>\n<p>A participa\u00e7\u00e3o dos cafeicultores rondonienses na Semana Internacional do Caf\u00e9, realizada de 25 a 27 de outubro, na capital mineira tem sido uma experi\u00eancia sem tamanho. Para o campe\u00e3o de sustentabilidade do concurso de caf\u00e9 Concaf\u00e9 2017, realizado no estado, Ronaldo Pinto da Silva, \u00e9 uma honra participar desse evento. \u201cPrivil\u00e9gio grande para mim e para os demais que aqui est\u00e3o\u201d, diz ele, enfatizando que o evento \u00e9 de grande import\u00e2ncia para os cafeicultores de Rond\u00f4nia.<\/p>\n<p>Ronaldo, que tem sua lavoura na Linha 10, Gleba 10, do munic\u00edpio de Cacoal, conta que vai levar muita experi\u00eancia do contato que fez com os cafeicultores de outros estados, tanto produtores de ar\u00e1bica, quanto de conilon. \u201cTodos que foram na nossa tenda para provar o nosso caf\u00e9 gostaram demais e ficaram admirados como produzimos esse caf\u00e9 em Rond\u00f4nia. N\u00f3s passamos alguns m\u00e9todos para ele e eles ficaram abismados com a qualidade do nosso caf\u00e9.\u201d<\/p>\n<figure id=\"attachment_3990\" aria-describedby=\"caption-attachment-3990\" style=\"width: 400px\" class=\"wp-caption alignright\"><img decoding=\"async\" loading=\"lazy\" class=\"wp-image-3990\" src=\"http:\/\/www.emater.ro.gov.br\/ematerro\/wp-content\/uploads\/2017\/10\/Rondonia-e-exemplo-para-cafeicultores-na-SIC_2017_003-Foto-Emater-RO-300x195.jpg\" alt=\"O estande de Rond\u00f4nia \u00e9 um dos estandes mais visitados do evento.\" width=\"400\" height=\"260\" srcset=\"http:\/\/www.emater.ro.gov.br\/ematerro\/wp-content\/uploads\/2017\/10\/Rondonia-e-exemplo-para-cafeicultores-na-SIC_2017_003-Foto-Emater-RO-300x195.jpg 300w, http:\/\/www.emater.ro.gov.br\/ematerro\/wp-content\/uploads\/2017\/10\/Rondonia-e-exemplo-para-cafeicultores-na-SIC_2017_003-Foto-Emater-RO-768x499.jpg 768w, http:\/\/www.emater.ro.gov.br\/ematerro\/wp-content\/uploads\/2017\/10\/Rondonia-e-exemplo-para-cafeicultores-na-SIC_2017_003-Foto-Emater-RO.jpg 1000w\" sizes=\"(max-width: 400px) 100vw, 400px\" \/><figcaption id=\"caption-attachment-3990\" class=\"wp-caption-text\">O estande de Rond\u00f4nia \u00e9 um dos estandes mais visitados do evento.<\/figcaption><\/figure>\n<p>O presidente da C\u00e2mara Setorial do Caf\u00e9 do Estado de Rond\u00f4nia Ezequiel Dias da Silva, o Tuta &#8211; da Tuta Caf\u00e9 &#8211; diz que o caf\u00e9 de Rond\u00f4nia a est\u00e1 tendo um reconhecimento muito grande do p\u00fablico, dos produtores que visitam a tenda, e isso \u00e9 muito importante para o estado e para os produtores de Rond\u00f4nia.<\/p>\n<p>Para Tuta a experi\u00eancia que o produtor adquire um evento como esse n\u00e3o tem compara\u00e7\u00e3o, mas a experi\u00eancia que Rond\u00f4nia leva tamb\u00e9m n\u00e3o fica atr\u00e1s. \u201cA gente fica admirado com o que est\u00e1 acontecendo aqui. Rond\u00f4nia hoje, se analisarmos direitinho, est\u00e1 \u00e0 frente. A gente est\u00e1 andando na frente dos outros estados que est\u00e3o a\u00ed h\u00e1 100 anos produzindo caf\u00e9. Ent\u00e3o, Rond\u00f4nia \u00e9 hoje um exemplo, inclusive para esta Feira.\u201d, anima-se o presidente.<\/p>\n<p>Na tarde desta quinta-feira, os caf\u00e9s selecionados entre os dez melhores conilon passam por degusta\u00e7\u00e3o e podem levar o t\u00edtulo de \u201cThe coffee of the year 2017\u201d.<\/p>\n<h6 style=\"text-align: right;\"><strong><em>Wania Ressutti<\/em><\/strong><br \/>\n<strong><em>Jornalista \u2013 SRTE\/DRT\/RO-959<\/em><\/strong><br \/>\n<strong><em>EMATER-RO<\/em><\/strong><\/h6>\n","protected":false},"excerpt":{"rendered":"<p>O caf\u00e9 de Rond\u00f4nia est\u00e1 fazendo muito sucesso na 5\u00aa Semana Internacional do Caf\u00e9. O estande \u00e9 um dos mais movimentados e a t\u00e9cnica utilizada pelos produtores rondonienses tem causado [&hellip;]<\/p>\n","protected":false},"author":9,"featured_media":3988,"comment_status":"closed","ping_status":"closed","sticky":false,"template":"","format":"standard","meta":[],"categories":[10,9,12],"tags":[48,65,155,52,287],"_links":{"self":[{"href":"http:\/\/www.emater.ro.gov.br\/ematerro\/wp-json\/wp\/v2\/posts\/3986"}],"collection":[{"href":"http:\/\/www.emater.ro.gov.br\/ematerro\/wp-json\/wp\/v2\/posts"}],"about":[{"href":"http:\/\/www.emater.ro.gov.br\/ematerro\/wp-json\/wp\/v2\/types\/post"}],"author":[{"embeddable":true,"href":"http:\/\/www.emater.ro.gov.br\/ematerro\/wp-json\/wp\/v2\/users\/9"}],"replies":[{"embeddable":true,"href":"http:\/\/www.emater.ro.gov.br\/ematerro\/wp-json\/wp\/v2\/comments?post=3986"}],"version-history":[{"count":6,"href":"http:\/\/www.emater.ro.gov.br\/ematerro\/wp-json\/wp\/v2\/posts\/3986\/revisions"}],"predecessor-version":[{"id":3996,"href":"http:\/\/www.emater.ro.gov.br\/ematerro\/wp-json\/wp\/v2\/posts\/3986\/revisions\/3996"}],"wp:featuredmedia":[{"embeddable":true,"href":"http:\/\/www.emater.ro.gov.br\/ematerro\/wp-json\/wp\/v2\/media\/3988"}],"wp:attachment":[{"href":"http:\/\/www.emater.ro.gov.br\/ematerro\/wp-json\/wp\/v2\/media?parent=3986"}],"wp:term":[{"taxonomy":"category","embeddable":true,"href":"http:\/\/www.emater.ro.gov.br\/ematerro\/wp-json\/wp\/v2\/categories?post=3986"},{"taxonomy":"post_tag","embeddable":true,"href":"http:\/\/www.emater.ro.gov.br\/ematerro\/wp-json\/wp\/v2\/tags?post=3986"}],"curies":[{"name":"wp","href":"https:\/\/api.w.org\/{rel}","templated":true}]}}