{"id":3931,"date":"2017-10-17T12:27:39","date_gmt":"2017-10-17T16:27:39","guid":{"rendered":"http:\/\/www.emater.ro.gov.br\/ematerro\/?p=3931"},"modified":"2017-10-17T12:27:39","modified_gmt":"2017-10-17T16:27:39","slug":"anater-inicia-capacitacao-de-tecnicos-para-fortalecimento-da-nova-ater","status":"publish","type":"post","link":"http:\/\/www.emater.ro.gov.br\/ematerro\/2017\/10\/17\/anater-inicia-capacitacao-de-tecnicos-para-fortalecimento-da-nova-ater\/","title":{"rendered":"Anater inicia capacita\u00e7\u00e3o de t\u00e9cnicos para fortalecimento da Nova Ater"},"content":{"rendered":"<p>Desde segunda-feira (16), representantes da Ag\u00eancia Nacional de Assist\u00eancia T\u00e9cnica e Extens\u00e3o Rural (Anater) est\u00e3o reunidos com t\u00e9cnicos da Emater-RO para discutir a elabora\u00e7\u00e3o do plano de trabalho de um Projeto Piloto para presta\u00e7\u00e3o de assist\u00eancia t\u00e9cnica e extens\u00e3o rural (Ater) a agricultores familiares. Esse Projeto ser\u00e1 implantado em oito estados, al\u00e9m do Distrito Federal capacitando 1200 extensionistas para atendimento \u00e0 10 mil fam\u00edlias de agricultores. Em Rond\u00f4nia ser\u00e3o atendidas 500 fam\u00edlias em dez munic\u00edpios do estado, com foco no acesso a pol\u00edticas p\u00fablicas de cidadania, e de gera\u00e7\u00e3o e transfer\u00eancia de renda no meio rural.<\/p>\n<figure id=\"attachment_3933\" aria-describedby=\"caption-attachment-3933\" style=\"width: 1000px\" class=\"wp-caption aligncenter\"><img decoding=\"async\" loading=\"lazy\" class=\"size-full wp-image-3933\" src=\"http:\/\/www.emater.ro.gov.br\/ematerro\/wp-content\/uploads\/2017\/10\/Anater-inicia-capacitacao-de-tecnicos-para-fortalecimento-da-Nova-Ater_004-foto-IRENE-MENDES.jpg\" alt=\"O Projeto Piloto visa qualificar as a\u00e7\u00f5es de Ater.\" width=\"1000\" height=\"650\" srcset=\"http:\/\/www.emater.ro.gov.br\/ematerro\/wp-content\/uploads\/2017\/10\/Anater-inicia-capacitacao-de-tecnicos-para-fortalecimento-da-Nova-Ater_004-foto-IRENE-MENDES.jpg 1000w, http:\/\/www.emater.ro.gov.br\/ematerro\/wp-content\/uploads\/2017\/10\/Anater-inicia-capacitacao-de-tecnicos-para-fortalecimento-da-Nova-Ater_004-foto-IRENE-MENDES-300x195.jpg 300w, http:\/\/www.emater.ro.gov.br\/ematerro\/wp-content\/uploads\/2017\/10\/Anater-inicia-capacitacao-de-tecnicos-para-fortalecimento-da-Nova-Ater_004-foto-IRENE-MENDES-768x499.jpg 768w\" sizes=\"(max-width: 1000px) 100vw, 1000px\" \/><figcaption id=\"caption-attachment-3933\" class=\"wp-caption-text\">O Projeto Piloto visa qualificar as a\u00e7\u00f5es de Ater.<\/figcaption><\/figure>\n<p>O Projeto Piloto \u00e9 o primeiro termo de parceria de instrumentos de trabalho assinado entre a Anater e as Empresas de Assist\u00eancia T\u00e9cnica e Extens\u00e3o Rural (Emateres) do pa\u00eds e marca uma nova fase para os servi\u00e7os de Ater. Sua miss\u00e3o ser\u00e1 apoiar custeios para amplia\u00e7\u00e3o e qualifica\u00e7\u00e3o da assist\u00eancia t\u00e9cnica qualificada e com maior abrang\u00eancia destinada aos agricultores familiares do Brasil.<\/p>\n<p>A capacita\u00e7\u00e3o est\u00e1 sendo ministrada pelos instrutores da Anater Alexandre da Silva Santos e Fernanda Savik em Porto Velho, para dez extensionistas com forma\u00e7\u00e3o multidisciplinar dos munic\u00edpios que ser\u00e3o beneficiados com o projeto. O que se pretende n\u00e3o \u00e9 somente que eles levem, mas tamb\u00e9m que acompanhem o desenvolvimento das fam\u00edlias beneficiadas, oferecendo uma Ater de mais qualidade e uma vis\u00e3o de desenvolvimento comunit\u00e1rio.<\/p>\n<p>As atividades de Ater desenvolvidas com cada fam\u00edlia beneficiada dever\u00e3o ser registradas em um sistema de gest\u00e3o de informa\u00e7\u00e3o criado pela Anater, para acompanhamento da evolu\u00e7\u00e3o do projeto. Tanto os t\u00e9cnicos, como a diretoria da entidade e a Ag\u00eancia ter\u00e3o acesso ao sistema e poder\u00e3o acompanhar cada fase.<\/p>\n<figure id=\"attachment_3934\" aria-describedby=\"caption-attachment-3934\" style=\"width: 400px\" class=\"wp-caption alignright\"><img decoding=\"async\" loading=\"lazy\" class=\"wp-image-3934\" src=\"http:\/\/www.emater.ro.gov.br\/ematerro\/wp-content\/uploads\/2017\/10\/Anater-inicia-capacitacao-de-tecnicos-para-fortalecimento-da-Nova-Ater_006-foto-IRENE-MENDES.jpg\" alt=\"O primeiro passo \u00e9 a realiza\u00e7\u00e3o de oficinas.\" width=\"400\" height=\"260\" srcset=\"http:\/\/www.emater.ro.gov.br\/ematerro\/wp-content\/uploads\/2017\/10\/Anater-inicia-capacitacao-de-tecnicos-para-fortalecimento-da-Nova-Ater_006-foto-IRENE-MENDES.jpg 1000w, http:\/\/www.emater.ro.gov.br\/ematerro\/wp-content\/uploads\/2017\/10\/Anater-inicia-capacitacao-de-tecnicos-para-fortalecimento-da-Nova-Ater_006-foto-IRENE-MENDES-300x195.jpg 300w, http:\/\/www.emater.ro.gov.br\/ematerro\/wp-content\/uploads\/2017\/10\/Anater-inicia-capacitacao-de-tecnicos-para-fortalecimento-da-Nova-Ater_006-foto-IRENE-MENDES-768x499.jpg 768w\" sizes=\"(max-width: 400px) 100vw, 400px\" \/><figcaption id=\"caption-attachment-3934\" class=\"wp-caption-text\">O primeiro passo \u00e9 a realiza\u00e7\u00e3o de oficinas.<\/figcaption><\/figure>\n<p>Segundo o gerente de gest\u00e3o de Ater e forma\u00e7\u00e3o da Anater, Vilmar Matter, o diferencial est\u00e1 em n\u00e3o s\u00f3 avaliar o esfor\u00e7o realizado com as metodologias cotidianas (reuni\u00f5es, visitas t\u00e9cnicas, etc.), mas tamb\u00e9m com indicadores de resultados.\u00a0 \u201cA proposta \u00e9 avaliar a vis\u00e3o da Nova Ater nos pr\u00f3ximos 12 anos\u201d.<\/p>\n<p>O coordenador das oficinas para implementa\u00e7\u00e3o do projeto Piloto da Anater em Rond\u00f4nia, Marcos Ant\u00f4nio Ribeiro Machado explica que em Rond\u00f4nia est\u00e3o sendo selecionadas 500 fam\u00edlias em dez munic\u00edpios do Estado. Essas fam\u00edlias receber\u00e3o aten\u00e7\u00e3o exclusiva do t\u00e9cnico respons\u00e1vel para presta\u00e7\u00e3o de servi\u00e7os de Ater de qualidade. \u201cCada t\u00e9cnico atuar\u00e1 com 50 fam\u00edlias e acompanhar\u00e1 as atividades em todas as fases do processo de desenvolvimento, priorizando a qualidade do atendimento prestado\u201d.<\/p>\n<p>Al\u00e9m de Rond\u00f4nia esse projeto tamb\u00e9m ser\u00e1 implantado nos estados de Goi\u00e1s, Mato Grosso, Minas Gerais, Par\u00e1, Paran\u00e1, Rio Grande do Sul e S\u00e3o Paulo, al\u00e9m do Distrito Federal no per\u00edodo de 2017 at\u00e9 o t\u00e9rmino do contrato, em 2020.<\/p>\n<p><strong>NOVA ATER<\/strong><br \/>\nInstitu\u00edda com o Pacto nacional de fortalecimento da assist\u00eancia t\u00e9cnica e extens\u00e3o rural, por ades\u00e3o entre Uni\u00e3o, estados e distrito federal, a Nova Ater busca a excel\u00eancia em servi\u00e7os de Ater promovendo a amplia\u00e7\u00e3o e qualifica\u00e7\u00e3o no atendimento ao benefici\u00e1rio com uma vis\u00e3o comunit\u00e1ria, configurando-se um marco hist\u00f3rico no meio rural. Trata-se de um novo formato de parceria entre a Uni\u00e3o e os Estados que traz uma nova perspectiva de assist\u00eancia ao agricultor familiar e ao pequeno produtor rural.<\/p>\n<figure id=\"attachment_3935\" aria-describedby=\"caption-attachment-3935\" style=\"width: 400px\" class=\"wp-caption alignleft\"><img decoding=\"async\" loading=\"lazy\" class=\"wp-image-3935\" src=\"http:\/\/www.emater.ro.gov.br\/ematerro\/wp-content\/uploads\/2017\/10\/Anater-inicia-capacitacao-de-tecnicos-para-fortalecimento-da-Nova-Ater_007-foto-IRENE-MENDES.jpg\" alt=\"Garantira de assist\u00eancia para as fam\u00edlias rurais at\u00e9 abril de 2020.\" width=\"400\" height=\"260\" srcset=\"http:\/\/www.emater.ro.gov.br\/ematerro\/wp-content\/uploads\/2017\/10\/Anater-inicia-capacitacao-de-tecnicos-para-fortalecimento-da-Nova-Ater_007-foto-IRENE-MENDES.jpg 1000w, http:\/\/www.emater.ro.gov.br\/ematerro\/wp-content\/uploads\/2017\/10\/Anater-inicia-capacitacao-de-tecnicos-para-fortalecimento-da-Nova-Ater_007-foto-IRENE-MENDES-300x195.jpg 300w, http:\/\/www.emater.ro.gov.br\/ematerro\/wp-content\/uploads\/2017\/10\/Anater-inicia-capacitacao-de-tecnicos-para-fortalecimento-da-Nova-Ater_007-foto-IRENE-MENDES-768x499.jpg 768w\" sizes=\"(max-width: 400px) 100vw, 400px\" \/><figcaption id=\"caption-attachment-3935\" class=\"wp-caption-text\">Garantira de assist\u00eancia para as fam\u00edlias rurais at\u00e9 abril de 2020.<\/figcaption><\/figure>\n<p>Atrav\u00e9s do Projeto Piloto a Anater, em parceria com as emateres, visa qualificar as a\u00e7\u00f5es de Ater e contribuir para melhoria da qualidade de vida das fam\u00edlias rurais assistidas, viabilizando o acesso \u00e0 cidadania e \u00e0s pol\u00edticas p\u00fablicas de desenvolvimento rural como: o Programa de Aquisi\u00e7\u00e3o de Alimentos (PAA), Programa Nacional de Alimenta\u00e7\u00e3o Escolar (PNAE), Programa Nacional de Habita\u00e7\u00e3o Rural (PNHR), cr\u00e9dito rural, educa\u00e7\u00e3o e sa\u00fade entre outras.<\/p>\n<p>O primeiro passo \u00e9 a realiza\u00e7\u00e3o de oficinas nas nove localidades definidas pelo Projeto onde se prop\u00f5e uma reflex\u00e3o dessa Nova Ater e a elabora\u00e7\u00e3o de um planejamento das a\u00e7\u00f5es em conjunto com os participantes. At\u00e9 o momento j\u00e1 foram realizadas tr\u00eas oficinas: no Rio Grande do Sul, em Alagoas e em Goi\u00e1s. \u201cEsta semana est\u00e3o sendo realizadas oficinas simult\u00e2neas nos estados de Rond\u00f4nia, Piau\u00ed e Par\u00e1, a receptividade dos extensionistas tem sido muito boa e a expectativa \u00e9 grande\u201d, salienta Vilmar Matter, da Anater.<\/p>\n<p>Ainda segundo o gerente de Ater e forma\u00e7\u00e3o da Anater, o pr\u00f3ximo passo ser\u00e1 trazer os conselhos estaduais e municipais de desenvolvimento rural para atuarem como controladores sociais, fortalecendo ainda mais a proposta de desenvolvimento comunit\u00e1rio que se busca com a Nova Ater.<\/p>\n<p>Para qualificar os extensionistas das Emateres de cada estado e garantir assist\u00eancia para as fam\u00edlias rurais at\u00e9 abril de 2020, est\u00e3o sendo investidos recursos na ordem de R$50 milh\u00f5es. A expectativa \u00e9 que os projetos pilotos implantados em cada estado possam fornecer os ingredientes para que tenhamos mais clareza para planejar o trabalho de extens\u00e3o dentro da proposta da Nova Ater e mostrar como a Ater pode melhorar a vida das pessoas.<\/p>\n<h6 style=\"text-align: right;\">\n<strong><em>Wania Ressutti<\/em><\/strong><br \/>\n<strong><em>Jornalista \u2013 SRTE\/DRT\/RO-959<\/em><\/strong><br \/>\n<strong><em>Fotos: Irene Mendes<\/em><\/strong><br \/>\n<strong><em>Rep\u00f3rter fotogr\u00e1fica \u2013 SRTE\/DRT\/RO-368<\/em><\/strong><br \/>\n<strong><em>EMATER-RO<\/em><\/strong><\/h6>\n","protected":false},"excerpt":{"rendered":"<p>Desde segunda-feira (16), representantes da Ag\u00eancia Nacional de Assist\u00eancia T\u00e9cnica e Extens\u00e3o Rural (Anater) est\u00e3o reunidos com t\u00e9cnicos da Emater-RO para discutir a elabora\u00e7\u00e3o do plano de trabalho de um [&hellip;]<\/p>\n","protected":false},"author":9,"featured_media":3932,"comment_status":"closed","ping_status":"closed","sticky":false,"template":"","format":"standard","meta":[],"categories":[10,9,12],"tags":[222,133,284],"_links":{"self":[{"href":"http:\/\/www.emater.ro.gov.br\/ematerro\/wp-json\/wp\/v2\/posts\/3931"}],"collection":[{"href":"http:\/\/www.emater.ro.gov.br\/ematerro\/wp-json\/wp\/v2\/posts"}],"about":[{"href":"http:\/\/www.emater.ro.gov.br\/ematerro\/wp-json\/wp\/v2\/types\/post"}],"author":[{"embeddable":true,"href":"http:\/\/www.emater.ro.gov.br\/ematerro\/wp-json\/wp\/v2\/users\/9"}],"replies":[{"embeddable":true,"href":"http:\/\/www.emater.ro.gov.br\/ematerro\/wp-json\/wp\/v2\/comments?post=3931"}],"version-history":[{"count":2,"href":"http:\/\/www.emater.ro.gov.br\/ematerro\/wp-json\/wp\/v2\/posts\/3931\/revisions"}],"predecessor-version":[{"id":3937,"href":"http:\/\/www.emater.ro.gov.br\/ematerro\/wp-json\/wp\/v2\/posts\/3931\/revisions\/3937"}],"wp:featuredmedia":[{"embeddable":true,"href":"http:\/\/www.emater.ro.gov.br\/ematerro\/wp-json\/wp\/v2\/media\/3932"}],"wp:attachment":[{"href":"http:\/\/www.emater.ro.gov.br\/ematerro\/wp-json\/wp\/v2\/media?parent=3931"}],"wp:term":[{"taxonomy":"category","embeddable":true,"href":"http:\/\/www.emater.ro.gov.br\/ematerro\/wp-json\/wp\/v2\/categories?post=3931"},{"taxonomy":"post_tag","embeddable":true,"href":"http:\/\/www.emater.ro.gov.br\/ematerro\/wp-json\/wp\/v2\/tags?post=3931"}],"curies":[{"name":"wp","href":"https:\/\/api.w.org\/{rel}","templated":true}]}}