{"id":3916,"date":"2017-10-16T10:29:32","date_gmt":"2017-10-16T14:29:32","guid":{"rendered":"http:\/\/www.emater.ro.gov.br\/ematerro\/?p=3916"},"modified":"2017-10-18T08:00:10","modified_gmt":"2017-10-18T12:00:10","slug":"parceria-viabiliza-utilizacao-de-fertilizacao-in-vitro-em-bovinos-da-regiao-cone-sul-do-estado","status":"publish","type":"post","link":"http:\/\/www.emater.ro.gov.br\/ematerro\/2017\/10\/16\/parceria-viabiliza-utilizacao-de-fertilizacao-in-vitro-em-bovinos-da-regiao-cone-sul-do-estado\/","title":{"rendered":"Parceria viabiliza utiliza\u00e7\u00e3o de fertiliza\u00e7\u00e3o in vitro em bovinos da regi\u00e3o Cone Sul do estado"},"content":{"rendered":"<p>O lan\u00e7amento do Programa Fertiliza\u00e7\u00e3o <em>in vitro<\/em> (FIV) realizado no \u00faltimo dia 4 em Colorado do Oeste traz novas perspectivas para a reprodu\u00e7\u00e3o de gado leiteiro. O contrato de parceria para uso da t\u00e9cnica foi assinado entre o governo estadual, por meio da Emater-RO, e a empresa Rondo Embryo Tecnologia na Pecu\u00e1ria. Atrav\u00e9s da t\u00e9cnica de fertiliza\u00e7\u00e3o <em>in vitro<\/em> o melhoramento gen\u00e9tico do rebanho poder\u00e1 ser encurtado em pelo menos tr\u00eas gera\u00e7\u00f5es.<\/p>\n<figure id=\"attachment_3921\" aria-describedby=\"caption-attachment-3921\" style=\"width: 1000px\" class=\"wp-caption aligncenter\"><img decoding=\"async\" loading=\"lazy\" class=\"size-full wp-image-3921\" src=\"http:\/\/www.emater.ro.gov.br\/ematerro\/wp-content\/uploads\/2017\/10\/fertilizacao-in-vitro-em-bovinos-da-regiao-Cone-Sul_003-foto-EMATER-RO.jpg\" alt=\"\u00c0 Emater-RO caber\u00e1 \u00e0 sele\u00e7\u00e3o dos produtores e o acompanhamento do projeto.\" width=\"1000\" height=\"650\" srcset=\"http:\/\/www.emater.ro.gov.br\/ematerro\/wp-content\/uploads\/2017\/10\/fertilizacao-in-vitro-em-bovinos-da-regiao-Cone-Sul_003-foto-EMATER-RO.jpg 1000w, http:\/\/www.emater.ro.gov.br\/ematerro\/wp-content\/uploads\/2017\/10\/fertilizacao-in-vitro-em-bovinos-da-regiao-Cone-Sul_003-foto-EMATER-RO-300x195.jpg 300w, http:\/\/www.emater.ro.gov.br\/ematerro\/wp-content\/uploads\/2017\/10\/fertilizacao-in-vitro-em-bovinos-da-regiao-Cone-Sul_003-foto-EMATER-RO-768x499.jpg 768w\" sizes=\"(max-width: 1000px) 100vw, 1000px\" \/><figcaption id=\"caption-attachment-3921\" class=\"wp-caption-text\">\u00c0 Emater-RO caber\u00e1 \u00e0 sele\u00e7\u00e3o dos produtores e o acompanhamento do projeto.<\/figcaption><\/figure>\n<p>Nos \u00faltimos anos o governo do estado, por meio da Secretaria de Agricultura (Seagri) e Emater-RO, tem investido em tecnologia visando promover o melhoramento gen\u00e9tico do rebanho leiteiro. O projeto de insemina\u00e7\u00e3o artificial &#8211; a\u00e7\u00e3o estrat\u00e9gica do programa Proleite para eleva\u00e7\u00e3o do padr\u00e3o gen\u00e9tico do rebanho leiteiro do estado com assist\u00eancia t\u00e9cnica aos agricultores familiares, trouxe resultados positivos com aumento da produtividade e melhoria da rentabilidade econ\u00f4mica das propriedades rurais.<\/p>\n<p>Com a utiliza\u00e7\u00e3o da fertiliza\u00e7\u00e3o <em>in vitro<\/em> essa a\u00e7\u00e3o trar\u00e1 resultados ainda mais satisfat\u00f3rios. O contrato assinado na C\u00e2mara Municipal de Colorado do Oeste prev\u00ea a compra, pelo governo estadual, de 500 prenhezes sexadas de f\u00eamea da ra\u00e7a girolando e beneficiar\u00e1 50 produtores de leite que poder\u00e3o optar por animais \u00bd sangue gir\/holand\u00eas, \u00be de sangue ou 5\/8.<\/p>\n<p>Segundo a gerente do escrit\u00f3rio regional da Emater-RO em Colorado do Oeste, Enoelma Nunes, o lan\u00e7amento do programa FIV alcan\u00e7ou repercuss\u00e3o em v\u00e1rias regi\u00f5es do Brasil atrav\u00e9s das associa\u00e7\u00f5es de criadores por ter um diferencial dos demais projetos. \u201cOs recursos s\u00e3o provenientes do governo do estado atrav\u00e9s do Proleite, que est\u00e1 apoiando o projeto que \u00e9 considerado piloto, e \u00e0 Emater-RO caber\u00e1 \u00e0 sele\u00e7\u00e3o dos produtores e o acompanhamento durante todo o processo\u201d, explica a gerente.<\/p>\n<p>A atividade contar\u00e1 ainda com a parceria do Instituto Federal de Rond\u00f4nia (Ifro) campus Colorado do Oeste, a quem caber\u00e1 a capacita\u00e7\u00e3o dos produtores em sala de aula. Ser\u00e3o realizados oito m\u00f3dulos com a carga hor\u00e1ria de 200 horas, em tr\u00eas munic\u00edpios sede: Colorado do Oeste, Cerejeiras e Corumbiara.<\/p>\n<p>O Sistema de Cooperativas de Cr\u00e9dito do Brasil (Sicoob\/Credsul), tamb\u00e9m parceiro do programa, proporcionar\u00e1 a visita dos 50 produtores beneficiados a outros estados onde a produ\u00e7\u00e3o do leite \u00e9 refer\u00eancia em tecnifica\u00e7\u00e3o. \u201cOs produtores ter\u00e3o a oportunidade de conhecer e ver de forma diferenciada o \u2018Neg\u00f3cio Leite\u2019\u201d.<\/p>\n<p><strong>FERTILIZA\u00c7\u00c3O <em>IN VITRO<\/em><\/strong><br \/>\nA Fertiliza\u00e7\u00e3o<em> in vitro<\/em> (FIV) \u00e9 uma t\u00e9cnica utilizada para a acelera\u00e7\u00e3o da produ\u00e7\u00e3o de bovinos geneticamente melhorados. Com o uso dessa t\u00e9cnica uma reprodutora pode produzir centenas de bezerros em menos de um ano e permitir o encurtamento do melhoramento gen\u00e9tico em aproximadamente dez anos (ou tr\u00eas gera\u00e7\u00f5es). A t\u00e9cnica tamb\u00e9m permite evitar o descarte precoce de f\u00eameas privilegiadas que possuem altera\u00e7\u00f5es que impe\u00e7am a reprodu\u00e7\u00e3o de forma natural.<\/p>\n<figure id=\"attachment_3917\" aria-describedby=\"caption-attachment-3917\" style=\"width: 400px\" class=\"wp-caption alignright\"><img decoding=\"async\" loading=\"lazy\" class=\"wp-image-3917\" src=\"http:\/\/www.emater.ro.gov.br\/ematerro\/wp-content\/uploads\/2017\/10\/Bezerras-FIV-Foto-Rondo-Embryo_001.jpg\" alt=\"Melhoramento gen\u00e9tico em tr\u00eas gera\u00e7\u00f5es.\" width=\"400\" height=\"260\" \/><figcaption id=\"caption-attachment-3917\" class=\"wp-caption-text\">Bezerras FIV: melhoramento gen\u00e9tico em tr\u00eas gera\u00e7\u00f5es.<\/figcaption><\/figure>\n<p>Segundo Enoelma, Colorado do Oeste conta com aproximadamente 2.500 produtores de leite que produzem em m\u00e9dia 50 litros de leite por propriedade\/dia. \u201cEssa atividade n\u00e3o se sustenta, pois, n\u00e3o remunera satisfatoriamente o produtor rural, estudos demonstram que a atividade passa a ser lucrativa a partir de 250 litros por unidade produtiva\/dia\u201d. Assim, um dos principais objetivos desse programa \u00e9 profissionalizar os 50 produtores beneficiados com as prenhezes com a capacita\u00e7\u00e3o em sala de aula e com as visitas realizadas em outras regi\u00f5es a fim de se atingir uma meta semelhante.<\/p>\n<p>A partir do conhecimento cient\u00edfico e com vis\u00e3o ampla do neg\u00f3cio do Leite, esses produtores ser\u00e3o multiplicadores de t\u00e9cnicas de produ\u00e7\u00e3o de leite. \u201cEsperamos que esse projeto contamine com boas ideias outros produtores, primeiramente do Cone Sul e posteriormente em todo estado\u201d, conjectura a gerente regional da Emater-RO.<\/p>\n<p>Para o zootecnista da Emater-RO Enio Roberto Milani, \u201ceste \u00e9 o maior projeto social na \u00e1rea produtiva no governo Conf\u00facio Moura, pois temos mais de 40.000 produtores de leite no estado de Rond\u00f4nia que tem na atividade leiteira a principal fonte de renda ou renda complementar da propriedade.\u201d<\/p>\n<p>O lan\u00e7amento do Programa Fertiliza\u00e7\u00e3o <em>in vitro<\/em> (FIV) contou com a presen\u00e7a de v\u00e1rias autoridades, entre as quais: o vice-governador Daniel Pereira, deputados estaduais Maur\u00e3o de Carvalho (presidente da Assembleia Legislativa do Estado de Rond\u00f4nia) Luizinho Goebel e Cleyton Roque, prefeitos de Colorado do Oeste Jos\u00e9 Ribamar de Oliveira, prefeito de Cerejeiras Airton Gomes, diretor-presidente da Emater-RO, Francisco Coutinho, vereadores de todos os munic\u00edpios do Cone Sul, al\u00e9m dos presidentes das associa\u00e7\u00f5es comerciais, gerente do Banco da Amaz\u00f4nia, diretora geral do Ifro e diretores do Sicoob entre outros.<\/p>\n<h6 style=\"text-align: right;\"><strong><em>Wania Ressutti<\/em><\/strong><br \/>\n<strong><em>Jornalista \u2013 SRTE\/DRT\/RO-959<\/em><\/strong><br \/>\n<strong><em>Fotos: Esreg Colorado do Oeste e Rondo Embryo<br \/>\nEMATER-RO<\/em><\/strong><\/h6>\n","protected":false},"excerpt":{"rendered":"<p>O lan\u00e7amento do Programa Fertiliza\u00e7\u00e3o in vitro (FIV) realizado no \u00faltimo dia 4 em Colorado do Oeste traz novas perspectivas para a reprodu\u00e7\u00e3o de gado leiteiro. O contrato de parceria [&hellip;]<\/p>\n","protected":false},"author":9,"featured_media":3920,"comment_status":"closed","ping_status":"closed","sticky":false,"template":"","format":"standard","meta":[],"categories":[10,9,12],"tags":[],"_links":{"self":[{"href":"http:\/\/www.emater.ro.gov.br\/ematerro\/wp-json\/wp\/v2\/posts\/3916"}],"collection":[{"href":"http:\/\/www.emater.ro.gov.br\/ematerro\/wp-json\/wp\/v2\/posts"}],"about":[{"href":"http:\/\/www.emater.ro.gov.br\/ematerro\/wp-json\/wp\/v2\/types\/post"}],"author":[{"embeddable":true,"href":"http:\/\/www.emater.ro.gov.br\/ematerro\/wp-json\/wp\/v2\/users\/9"}],"replies":[{"embeddable":true,"href":"http:\/\/www.emater.ro.gov.br\/ematerro\/wp-json\/wp\/v2\/comments?post=3916"}],"version-history":[{"count":4,"href":"http:\/\/www.emater.ro.gov.br\/ematerro\/wp-json\/wp\/v2\/posts\/3916\/revisions"}],"predecessor-version":[{"id":3938,"href":"http:\/\/www.emater.ro.gov.br\/ematerro\/wp-json\/wp\/v2\/posts\/3916\/revisions\/3938"}],"wp:featuredmedia":[{"embeddable":true,"href":"http:\/\/www.emater.ro.gov.br\/ematerro\/wp-json\/wp\/v2\/media\/3920"}],"wp:attachment":[{"href":"http:\/\/www.emater.ro.gov.br\/ematerro\/wp-json\/wp\/v2\/media?parent=3916"}],"wp:term":[{"taxonomy":"category","embeddable":true,"href":"http:\/\/www.emater.ro.gov.br\/ematerro\/wp-json\/wp\/v2\/categories?post=3916"},{"taxonomy":"post_tag","embeddable":true,"href":"http:\/\/www.emater.ro.gov.br\/ematerro\/wp-json\/wp\/v2\/tags?post=3916"}],"curies":[{"name":"wp","href":"https:\/\/api.w.org\/{rel}","templated":true}]}}