{"id":3733,"date":"2017-09-14T11:12:01","date_gmt":"2017-09-14T15:12:01","guid":{"rendered":"http:\/\/www.emater.ro.gov.br\/ematerro\/?p=3733"},"modified":"2017-09-15T08:37:19","modified_gmt":"2017-09-15T12:37:19","slug":"agricultores-de-extrema-recebem-curso-de-producao-agroecologica","status":"publish","type":"post","link":"http:\/\/www.emater.ro.gov.br\/ematerro\/2017\/09\/14\/agricultores-de-extrema-recebem-curso-de-producao-agroecologica\/","title":{"rendered":"Agricultores de Extrema recebem curso de produ\u00e7\u00e3o agroecol\u00f3gica"},"content":{"rendered":"<p>Os agricultores familiares do distrito de Extrema receberam da Emater-Ro no inicio deste m\u00eas de setembro um curso de produ\u00e7\u00e3o agroecol\u00f3gica de hortali\u00e7as, o trabalho dos extensionistas beneficiou 11 fam\u00edlias agricultoras.<\/p>\n<p>O curso foi organizado e ministrado pelo engenheiro agr\u00f4nomo e extensionista rural M\u00e1rio Newmann, que buscou enfatizar para os produtores e jovens rurais participantes do curso os princ\u00edpios fundamentais para uma produ\u00e7\u00e3o sustent\u00e1vel de hortali\u00e7as com destaque para as quest\u00f5es de seguran\u00e7a alimentar e a Gera\u00e7\u00e3o e Diversifica\u00e7\u00e3o de Renda das fam\u00edlias.<\/p>\n<p>O curso tamb\u00e9m enfatizou a seguran\u00e7a da m\u00e3o de obra, que no caso da agricultura familiar \u00e9 quase toda da fam\u00edlia pr\u00f3prio produtor, e cuidados com o meio ambiente. Para fixar estes conceitos foram ministradas aulas te\u00f3ricas e praticas onde os participantes aprenderam a manipular os insumos usados na produ\u00e7\u00e3o.<\/p>\n<p>Com as t\u00e9cnicas aprendidas no curso os produtores est\u00e3o capacitados para ampliar suas hortas utilizando apenas produtos naturais e compostos org\u00e2nicos, preparados com materiais dispon\u00edveis na propriedade, que auxiliam tanto na fertiliza\u00e7\u00e3o do solo quanto na prote\u00e7\u00e3o de plantas contra o ataque de insetos.<\/p>\n<p>Os produtores aprenderam a fazer diversos tipos de compostagem, composto laminar, substrato org\u00e2nico, e biofertilizantes aer\u00f3bicos e anaer\u00f3bicos; al\u00e9m de diversas caldas, defensivos naturais, entre elas a calda bordalesa, calda sufoc\u00e1lcica e outros compostos como o querob\u00e3o e demais solu\u00e7\u00f5es preparadas com plantas como: Nim Indiano, cebola, pimenta, primavera, cravo de defunto, urtiga, cansan\u00e7\u00e3o, timb\u00f3, e tamb\u00e9m outros mat\u00e9rias tipo leite, urina de vaca, entre outros produtos ou res\u00edduos dispon\u00edveis na propriedade, explicou Mario Neumann.<\/p>\n    <style>      #bwg_container1_0 #bwg_container2_0 .bwg_standart_thumbnails_0 * {        -moz-box-sizing: border-box;        box-sizing: border-box;      }      #bwg_container1_0 #bwg_container2_0 .bwg_standart_thumb_spun1_0 {        -moz-box-sizing: content-box;        box-sizing: content-box;        background-color: #FFFFFF;        display: inline-block;        height: 90px;        margin: 4px;        padding: 0px;        opacity: 1.00;        filter: Alpha(opacity=100);        text-align: center;        vertical-align: middle;        transition: all 0.3s ease 0s;-webkit-transition: all 0.3s ease 0s;        width: 180px;        z-index: 100;      }      #bwg_container1_0 #bwg_container2_0 .bwg_standart_thumb_spun1_0:hover {        -ms-transform: scale(1.1);        -webkit-transform: scale(1.1);        backface-visibility: hidden;        -webkit-backface-visibility: hidden;        -moz-backface-visibility: hidden;        -ms-backface-visibility: hidden;        opacity: 1;        filter: Alpha(opacity=100);        transform: scale(1.1);        z-index: 102;        position: relative;      }      #bwg_container1_0 #bwg_container2_0 .bwg_standart_thumb_spun2_0 {        border: 0px none #CCCCCC;        border-radius: 0;        box-shadow: 0px 0px 0px #888888;        display: inline-block;        height: 90px;        overflow: hidden;        width: 180px;      }      #bwg_container1_0 #bwg_container2_0 .bwg_standart_thumbnails_0 {        background-color: rgba(255, 255, 255, 0.00);        display: inline-block;        font-size: 0;        max-width: 960px;        text-align: center;      }      #bwg_container1_0 #bwg_container2_0 .bwg_standart_thumb_0 {        display: inline-block;        text-align: center;      }            #bwg_container1_0 #bwg_container2_0 .bwg_standart_thumb_spun1_0:hover .bwg_title_spun1_0 {        left: 0px;        top: 0px;        opacity: 1;        filter: Alpha(opacity=100);      }      #bwg_container1_0 #bwg_container2_0 .bwg_title_spun2_0 {        color: #CCCCCC;        display: table-cell;        font-family: segoe ui;        font-size: 16px;        font-weight: bold;        height: inherit;        padding: 2px;        text-shadow: 0px 0px 0px #888888;        vertical-align: middle;        width: inherit;        word-wrap: break-word;      }      \/*pagination styles*\/      #bwg_container1_0 #bwg_container2_0 .tablenav-pages_0 {        text-align: center;        font-size: 12px;        font-family: segoe ui;        font-weight: bold;        color: #666666;        margin: 6px 0 4px;        display: block;        height: 30px;        line-height: 30px;      }      @media only screen and (max-width : 320px) {        #bwg_container1_0 #bwg_container2_0 .displaying-num_0 {          display: none;        }      }      #bwg_container1_0 #bwg_container2_0 .displaying-num_0 {        font-size: 12px;        font-family: segoe ui;        font-weight: bold;        color: #666666;        margin-right: 10px;        vertical-align: middle;      }      #bwg_container1_0 #bwg_container2_0 .paging-input_0 {        font-size: 12px;        font-family: segoe ui;        font-weight: bold;        color: #666666;        vertical-align: middle;      }      #bwg_container1_0 #bwg_container2_0 .tablenav-pages_0 a.disabled,      #bwg_container1_0 #bwg_container2_0 .tablenav-pages_0 a.disabled:hover,      #bwg_container1_0 #bwg_container2_0 .tablenav-pages_0 a.disabled:focus {        cursor: default;        color: rgba(102, 102, 102, 0.5);      }      #bwg_container1_0 #bwg_container2_0 .tablenav-pages_0 a {        cursor: pointer;        font-size: 12px;        font-family: segoe ui;        font-weight: bold;        color: #666666;        text-decoration: none;        padding: 3px 6px;        margin: 0;        border-radius: 0;        border-style: solid;        border-width: 1px;        border-color: #E3E3E3;        background-color: #FFFFFF;        opacity: 1.00;        filter: Alpha(opacity=100);        box-shadow: 0;        transition: all 0.3s ease 0s;-webkit-transition: all 0.3s ease 0s;      }      #bwg_container1_0 #bwg_container2_0 .bwg_back_0 {        background-color: rgba(0, 0, 0, 0);        color: #000000 !important;        cursor: pointer;        display: block;        font-family: segoe ui;        font-size: 16px;        font-weight: bold;        text-decoration: none;        padding: 0;      }      #bwg_container1_0 #bwg_container2_0 #spider_popup_overlay_0 {        background-color: #000000;        opacity: 0.70;        filter: Alpha(opacity=70);      }     .bwg_play_icon_spun_0 {        width: inherit;        height: inherit;        display: table;        position: absolute;      }\t      .bwg_play_icon_0 {        color: #CCCCCC;        font-size: 32px;        vertical-align: middle;        display: table-cell !important;        z-index: 1;        text-align: center;        margin: 0 auto;      }    <\/style>    <div id=\"bwg_container1_0\">      <div id=\"bwg_container2_0\">        <form id=\"gal_front_form_0\" method=\"post\" action=\"#\">                    <div class=\"bwg_back_0\"><\/div>          <div style=\"background-color:rgba(0, 0, 0, 0); text-align: center; width:100%; position: relative;\">            <div id=\"ajax_loading_0\" style=\"position:absolute;width: 100%; z-index: 115; text-align: center; height: 100%; vertical-align: middle; display:none;\">              <div style=\"display: table; vertical-align: middle; width: 100%; height: 100%; background-color: #FFFFFF; opacity: 0.7; filter: Alpha(opacity=70);\">                <div style=\"display: table-cell; text-align: center; position: relative; vertical-align: middle;\" >                  <div id=\"loading_div_0\" class=\"bwg_spider_ajax_loading\" style=\"display: inline-block; text-align:center; position:relative; vertical-align:middle; background-image:url(http:\/\/www.emater.ro.gov.br\/ematerro\/wp-content\/plugins\/photo-gallery\/images\/ajax_loader.gif); float: none; width:30px;height:30px;background-size:30px 30px;\">                  <\/div>                <\/div>              <\/div>            <\/div>                        <div id=\"bwg_standart_thumbnails_0\" class=\"bwg_standart_thumbnails_0\">                              <a  class=\"bwg_lightbox_0\" href=\"http:\/\/www.emater.ro.gov.br\/ematerro\/wp-content\/uploads\/photo-gallery\/Extrema-agroecologico4.jpg\" data-image-id=\"720\">                  <span class=\"bwg_standart_thumb_0\">                                        <span class=\"bwg_standart_thumb_spun1_0\">                      <span class=\"bwg_standart_thumb_spun2_0\">                                                <img class=\"bwg_standart_thumb_img_0 bwg_img_clear bwg_img_custom\" style=\"width:180px; height:112.2px; margin-left: 0px; margin-top: -11.1px;\" id=\"720\" src=\"http:\/\/www.emater.ro.gov.br\/ematerro\/wp-content\/uploads\/photo-gallery\/thumb\/Extrema-agroecologico4.jpg\" alt=\"Extrema-agroecologico4\" \/>                      <\/span>                    <\/span>                                      <\/span>                <\/a>                                <a  class=\"bwg_lightbox_0\" href=\"http:\/\/www.emater.ro.gov.br\/ematerro\/wp-content\/uploads\/photo-gallery\/Extrema-agroecologico3.jpg\" data-image-id=\"719\">                  <span class=\"bwg_standart_thumb_0\">                                        <span class=\"bwg_standart_thumb_spun1_0\">                      <span class=\"bwg_standart_thumb_spun2_0\">                                                <img class=\"bwg_standart_thumb_img_0 bwg_img_clear bwg_img_custom\" style=\"width:180px; height:112.2px; margin-left: 0px; margin-top: -11.1px;\" id=\"719\" src=\"http:\/\/www.emater.ro.gov.br\/ematerro\/wp-content\/uploads\/photo-gallery\/thumb\/Extrema-agroecologico3.jpg\" alt=\"Extrema-agroecologico3\" \/>                      <\/span>                    <\/span>                                      <\/span>                <\/a>                                <a  class=\"bwg_lightbox_0\" href=\"http:\/\/www.emater.ro.gov.br\/ematerro\/wp-content\/uploads\/photo-gallery\/Extrema-agroecologico2.jpg\" data-image-id=\"718\">                  <span class=\"bwg_standart_thumb_0\">                                        <span class=\"bwg_standart_thumb_spun1_0\">                      <span class=\"bwg_standart_thumb_spun2_0\">                                                <img class=\"bwg_standart_thumb_img_0 bwg_img_clear bwg_img_custom\" style=\"width:180px; height:112.2px; margin-left: 0px; margin-top: -11.1px;\" id=\"718\" src=\"http:\/\/www.emater.ro.gov.br\/ematerro\/wp-content\/uploads\/photo-gallery\/thumb\/Extrema-agroecologico2.jpg\" alt=\"Extrema-agroecologico2\" \/>                      <\/span>                    <\/span>                                      <\/span>                <\/a>                                <a  class=\"bwg_lightbox_0\" href=\"http:\/\/www.emater.ro.gov.br\/ematerro\/wp-content\/uploads\/photo-gallery\/Extrema-agroecologico1.jpg\" data-image-id=\"717\">                  <span class=\"bwg_standart_thumb_0\">                                        <span class=\"bwg_standart_thumb_spun1_0\">                      <span class=\"bwg_standart_thumb_spun2_0\">                                                <img class=\"bwg_standart_thumb_img_0 bwg_img_clear bwg_img_custom\" style=\"width:180px; height:112.2px; margin-left: 0px; margin-top: -11.1px;\" id=\"717\" src=\"http:\/\/www.emater.ro.gov.br\/ematerro\/wp-content\/uploads\/photo-gallery\/thumb\/Extrema-agroecologico1.jpg\" alt=\"Extrema-agroecologico1\" \/>                      <\/span>                    <\/span>                                      <\/span>                <\/a>                                <a  class=\"bwg_lightbox_0\" href=\"http:\/\/www.emater.ro.gov.br\/ematerro\/wp-content\/uploads\/photo-gallery\/Extrema-agroecologico.jpg\" data-image-id=\"716\">                  <span class=\"bwg_standart_thumb_0\">                                        <span class=\"bwg_standart_thumb_spun1_0\">                      <span class=\"bwg_standart_thumb_spun2_0\">                                                <img class=\"bwg_standart_thumb_img_0 bwg_img_clear bwg_img_custom\" style=\"width:180px; height:112.2px; margin-left: 0px; margin-top: -11.1px;\" id=\"716\" src=\"http:\/\/www.emater.ro.gov.br\/ematerro\/wp-content\/uploads\/photo-gallery\/thumb\/Extrema-agroecologico.jpg\" alt=\"Extrema-agroecologico\" \/>                      <\/span>                    <\/span>                                      <\/span>                <\/a>                            <\/div>                <span class=\"bwg_nav_cont_0\">        <div class=\"tablenav-pages_0\">          <\/div>          <input type=\"hidden\" id=\"page_number_0\" name=\"page_number_0\" value=\"1\" \/>    <script type=\"text\/javascript\">      function spider_page_0(cur, x, y, load_more) {        if (typeof load_more == \"undefined\") {          var load_more = false;        }        if (jQuery(cur).hasClass('disabled')) {          return false;        }        var items_county_0 = 1;        switch (y) {          case 1:            if (x >= items_county_0) {              document.getElementById('page_number_0').value = items_county_0;            }            else {              document.getElementById('page_number_0').value = x + 1;            }            break;          case 2:            document.getElementById('page_number_0').value = items_county_0;            break;          case -1:            if (x == 1) {              document.getElementById('page_number_0').value = 1;            }            else {              document.getElementById('page_number_0').value = x - 1;            }            break;          case -2:            document.getElementById('page_number_0').value = 1;            break;          default:            document.getElementById('page_number_0').value = 1;        }        spider_frontend_ajax('gal_front_form_0', '0', 'bwg_standart_thumbnails_0', '0', '', 'album', 0, '', '', load_more);      }      jQuery('.first-page-0').on('click', function() {        spider_page_0(this, 1, -2);      });      jQuery('.prev-page-0').on('click', function() {        spider_page_0(this, 1, -1);        return false;      });      jQuery('.next-page-0').on('click', function() {        spider_page_0(this, 1, 1);        return false;      });      jQuery('.last-page-0').on('click', function() {        spider_page_0(this, 1, 2);      });      jQuery('.bwg_load_btn_0').on('click', function() {        spider_page_0(this, 1, 1, true);        return false;      });    <\/script>    <\/span>              <\/div>        <\/form>        <div id=\"bwg_spider_popup_loading_0\" class=\"bwg_spider_popup_loading\"><\/div>        <div id=\"spider_popup_overlay_0\" class=\"spider_popup_overlay\" onclick=\"spider_destroypopup(1000)\"><\/div>      <\/div>    <\/div>    <script>            function bwg_gallery_box_0(image_id) {        var filterTags = jQuery(\"#bwg_tags_id_bwg_standart_thumbnails_0\" ).val() ? jQuery(\"#bwg_tags_id_bwg_standart_thumbnails_0\" ).val() : 0;        var filtersearchname = jQuery(\"#bwg_search_input_0\" ).val() ? jQuery(\"#bwg_search_input_0\" ).val() : '';        spider_createpopup('http:\/\/www.emater.ro.gov.br\/ematerro\/wp-admin\/admin-ajax.php?tag_id=0&action=GalleryBox&current_view=0&gallery_id=55&theme_id=1&thumb_width=180&thumb_height=90&open_with_fullscreen=0&open_with_autoplay=0&image_width=800&image_height=500&image_effect=fade&wd_sor=order&wd_ord= asc &enable_image_filmstrip=1&image_filmstrip_height=50&enable_image_ctrl_btn=1&enable_image_fullscreen=1&popup_enable_info=1&popup_info_always_show=0&popup_info_full_width=0&popup_hit_counter=0&popup_enable_rate=0&slideshow_interval=5&enable_comment_social=1&enable_image_facebook=1&enable_image_twitter=1&enable_image_google=1&enable_image_pinterest=0&enable_image_tumblr=0&watermark_type=none&slideshow_effect_duration=1&image_id=' + image_id + \"&filter_tag_0=\" +  filterTags + \"&filter_search_name_0=\" +  filtersearchname, '0', '800', '500', 1, 'testpopup', 5, \"bottom\");      }      function bwg_document_ready_0() {        var bwg_touch_flag = false;        jQuery(\".bwg_lightbox_0\").on(\"click\", function () {          if (!bwg_touch_flag) {            bwg_touch_flag = true;            setTimeout(function(){ bwg_touch_flag = false; }, 100);            bwg_gallery_box_0(jQuery(this).attr(\"data-image-id\"));            return false;          }        });               }      jQuery(document).ready(function () {        bwg_document_ready_0();      });    <\/script>    \n","protected":false},"excerpt":{"rendered":"<p>Os agricultores familiares do distrito de Extrema receberam da Emater-Ro no inicio deste m\u00eas de setembro um curso de produ\u00e7\u00e3o agroecol\u00f3gica de hortali\u00e7as, o trabalho dos extensionistas beneficiou 11 fam\u00edlias [&hellip;]<\/p>\n","protected":false},"author":8,"featured_media":3735,"comment_status":"closed","ping_status":"closed","sticky":false,"template":"","format":"standard","meta":[],"categories":[11],"tags":[],"_links":{"self":[{"href":"http:\/\/www.emater.ro.gov.br\/ematerro\/wp-json\/wp\/v2\/posts\/3733"}],"collection":[{"href":"http:\/\/www.emater.ro.gov.br\/ematerro\/wp-json\/wp\/v2\/posts"}],"about":[{"href":"http:\/\/www.emater.ro.gov.br\/ematerro\/wp-json\/wp\/v2\/types\/post"}],"author":[{"embeddable":true,"href":"http:\/\/www.emater.ro.gov.br\/ematerro\/wp-json\/wp\/v2\/users\/8"}],"replies":[{"embeddable":true,"href":"http:\/\/www.emater.ro.gov.br\/ematerro\/wp-json\/wp\/v2\/comments?post=3733"}],"version-history":[{"count":2,"href":"http:\/\/www.emater.ro.gov.br\/ematerro\/wp-json\/wp\/v2\/posts\/3733\/revisions"}],"predecessor-version":[{"id":3748,"href":"http:\/\/www.emater.ro.gov.br\/ematerro\/wp-json\/wp\/v2\/posts\/3733\/revisions\/3748"}],"wp:featuredmedia":[{"embeddable":true,"href":"http:\/\/www.emater.ro.gov.br\/ematerro\/wp-json\/wp\/v2\/media\/3735"}],"wp:attachment":[{"href":"http:\/\/www.emater.ro.gov.br\/ematerro\/wp-json\/wp\/v2\/media?parent=3733"}],"wp:term":[{"taxonomy":"category","embeddable":true,"href":"http:\/\/www.emater.ro.gov.br\/ematerro\/wp-json\/wp\/v2\/categories?post=3733"},{"taxonomy":"post_tag","embeddable":true,"href":"http:\/\/www.emater.ro.gov.br\/ematerro\/wp-json\/wp\/v2\/tags?post=3733"}],"curies":[{"name":"wp","href":"https:\/\/api.w.org\/{rel}","templated":true}]}}