{"id":3660,"date":"2017-09-11T10:59:09","date_gmt":"2017-09-11T14:59:09","guid":{"rendered":"http:\/\/www.emater.ro.gov.br\/ematerro\/?p=3660"},"modified":"2017-09-11T10:59:09","modified_gmt":"2017-09-11T14:59:09","slug":"dia-especial-incentiva-investimento-em-tecnologia-e-inovacao-em-bovinocultura-leiteira","status":"publish","type":"post","link":"http:\/\/www.emater.ro.gov.br\/ematerro\/2017\/09\/11\/dia-especial-incentiva-investimento-em-tecnologia-e-inovacao-em-bovinocultura-leiteira\/","title":{"rendered":"Dia Especial incentiva investimento em tecnologia e inova\u00e7\u00e3o em bovinocultura leiteira"},"content":{"rendered":"<p>As a\u00e7\u00f5es implementadas pela Emater-RO nas atividades voltadas para a bovinocultura leiteira foram apresentadas durante o Dia Especial realizado na comunidade S\u00e3o Luiz Reis, em Ji-Paran\u00e1. O evento foi realizado no Km 16 da Linha 207, Gleba 33, Lote 61, de propriedade de Erison Soares Ribeiro, considerada refer\u00eancia na diversifica\u00e7\u00e3o e manejo de pastagens. A id\u00e9ia \u00e9 que os resultados alcan\u00e7ados cheguem a outros produtores rurais, incentivando investimento no uso tecnologia e inova\u00e7\u00e3o nas propriedades.<\/p>\n<figure id=\"attachment_3663\" aria-describedby=\"caption-attachment-3663\" style=\"width: 403px\" class=\"wp-caption alignleft\"><img decoding=\"async\" loading=\"lazy\" class=\"wp-image-3663 size-full\" src=\"http:\/\/www.emater.ro.gov.br\/ematerro\/wp-content\/uploads\/2017\/09\/WEB-IMG_20170831_131612.jpg\" alt=\"\u00canfase \u00e0 introdu\u00e7\u00e3o de novas variedades de pastagens.\" width=\"403\" height=\"252\" srcset=\"http:\/\/www.emater.ro.gov.br\/ematerro\/wp-content\/uploads\/2017\/09\/WEB-IMG_20170831_131612.jpg 403w, http:\/\/www.emater.ro.gov.br\/ematerro\/wp-content\/uploads\/2017\/09\/WEB-IMG_20170831_131612-300x188.jpg 300w\" sizes=\"(max-width: 403px) 100vw, 403px\" \/><figcaption id=\"caption-attachment-3663\" class=\"wp-caption-text\">\u00canfase \u00e0 introdu\u00e7\u00e3o de novas variedades de pastagens.<\/figcaption><\/figure>\n<p>O Dia Especial sobre bovinocultura leiteira foi realizado pela equipe da Emater-RO de Ji-Paran\u00e1 em parceria com a Comunidade S\u00e3o Luiz Reis no intuito de orientar os produtores sobre a diversifica\u00e7\u00e3o das pastagens, utiliza\u00e7\u00e3o de pastejo rotacionado convencional e irrigado e o melhoramento gen\u00e9tico atrav\u00e9s da insemina\u00e7\u00e3o artificial, apresentando os resultados obtidos na propriedade do agricultor Erison. Durante as atividades foram dado \u00eanfase \u00e0 introdu\u00e7\u00e3o de novas variedades de pastagens com maiores teores de prote\u00ednas e alternativas de alimenta\u00e7\u00e3o das vacas em lacta\u00e7\u00e3o durante o per\u00edodo de estiagem.<\/p>\n<p>Foram orientadas como alternativa de alimenta\u00e7\u00e3o a utiliza\u00e7\u00e3o da capineira para\u00edso, silagem de milho e cana de a\u00e7\u00facar, fazendo-se suplementa\u00e7\u00e3o com ra\u00e7\u00e3o a base de quirela de milho e n\u00facleo proteinado a fim de atender aos animais com maior produtividade leiteira. \u201cA id\u00e9ia \u00e9 trabalhar em propriedades de produ\u00e7\u00e3o leiteira tecnificada para que estas sejam refer\u00eancia em qualidade e produtividade e assim despertar o interesse de outros agricultores da regi\u00e3o\u201d, explica o extensionista da Emater-RO.<\/p>\n<figure id=\"attachment_3662\" aria-describedby=\"caption-attachment-3662\" style=\"width: 403px\" class=\"wp-caption alignright\"><img decoding=\"async\" loading=\"lazy\" class=\"size-full wp-image-3662\" src=\"http:\/\/www.emater.ro.gov.br\/ematerro\/wp-content\/uploads\/2017\/09\/web-IMG_20170831_122823.jpg\" alt=\"incentivo \u00e0 inova\u00e7\u00f5es e tecnologia.\" width=\"403\" height=\"252\" srcset=\"http:\/\/www.emater.ro.gov.br\/ematerro\/wp-content\/uploads\/2017\/09\/web-IMG_20170831_122823.jpg 403w, http:\/\/www.emater.ro.gov.br\/ematerro\/wp-content\/uploads\/2017\/09\/web-IMG_20170831_122823-300x188.jpg 300w\" sizes=\"(max-width: 403px) 100vw, 403px\" \/><figcaption id=\"caption-attachment-3662\" class=\"wp-caption-text\">incentivo \u00e0 inova\u00e7\u00f5es e tecnologia.<\/figcaption><\/figure>\n<p>Os produtores da comunidade S\u00e3o Luis Reis t\u00eam na pecu\u00e1ria leiteira sua principal fonte de renda, assim foram ministradas palestras contemplando temas como: Melhoramento Gen\u00e9tico em Gado Leiteiro, Irriga\u00e7\u00e3o de Pastagem e Manejo de Pastagem Rotacionado distribu\u00eddas em tr\u00eas esta\u00e7\u00f5es com visitas t\u00e9cnicas. O conhecimento dos resultados no local onde eles foram alcan\u00e7ados contribui para que mais produtores rurais sintam-se incentivados em promover inova\u00e7\u00f5es com utiliza\u00e7\u00e3o de tecnologias adequadas \u00e0s suas propriedades.<\/p>\n<h6 style=\"text-align: right;\"><strong><em>Wania Ressutti<\/em><\/strong><br \/>\n<strong><em>Jornalista \u2013 SRTE\/DRT\/RO-959<\/em><\/strong><br \/>\n<strong><em>Fotos: Esloc Ji-Parana<\/em><\/strong><br \/>\n<strong><em>EMATER-RO<\/em><\/strong><\/h6>\n","protected":false},"excerpt":{"rendered":"<p>As a\u00e7\u00f5es implementadas pela Emater-RO nas atividades voltadas para a bovinocultura leiteira foram apresentadas durante o Dia Especial realizado na comunidade S\u00e3o Luiz Reis, em Ji-Paran\u00e1. O evento foi realizado [&hellip;]<\/p>\n","protected":false},"author":9,"featured_media":3661,"comment_status":"closed","ping_status":"closed","sticky":false,"template":"","format":"standard","meta":[],"categories":[10,9,12],"tags":[],"_links":{"self":[{"href":"http:\/\/www.emater.ro.gov.br\/ematerro\/wp-json\/wp\/v2\/posts\/3660"}],"collection":[{"href":"http:\/\/www.emater.ro.gov.br\/ematerro\/wp-json\/wp\/v2\/posts"}],"about":[{"href":"http:\/\/www.emater.ro.gov.br\/ematerro\/wp-json\/wp\/v2\/types\/post"}],"author":[{"embeddable":true,"href":"http:\/\/www.emater.ro.gov.br\/ematerro\/wp-json\/wp\/v2\/users\/9"}],"replies":[{"embeddable":true,"href":"http:\/\/www.emater.ro.gov.br\/ematerro\/wp-json\/wp\/v2\/comments?post=3660"}],"version-history":[{"count":2,"href":"http:\/\/www.emater.ro.gov.br\/ematerro\/wp-json\/wp\/v2\/posts\/3660\/revisions"}],"predecessor-version":[{"id":3665,"href":"http:\/\/www.emater.ro.gov.br\/ematerro\/wp-json\/wp\/v2\/posts\/3660\/revisions\/3665"}],"wp:featuredmedia":[{"embeddable":true,"href":"http:\/\/www.emater.ro.gov.br\/ematerro\/wp-json\/wp\/v2\/media\/3661"}],"wp:attachment":[{"href":"http:\/\/www.emater.ro.gov.br\/ematerro\/wp-json\/wp\/v2\/media?parent=3660"}],"wp:term":[{"taxonomy":"category","embeddable":true,"href":"http:\/\/www.emater.ro.gov.br\/ematerro\/wp-json\/wp\/v2\/categories?post=3660"},{"taxonomy":"post_tag","embeddable":true,"href":"http:\/\/www.emater.ro.gov.br\/ematerro\/wp-json\/wp\/v2\/tags?post=3660"}],"curies":[{"name":"wp","href":"https:\/\/api.w.org\/{rel}","templated":true}]}}