{"id":3551,"date":"2017-08-22T10:28:33","date_gmt":"2017-08-22T14:28:33","guid":{"rendered":"http:\/\/www.emater.ro.gov.br\/ematerro\/?p=3551"},"modified":"2017-08-22T10:28:33","modified_gmt":"2017-08-22T14:28:33","slug":"concafe-de-rondonia-tem-mais-de-200-cafeicultores-inscritos","status":"publish","type":"post","link":"http:\/\/www.emater.ro.gov.br\/ematerro\/2017\/08\/22\/concafe-de-rondonia-tem-mais-de-200-cafeicultores-inscritos\/","title":{"rendered":"Concaf\u00e9 de Rond\u00f4nia tem mais de 200 cafeicultores inscritos"},"content":{"rendered":"<p>O 2\u00ba Concurso de Qualidade e Sustentabilidade do Caf\u00e9 de Rond\u00f4nia (Concaf\u00e9) promete superar as expectativas de seus organizadores neste ano. Criado no ano passado para mostrar a potencialidade dos cafeicultores no estado, o concurso conta este ano com 231 inscri\u00e7\u00f5es, nas modalidades Qualidade e Sustentabilidade. As inscri\u00e7\u00f5es vieram de cafeicultores de 30 munic\u00edpios rondonienses.<\/p>\n<figure id=\"attachment_3552\" aria-describedby=\"caption-attachment-3552\" style=\"width: 1000px\" class=\"wp-caption aligncenter\"><img decoding=\"async\" loading=\"lazy\" class=\"wp-image-3552 size-full\" src=\"http:\/\/www.emater.ro.gov.br\/ematerro\/wp-content\/uploads\/2017\/08\/Concafe-de-Rondonia-tem-mais-de-200-cafeicultores-inscritos_001-Foto-IRENE-MENDES.jpg\" alt=\"O primeiro concurso, em  2016, apresentou um caf\u00e9 de alt\u00edssima qualidade.\" width=\"1000\" height=\"625\" srcset=\"http:\/\/www.emater.ro.gov.br\/ematerro\/wp-content\/uploads\/2017\/08\/Concafe-de-Rondonia-tem-mais-de-200-cafeicultores-inscritos_001-Foto-IRENE-MENDES.jpg 1000w, http:\/\/www.emater.ro.gov.br\/ematerro\/wp-content\/uploads\/2017\/08\/Concafe-de-Rondonia-tem-mais-de-200-cafeicultores-inscritos_001-Foto-IRENE-MENDES-300x188.jpg 300w, http:\/\/www.emater.ro.gov.br\/ematerro\/wp-content\/uploads\/2017\/08\/Concafe-de-Rondonia-tem-mais-de-200-cafeicultores-inscritos_001-Foto-IRENE-MENDES-768x480.jpg 768w\" sizes=\"(max-width: 1000px) 100vw, 1000px\" \/><figcaption id=\"caption-attachment-3552\" class=\"wp-caption-text\">O primeiro concurso, em 2016, apresentou um caf\u00e9 de alt\u00edssima qualidade.<\/figcaption><\/figure>\n<p>O Concaf\u00e9 surgiu com o objetivo de incentivar uma melhor produ\u00e7\u00e3o de caf\u00e9 no Estado. O primeiro concurso, realizado em 2016, apresentou um caf\u00e9 de alt\u00edssima qualidade surpreendendo especialistas convidados para certificar o produto.<\/p>\n<p>As inscri\u00e7\u00f5es foram abertas em abril deste ano com prazo at\u00e9 14 de julho, isenta de taxa. O prazo para entrega das amostras vai at\u00e9 o pr\u00f3ximo dia 31, quando seguir\u00e1 para an\u00e1lise, em Cacoal.\u00a0 As 150 amostras da modalidade \u201cqualidade\u201d entregues at\u00e9 o momento j\u00e1 est\u00e3o sendo classificadas.<\/p>\n<p>Ap\u00f3s a an\u00e1lise, ser\u00e3o selecionados os 30 produtores finalistas do concurso, estes dever\u00e3o ser submetidos \u00e0 auditoria por membros da comiss\u00e3o organizadora, que coletar\u00e3o uma nova amostra do lote do caf\u00e9 participante para<\/p>\n<figure id=\"attachment_3553\" aria-describedby=\"caption-attachment-3553\" style=\"width: 400px\" class=\"wp-caption alignright\"><img decoding=\"async\" loading=\"lazy\" class=\"wp-image-3553\" src=\"http:\/\/www.emater.ro.gov.br\/ematerro\/wp-content\/uploads\/2017\/08\/Concafe-de-Rondonia-tem-mais-de-200-cafeicultores-inscritos_003-Foto-WANIA-RESSUTTI.jpg\" alt=\"Vencedores do Concaf\u00e9 2017 receber\u00e3o 25 mil reais em pr\u00eamios.\" width=\"400\" height=\"250\" srcset=\"http:\/\/www.emater.ro.gov.br\/ematerro\/wp-content\/uploads\/2017\/08\/Concafe-de-Rondonia-tem-mais-de-200-cafeicultores-inscritos_003-Foto-WANIA-RESSUTTI.jpg 1000w, http:\/\/www.emater.ro.gov.br\/ematerro\/wp-content\/uploads\/2017\/08\/Concafe-de-Rondonia-tem-mais-de-200-cafeicultores-inscritos_003-Foto-WANIA-RESSUTTI-300x188.jpg 300w, http:\/\/www.emater.ro.gov.br\/ematerro\/wp-content\/uploads\/2017\/08\/Concafe-de-Rondonia-tem-mais-de-200-cafeicultores-inscritos_003-Foto-WANIA-RESSUTTI-768x480.jpg 768w\" sizes=\"(max-width: 400px) 100vw, 400px\" \/><figcaption id=\"caption-attachment-3553\" class=\"wp-caption-text\">Vencedores do Concaf\u00e9 2017 receber\u00e3o 25 mil reais em pr\u00eamios.<\/figcaption><\/figure>\n<p>comprova\u00e7\u00e3o da veracidade. Nos dias 8 e 9 de setembro, essas 30 amostras ser\u00e3o submetidas \u00e0 an\u00e1lise, por<\/p>\n<p>profissionais Q-Graders e equipe da Nestl\u00e9, experientes em degusta\u00e7\u00e3o de caf\u00e9 can\u00e9fora, para atribuir pontua\u00e7\u00f5es \u00e0 qualidade da bebida, levando-se em considera\u00e7\u00e3o atributos como: sabor do caf\u00e9: fragr\u00e2ncia\/aroma; retrogosto; rela\u00e7\u00e3o salinidade\/acidez; rela\u00e7\u00e3o amargor\/do\u00e7ura; sensa\u00e7\u00e3o na boca; equil\u00edbrio; uniformidade; limpeza e conjunto.<\/p>\n<p>Al\u00e9m de classificar o melhor caf\u00e9 de Rond\u00f4nia em 2017, o 2\u00ba Concaf\u00e9 est\u00e1 contribuindo para incentivar o cafeicultor a produzir cada vez mais um caf\u00e9 com qualidade e sustentabilidade. A cerim\u00f4nia de premia\u00e7\u00e3o dos produtores ser\u00e1 realizada no dia 28 de setembro, no munic\u00edpio de Cacoal, quando os vencedores receber\u00e3o juntos, 25 mil reais em pr\u00eamios, al\u00e9m de um trof\u00e9u de participa\u00e7\u00e3o indicando a sua classifica\u00e7\u00e3o.<\/p>\n<h6 style=\"text-align: right;\">\n<strong><em>Wania Ressutti<\/em><\/strong><br \/>\n<strong><em>Jornalista \u2013 SRTE\/DRT\/RO-959<\/em><\/strong><br \/>\n<strong><em>Fotos: Irene Mendes\/Wania Ressutti<\/em><\/strong><br \/>\n<strong><em>Rep\u00f3rter fotogr\u00e1fica \u2013 SRTE\/DRT\/RO-368<\/em><\/strong><br \/>\n<strong><em>EMATER-RO<\/em><\/strong><\/h6>\n","protected":false},"excerpt":{"rendered":"<p>O 2\u00ba Concurso de Qualidade e Sustentabilidade do Caf\u00e9 de Rond\u00f4nia (Concaf\u00e9) promete superar as expectativas de seus organizadores neste ano. Criado no ano passado para mostrar a potencialidade dos [&hellip;]<\/p>\n","protected":false},"author":9,"featured_media":3554,"comment_status":"closed","ping_status":"closed","sticky":false,"template":"","format":"standard","meta":[],"categories":[10,9,12],"tags":[48,155,51,52,66],"_links":{"self":[{"href":"http:\/\/www.emater.ro.gov.br\/ematerro\/wp-json\/wp\/v2\/posts\/3551"}],"collection":[{"href":"http:\/\/www.emater.ro.gov.br\/ematerro\/wp-json\/wp\/v2\/posts"}],"about":[{"href":"http:\/\/www.emater.ro.gov.br\/ematerro\/wp-json\/wp\/v2\/types\/post"}],"author":[{"embeddable":true,"href":"http:\/\/www.emater.ro.gov.br\/ematerro\/wp-json\/wp\/v2\/users\/9"}],"replies":[{"embeddable":true,"href":"http:\/\/www.emater.ro.gov.br\/ematerro\/wp-json\/wp\/v2\/comments?post=3551"}],"version-history":[{"count":4,"href":"http:\/\/www.emater.ro.gov.br\/ematerro\/wp-json\/wp\/v2\/posts\/3551\/revisions"}],"predecessor-version":[{"id":3558,"href":"http:\/\/www.emater.ro.gov.br\/ematerro\/wp-json\/wp\/v2\/posts\/3551\/revisions\/3558"}],"wp:featuredmedia":[{"embeddable":true,"href":"http:\/\/www.emater.ro.gov.br\/ematerro\/wp-json\/wp\/v2\/media\/3554"}],"wp:attachment":[{"href":"http:\/\/www.emater.ro.gov.br\/ematerro\/wp-json\/wp\/v2\/media?parent=3551"}],"wp:term":[{"taxonomy":"category","embeddable":true,"href":"http:\/\/www.emater.ro.gov.br\/ematerro\/wp-json\/wp\/v2\/categories?post=3551"},{"taxonomy":"post_tag","embeddable":true,"href":"http:\/\/www.emater.ro.gov.br\/ematerro\/wp-json\/wp\/v2\/tags?post=3551"}],"curies":[{"name":"wp","href":"https:\/\/api.w.org\/{rel}","templated":true}]}}