{"id":3527,"date":"2017-08-17T08:21:52","date_gmt":"2017-08-17T12:21:52","guid":{"rendered":"http:\/\/www.emater.ro.gov.br\/ematerro\/?p=3527"},"modified":"2017-08-17T08:21:52","modified_gmt":"2017-08-17T12:21:52","slug":"pimenta-bueno-ganha-feira-de-abastecimento-popular-da-reforma-agraria","status":"publish","type":"post","link":"http:\/\/www.emater.ro.gov.br\/ematerro\/2017\/08\/17\/pimenta-bueno-ganha-feira-de-abastecimento-popular-da-reforma-agraria\/","title":{"rendered":"Pimenta Bueno ganha feira de abastecimento popular da Reforma Agr\u00e1ria"},"content":{"rendered":"<p>Uma parceria firmada entre a Emater-RO, Incra e Prefeitura de Pimenta Bueno resultou em benef\u00edcios aos assentados e produtores rurais daquele munic\u00edpio. A Feira de Abastecimento Popular da Reformas Agr\u00e1ria, inaugurada nesta \u00faltima semana na unidade avan\u00e7ada do Incra local, vai ampliar a oferta de produtos locais e a venda direta ao consumidor na cidade pimentense. A solenidade de inaugura\u00e7\u00e3o reuniu autoridades, produtores e comunidade em geral.<\/p>\n<figure id=\"attachment_3534\" aria-describedby=\"caption-attachment-3534\" style=\"width: 800px\" class=\"wp-caption aligncenter\"><img decoding=\"async\" loading=\"lazy\" class=\"size-full wp-image-3534\" src=\"http:\/\/www.emater.ro.gov.br\/ematerro\/wp-content\/uploads\/2017\/08\/FEIRA-REFORMA-AGRARIA-002WEB.jpg\" alt=\"A Feira popular ser\u00e1 realizada todas as manh\u00e3s de quinta-feira.\" width=\"800\" height=\"500\" srcset=\"http:\/\/www.emater.ro.gov.br\/ematerro\/wp-content\/uploads\/2017\/08\/FEIRA-REFORMA-AGRARIA-002WEB.jpg 800w, http:\/\/www.emater.ro.gov.br\/ematerro\/wp-content\/uploads\/2017\/08\/FEIRA-REFORMA-AGRARIA-002WEB-300x188.jpg 300w, http:\/\/www.emater.ro.gov.br\/ematerro\/wp-content\/uploads\/2017\/08\/FEIRA-REFORMA-AGRARIA-002WEB-768x480.jpg 768w\" sizes=\"(max-width: 800px) 100vw, 800px\" \/><figcaption id=\"caption-attachment-3534\" class=\"wp-caption-text\">A Feira popular ser\u00e1 realizada todas as manh\u00e3s de quinta-feira.<\/figcaption><\/figure>\n<p>Reivindica\u00e7\u00e3o dos produtores rurais abra\u00e7ada pela uni\u00e3o de pol\u00edticos da cidade, a feira \u00e9 uma proposta do Programa Terra Sol \u2013 um programa de fomento \u00e0 agroindustrializa\u00e7\u00e3o e comercializa\u00e7\u00e3o por meio da elabora\u00e7\u00e3o de planos de agroneg\u00f3cio, do Incra, que leva em conta pesquisa de mercado, consultorias, capacita\u00e7\u00f5es em viabilidade econ\u00f4mica al\u00e9m de gest\u00e3o para implanta\u00e7\u00e3o, recupera\u00e7\u00e3o ou amplia\u00e7\u00e3o da atividade agroindustrial. \u201c\u00c9 uma oportunidade para os produtores rurais, que poder\u00e3o contar com um local com estrutura para vender seus produtos.\u201d, diz Alnex Groner, gerente regional da Emater-RO na regi\u00e3o do Territ\u00f3rio Rio Machado.<\/p>\n<figure id=\"attachment_3535\" aria-describedby=\"caption-attachment-3535\" style=\"width: 300px\" class=\"wp-caption alignright\"><img decoding=\"async\" loading=\"lazy\" class=\"wp-image-3535 size-medium\" src=\"http:\/\/www.emater.ro.gov.br\/ematerro\/wp-content\/uploads\/2017\/08\/FEIRA-REFORMA-AGRARIA-003WEB-300x188.jpg\" width=\"300\" height=\"188\" srcset=\"http:\/\/www.emater.ro.gov.br\/ematerro\/wp-content\/uploads\/2017\/08\/FEIRA-REFORMA-AGRARIA-003WEB-300x188.jpg 300w, http:\/\/www.emater.ro.gov.br\/ematerro\/wp-content\/uploads\/2017\/08\/FEIRA-REFORMA-AGRARIA-003WEB-768x480.jpg 768w, http:\/\/www.emater.ro.gov.br\/ematerro\/wp-content\/uploads\/2017\/08\/FEIRA-REFORMA-AGRARIA-003WEB.jpg 800w\" sizes=\"(max-width: 300px) 100vw, 300px\" \/><figcaption id=\"caption-attachment-3535\" class=\"wp-caption-text\">Uma oportunidade para os produtores rurais comercializarem sua produ\u00e7\u00e3o.<\/figcaption><\/figure>\n<p>A Feira Popular ser\u00e1 realizada todas as manh\u00e3s de quinta-feira, trazendo produtos da pequena propriedade para a mesa do consumidor a um pre\u00e7o mais acess\u00edvel, j\u00e1 que a venda ser\u00e1 feita diretamente ao consumidor sem interm\u00e9dio de atravessadores, e os produtos oferecidos ser\u00e3o org\u00e2nicos, livres de agrot\u00f3xicos. \u201cEssa feira sempre foi um anseio dos assentados da Reforma Agr\u00e1ria, do Incra e nossa\u201d, diz a gerente do escrit\u00f3rio local da Emater-RO em Pimenta Bueno, Luzia Aparecida Ferrari.<\/p>\n<p>A solenidade de inaugura\u00e7\u00e3o contou com a presen\u00e7a de produtores e autoridades locais como: deputado estadual Cleiton Roque, prefeita Juliana Roque, superintendente do Incra, Cleto Muniz de Brito, al\u00e9m de representantes do legislativo pimentense e comunidade em geral.<\/p>\n<h6 style=\"text-align: right;\"><strong><em>Wania Ressutti<\/em><\/strong><br \/>\n<strong><em> Jornalista \u2013 SRTE\/DRT\/RO-959<\/em><\/strong><br \/>\n<strong><em> Fotos: Esreg Pimenta Bueno<\/em><\/strong><br \/>\n<strong><em> EMATER-RO<\/em><\/strong><\/h6>\n","protected":false},"excerpt":{"rendered":"<p>Uma parceria firmada entre a Emater-RO, Incra e Prefeitura de Pimenta Bueno resultou em benef\u00edcios aos assentados e produtores rurais daquele munic\u00edpio. A Feira de Abastecimento Popular da Reformas Agr\u00e1ria, [&hellip;]<\/p>\n","protected":false},"author":9,"featured_media":3533,"comment_status":"closed","ping_status":"closed","sticky":false,"template":"","format":"standard","meta":[],"categories":[10,9,12],"tags":[],"_links":{"self":[{"href":"http:\/\/www.emater.ro.gov.br\/ematerro\/wp-json\/wp\/v2\/posts\/3527"}],"collection":[{"href":"http:\/\/www.emater.ro.gov.br\/ematerro\/wp-json\/wp\/v2\/posts"}],"about":[{"href":"http:\/\/www.emater.ro.gov.br\/ematerro\/wp-json\/wp\/v2\/types\/post"}],"author":[{"embeddable":true,"href":"http:\/\/www.emater.ro.gov.br\/ematerro\/wp-json\/wp\/v2\/users\/9"}],"replies":[{"embeddable":true,"href":"http:\/\/www.emater.ro.gov.br\/ematerro\/wp-json\/wp\/v2\/comments?post=3527"}],"version-history":[{"count":3,"href":"http:\/\/www.emater.ro.gov.br\/ematerro\/wp-json\/wp\/v2\/posts\/3527\/revisions"}],"predecessor-version":[{"id":3536,"href":"http:\/\/www.emater.ro.gov.br\/ematerro\/wp-json\/wp\/v2\/posts\/3527\/revisions\/3536"}],"wp:featuredmedia":[{"embeddable":true,"href":"http:\/\/www.emater.ro.gov.br\/ematerro\/wp-json\/wp\/v2\/media\/3533"}],"wp:attachment":[{"href":"http:\/\/www.emater.ro.gov.br\/ematerro\/wp-json\/wp\/v2\/media?parent=3527"}],"wp:term":[{"taxonomy":"category","embeddable":true,"href":"http:\/\/www.emater.ro.gov.br\/ematerro\/wp-json\/wp\/v2\/categories?post=3527"},{"taxonomy":"post_tag","embeddable":true,"href":"http:\/\/www.emater.ro.gov.br\/ematerro\/wp-json\/wp\/v2\/tags?post=3527"}],"curies":[{"name":"wp","href":"https:\/\/api.w.org\/{rel}","templated":true}]}}