{"id":3492,"date":"2017-08-15T10:19:29","date_gmt":"2017-08-15T14:19:29","guid":{"rendered":"http:\/\/www.emater.ro.gov.br\/ematerro\/?p=3492"},"modified":"2017-08-15T10:19:29","modified_gmt":"2017-08-15T14:19:29","slug":"seminario-rural-promove-palestras-e-oficinas-a-produtores-de-primavera-de-rondonia","status":"publish","type":"post","link":"http:\/\/www.emater.ro.gov.br\/ematerro\/2017\/08\/15\/seminario-rural-promove-palestras-e-oficinas-a-produtores-de-primavera-de-rondonia\/","title":{"rendered":"Semin\u00e1rio Rural promove palestras e oficinas a produtores de Primavera de Rond\u00f4nia"},"content":{"rendered":"<p>O Semin\u00e1rio Rural realizado pela Superintend\u00eancia de Desenvolvimento do Estado de Rond\u00f4nia (Suder) e Sebrae, em parceria com a Emater-RO, em Primavera de Rond\u00f4nia superou as expectativas de seus realizadores. Articulado para ser realizado junto com as festividades culturais do munic\u00edpio, o Semin\u00e1rio trouxe informa\u00e7\u00f5es de extrema import\u00e2ncia para o desenvolvimento agropecu\u00e1rio da regi\u00e3o.<\/p>\n<figure id=\"attachment_3506\" aria-describedby=\"caption-attachment-3506\" style=\"width: 800px\" class=\"wp-caption aligncenter\"><img decoding=\"async\" loading=\"lazy\" class=\"wp-image-3506\" src=\"http:\/\/www.emater.ro.gov.br\/ematerro\/wp-content\/uploads\/2017\/08\/SEMINARIO-RURAL003-web.jpg\" alt=\"Oportunidade de acesso \u00e0 informa\u00e7\u00e3o e assist\u00eancia t\u00e9cnica. \" width=\"800\" height=\"500\" srcset=\"http:\/\/www.emater.ro.gov.br\/ematerro\/wp-content\/uploads\/2017\/08\/SEMINARIO-RURAL003-web.jpg 600w, http:\/\/www.emater.ro.gov.br\/ematerro\/wp-content\/uploads\/2017\/08\/SEMINARIO-RURAL003-web-300x188.jpg 300w\" sizes=\"(max-width: 800px) 100vw, 800px\" \/><figcaption id=\"caption-attachment-3506\" class=\"wp-caption-text\">Oportunidade de acesso \u00e0 informa\u00e7\u00e3o e assist\u00eancia t\u00e9cnica.<\/figcaption><\/figure>\n<p>Segundo o gerente da Emater-RO na regi\u00e3o do Territ\u00f3rio Rio Machado, Alnex Groner, a uni\u00e3o dos parceiros \u00e9 muito importante, pois \u201cfortalece o que cada um tem de melhor\u201d. Ainda segundo o gerente, os temas apresentados foram de muita relev\u00e2ncia, principalmente na cafeicultura, na bovinocultura de leite, na piscicultura e na cultura do urucum. \u201cIsso tr\u00e1s grandes resultados para n\u00f3s, Emater, para o governo do Estado de Rond\u00f4nia, para o Sebrae, contribuindo para o desenvolvimento da agricultura com resultados de satisfa\u00e7\u00e3o social para todos.\u201d<\/p>\n<p>Alnex diz ainda que \u201co Semin\u00e1rio Rural \u00e9 uma oportunidade para que Primavera de Rond\u00f4nia e regi\u00e3o possa ter mais acesso \u00e0 informa\u00e7\u00e3o e assist\u00eancia t\u00e9cnica como: t\u00e9cnica de plantio, t\u00e9cnica de mecaniza\u00e7\u00e3o, e assim qualificar o produtor para que ele possa produzir mais.\u201d.<\/p>\n<p>Para o prefeito de Primavera de Rond\u00f4nia, Eduardo Bertoletti, o Semin\u00e1rio \u00e9 muito importante para o desenvolvimento do munic\u00edpio, pois trouxe conhecimento e forma\u00e7\u00e3o aos produtores da regi\u00e3o apresentando temas como: amostragem do solo para aduba\u00e7\u00e3o, preparo, plantio e manejo; comercializa\u00e7\u00e3o, colheita e p\u00f3s-colheita e acesso\u00a0 ao cr\u00e9dito rural.<\/p>\n<p>Ao final foi oferecido um caf\u00e9 da manh\u00e3 aos participantes e convidados com a presen\u00e7a de diversas autoridades, entre as quais, os deputados estaduais \u201cS\u00f3 na Ben\u00e7a e Cleiton Roque, que representam a regi\u00e3o.<\/p>\n<h6 style=\"text-align: right;\"><strong><em>Wania Ressutti<\/em><\/strong><br \/>\n<strong><em> Jornalista \u2013 SRTE\/DRT\/RO-959<\/em><\/strong><br \/>\n<strong><em> Fotos: Esreg Pimenta Bueno<\/em><\/strong><br \/>\n<strong><em> EMATER-RO<\/em><\/strong><\/h6>\n","protected":false},"excerpt":{"rendered":"<p>O Semin\u00e1rio Rural realizado pela Superintend\u00eancia de Desenvolvimento do Estado de Rond\u00f4nia (Suder) e Sebrae, em parceria com a Emater-RO, em Primavera de Rond\u00f4nia superou as expectativas de seus realizadores. [&hellip;]<\/p>\n","protected":false},"author":9,"featured_media":3505,"comment_status":"closed","ping_status":"closed","sticky":false,"template":"","format":"standard","meta":[],"categories":[10,9,12],"tags":[],"_links":{"self":[{"href":"http:\/\/www.emater.ro.gov.br\/ematerro\/wp-json\/wp\/v2\/posts\/3492"}],"collection":[{"href":"http:\/\/www.emater.ro.gov.br\/ematerro\/wp-json\/wp\/v2\/posts"}],"about":[{"href":"http:\/\/www.emater.ro.gov.br\/ematerro\/wp-json\/wp\/v2\/types\/post"}],"author":[{"embeddable":true,"href":"http:\/\/www.emater.ro.gov.br\/ematerro\/wp-json\/wp\/v2\/users\/9"}],"replies":[{"embeddable":true,"href":"http:\/\/www.emater.ro.gov.br\/ematerro\/wp-json\/wp\/v2\/comments?post=3492"}],"version-history":[{"count":3,"href":"http:\/\/www.emater.ro.gov.br\/ematerro\/wp-json\/wp\/v2\/posts\/3492\/revisions"}],"predecessor-version":[{"id":3508,"href":"http:\/\/www.emater.ro.gov.br\/ematerro\/wp-json\/wp\/v2\/posts\/3492\/revisions\/3508"}],"wp:featuredmedia":[{"embeddable":true,"href":"http:\/\/www.emater.ro.gov.br\/ematerro\/wp-json\/wp\/v2\/media\/3505"}],"wp:attachment":[{"href":"http:\/\/www.emater.ro.gov.br\/ematerro\/wp-json\/wp\/v2\/media?parent=3492"}],"wp:term":[{"taxonomy":"category","embeddable":true,"href":"http:\/\/www.emater.ro.gov.br\/ematerro\/wp-json\/wp\/v2\/categories?post=3492"},{"taxonomy":"post_tag","embeddable":true,"href":"http:\/\/www.emater.ro.gov.br\/ematerro\/wp-json\/wp\/v2\/tags?post=3492"}],"curies":[{"name":"wp","href":"https:\/\/api.w.org\/{rel}","templated":true}]}}