{"id":310,"date":"2016-07-12T11:21:06","date_gmt":"2016-07-12T15:21:06","guid":{"rendered":"http:\/\/www.emater.ro.gov.br\/ematerro\/?p=310"},"modified":"2016-07-12T12:07:16","modified_gmt":"2016-07-12T16:07:16","slug":"cafe","status":"publish","type":"post","link":"http:\/\/www.emater.ro.gov.br\/ematerro\/2016\/07\/12\/cafe\/","title":{"rendered":"Caf\u00e9"},"content":{"rendered":"<h4><a href=\"http:\/\/www.emater.ro.gov.br\/ematerro\/wp-content\/uploads\/2016\/07\/Cafe1.jpg\"><img decoding=\"async\" loading=\"lazy\" class=\"size-medium wp-image-311 alignleft\" src=\"http:\/\/www.emater.ro.gov.br\/ematerro\/wp-content\/uploads\/2016\/07\/Cafe1-300x199.jpg\" alt=\"Cafe1\" width=\"300\" height=\"199\" srcset=\"http:\/\/www.emater.ro.gov.br\/ematerro\/wp-content\/uploads\/2016\/07\/Cafe1-300x199.jpg 300w, http:\/\/www.emater.ro.gov.br\/ematerro\/wp-content\/uploads\/2016\/07\/Cafe1.jpg 720w\" sizes=\"(max-width: 300px) 100vw, 300px\" \/><\/a>A agroecologia e a produ\u00e7\u00e3o de org\u00e2nicos t\u00eam crescido significativamente no Brasil. O mercado brasileiro de org\u00e2nicos cresceu 35%\u00a0 nos \u00faltimos anos, ao passo que EUA, Europa e Jap\u00e3o apresentam taxa de cerca de 10%. O mercado cresce mais no Brasil porque o consumidor busca cada vez mais produtos saud\u00e1veis, seguros e produzidos de forma sustent\u00e1vel (QualiBest, 2016), principalmente aqueles mais esclarecidos.<\/h4>\n<p>&nbsp;<\/p>\n<p>&nbsp;<\/p>\n<p>&nbsp;<\/p>\n<h4><a href=\"http:\/\/www.emater.ro.gov.br\/ematerro\/wp-content\/uploads\/2016\/07\/Cafe2.jpg\"><img decoding=\"async\" loading=\"lazy\" class=\"size-medium wp-image-312 alignleft\" src=\"http:\/\/www.emater.ro.gov.br\/ematerro\/wp-content\/uploads\/2016\/07\/Cafe2-300x225.jpg\" alt=\"Cafe2\" width=\"300\" height=\"225\" srcset=\"http:\/\/www.emater.ro.gov.br\/ematerro\/wp-content\/uploads\/2016\/07\/Cafe2-300x225.jpg 300w, http:\/\/www.emater.ro.gov.br\/ematerro\/wp-content\/uploads\/2016\/07\/Cafe2.jpg 720w\" sizes=\"(max-width: 300px) 100vw, 300px\" \/><\/a>Em Rond\u00f4nia a situa\u00e7\u00e3o n\u00e3o \u00e9 diferente da nacional, pois \u00e9 f\u00e1cil observar o crescimento do setor na produ\u00e7\u00e3o de alimentos de qualidade e gera\u00e7\u00e3o de renda, notadamente na agricultura familiar que tem contado com pol\u00edticas p\u00fablicas especificas para preserva\u00e7\u00e3o e expans\u00e3o de renda tais como cr\u00e9dito rural, assist\u00eancia t\u00e9cnica e compras governamentais por meio do Programa de Aquisi\u00e7\u00e3o de Alimento \u2013 PAA e o Programa Nacional de Alimenta\u00e7\u00e3o Escolar \u2013 PNAE.<br \/>\nO Minist\u00e9rio do Desenvolvimento Agr\u00e1rio \u2013 MDA enfatiza que a agroecologia e a produ\u00e7\u00e3o de alimentos org\u00e2nicos t\u00eam rela\u00e7\u00e3o importante com a pol\u00edtica de seguran\u00e7a alimentar e ambiental do Pa\u00eds.<\/h4>\n<p>&nbsp;<\/p>\n<h4><a href=\"http:\/\/www.emater.ro.gov.br\/ematerro\/wp-content\/uploads\/2016\/07\/Cafe3.jpg\"><img decoding=\"async\" loading=\"lazy\" class=\"size-medium wp-image-313 alignleft\" src=\"http:\/\/www.emater.ro.gov.br\/ematerro\/wp-content\/uploads\/2016\/07\/Cafe3-300x191.jpg\" alt=\"Cafe3\" width=\"300\" height=\"191\" srcset=\"http:\/\/www.emater.ro.gov.br\/ematerro\/wp-content\/uploads\/2016\/07\/Cafe3-300x191.jpg 300w, http:\/\/www.emater.ro.gov.br\/ematerro\/wp-content\/uploads\/2016\/07\/Cafe3.jpg 720w\" sizes=\"(max-width: 300px) 100vw, 300px\" \/><\/a>A EMATER\/RO, elegeu a agroecologia como projeto priorit\u00e1rio que objetiva ampliar, fomentar e valorizar a produ\u00e7\u00e3o org\u00e2nica\u00a0 em base\u00a0 agroecologica, envolvendo a\u00e7\u00f5es de manejo e conserva\u00e7\u00e3o do solo e \u00e1gua, produ\u00e7\u00e3o de biofertilizantes e de compostos org\u00e2nicos, integra\u00e7\u00e3o lavoura- pecu\u00e1ria-floresta, capacita\u00e7\u00f5es t\u00e9cnicas e de produtores dentre outras.<\/h4>\n","protected":false},"excerpt":{"rendered":"<p>A agroecologia e a produ\u00e7\u00e3o de org\u00e2nicos t\u00eam crescido significativamente no Brasil. O mercado brasileiro de org\u00e2nicos cresceu 35%\u00a0 nos \u00faltimos anos, ao passo que EUA, Europa e Jap\u00e3o apresentam [&hellip;]<\/p>\n","protected":false},"author":1,"featured_media":0,"comment_status":"closed","ping_status":"open","sticky":false,"template":"","format":"aside","meta":[],"categories":[19],"tags":[],"_links":{"self":[{"href":"http:\/\/www.emater.ro.gov.br\/ematerro\/wp-json\/wp\/v2\/posts\/310"}],"collection":[{"href":"http:\/\/www.emater.ro.gov.br\/ematerro\/wp-json\/wp\/v2\/posts"}],"about":[{"href":"http:\/\/www.emater.ro.gov.br\/ematerro\/wp-json\/wp\/v2\/types\/post"}],"author":[{"embeddable":true,"href":"http:\/\/www.emater.ro.gov.br\/ematerro\/wp-json\/wp\/v2\/users\/1"}],"replies":[{"embeddable":true,"href":"http:\/\/www.emater.ro.gov.br\/ematerro\/wp-json\/wp\/v2\/comments?post=310"}],"version-history":[{"count":2,"href":"http:\/\/www.emater.ro.gov.br\/ematerro\/wp-json\/wp\/v2\/posts\/310\/revisions"}],"predecessor-version":[{"id":326,"href":"http:\/\/www.emater.ro.gov.br\/ematerro\/wp-json\/wp\/v2\/posts\/310\/revisions\/326"}],"wp:attachment":[{"href":"http:\/\/www.emater.ro.gov.br\/ematerro\/wp-json\/wp\/v2\/media?parent=310"}],"wp:term":[{"taxonomy":"category","embeddable":true,"href":"http:\/\/www.emater.ro.gov.br\/ematerro\/wp-json\/wp\/v2\/categories?post=310"},{"taxonomy":"post_tag","embeddable":true,"href":"http:\/\/www.emater.ro.gov.br\/ematerro\/wp-json\/wp\/v2\/tags?post=310"}],"curies":[{"name":"wp","href":"https:\/\/api.w.org\/{rel}","templated":true}]}}