{"id":3000,"date":"2017-06-07T10:09:10","date_gmt":"2017-06-07T14:09:10","guid":{"rendered":"http:\/\/www.emater.ro.gov.br\/ematerro\/?p=3000"},"modified":"2017-06-07T10:23:00","modified_gmt":"2017-06-07T14:23:00","slug":"campanha-de-combate-a-zica-e-chicungunha","status":"publish","type":"post","link":"http:\/\/www.emater.ro.gov.br\/ematerro\/2017\/06\/07\/campanha-de-combate-a-zica-e-chicungunha\/","title":{"rendered":"Campanha de combate a Zica e chicungunha"},"content":{"rendered":"<figure id=\"attachment_3001\" aria-describedby=\"caption-attachment-3001\" style=\"width: 500px\" class=\"wp-caption alignleft\"><img decoding=\"async\" loading=\"lazy\" class=\"wp-image-3001\" src=\"http:\/\/www.emater.ro.gov.br\/ematerro\/wp-content\/uploads\/2017\/06\/mosquito-300x187.jpg\" alt=\"mosquito\" width=\"500\" height=\"312\" srcset=\"http:\/\/www.emater.ro.gov.br\/ematerro\/wp-content\/uploads\/2017\/06\/mosquito-300x187.jpg 300w, http:\/\/www.emater.ro.gov.br\/ematerro\/wp-content\/uploads\/2017\/06\/mosquito-768x480.jpg 768w, http:\/\/www.emater.ro.gov.br\/ematerro\/wp-content\/uploads\/2017\/06\/mosquito.jpg 778w\" sizes=\"(max-width: 500px) 100vw, 500px\" \/><figcaption id=\"caption-attachment-3001\" class=\"wp-caption-text\">Animal respons\u00e1vel pelo maior numero de mortes no mundo<\/figcaption><\/figure>\n<p>A Emater-RO j\u00e1 est\u00e1 engajada na campanha estadual de combate ao animal respons\u00e1vel pelo maior numero de mortes no mundo, o aparentemente insignificante inseto alado transmissor das principais doen\u00e7as end\u00eamicas do nosso pa\u00eds, entre elas a febre amarela e a devastadora Zica que tem sido apontada como causadora do aumento de Microcefalia em beb\u00eas.<\/p>\n<p>Combater a infesta\u00e7\u00e3o do mosquito transmissor da Dengue, Chicungunha e Zica \u00e9 obriga\u00e7\u00e3o do estado e dos cidad\u00e3os, e nesse contexto a Emater-RO assume sua responsabilidade social e incentiva a participa\u00e7\u00e3o dos seus empregados na campanha desenvolvida no \u00e2mbito do governo de Rond\u00f4nia para formar brigadas de combate ao mosquito e n\u00e3o deixar que ele se reproduza em pr\u00e9dios e ambientes dos \u00f3rg\u00e3os p\u00fablicos.<\/p>\n<figure id=\"attachment_3005\" aria-describedby=\"caption-attachment-3005\" style=\"width: 250px\" class=\"wp-caption alignright\"><img decoding=\"async\" loading=\"lazy\" class=\"wp-image-3005\" src=\"http:\/\/www.emater.ro.gov.br\/ematerro\/wp-content\/uploads\/2017\/06\/palestrante-zica-Cleidineia-Amaral-2-300x188.jpg\" alt=\"palestrante-zica-Cleidineia-Amaral-2\" width=\"250\" height=\"156\" srcset=\"http:\/\/www.emater.ro.gov.br\/ematerro\/wp-content\/uploads\/2017\/06\/palestrante-zica-Cleidineia-Amaral-2-300x188.jpg 300w, http:\/\/www.emater.ro.gov.br\/ematerro\/wp-content\/uploads\/2017\/06\/palestrante-zica-Cleidineia-Amaral-2-768x480.jpg 768w, http:\/\/www.emater.ro.gov.br\/ematerro\/wp-content\/uploads\/2017\/06\/palestrante-zica-Cleidineia-Amaral-2.jpg 800w\" sizes=\"(max-width: 250px) 100vw, 250px\" \/><figcaption id=\"caption-attachment-3005\" class=\"wp-caption-text\">A meta \u00e9 organizar as brigadas<\/figcaption><\/figure>\n<p>Esta semana os empregados lotados no escrit\u00f3rio central em Porto velho ouviram uma palestra proferida pela enfermeira Cleidineia Marciana do Amaral do departamento de epidemiologia da Agencia de Vigil\u00e2ncia em Sa\u00fade (Agevisa), que atendeu convite da equipe nomeada pela presid\u00eancia da Emater-RO para organizar as brigadas de combate ao aedes\u00a0 Aegypti nas depend\u00eancias de todas as unidades administrativas da Emater-RO.<\/p>\n<p>As colegas Utenilda Carvalho, Gisele Martins de Melo e Gabriela de Lima Lopes deram inicio ao trabalho, que come\u00e7ou com a informa\u00e7\u00e3o e capacita\u00e7\u00e3o dos colegas atrav\u00e9s de palestras, como a de segunda feira no escrit\u00f3rio central, e vai continuar com a confec\u00e7\u00e3o do mapa de risco, identificando todos pontos poss\u00edveis de cria\u00e7\u00e3o do mosquito e a inspe\u00e7\u00e3o semanal para impedir a forma\u00e7\u00e3o de criadouros no pr\u00e9dio e arredores da Emater-RO.<\/p>\n<figure id=\"attachment_3006\" aria-describedby=\"caption-attachment-3006\" style=\"width: 250px\" class=\"wp-caption alignleft\"><img decoding=\"async\" loading=\"lazy\" class=\"wp-image-3006\" src=\"http:\/\/www.emater.ro.gov.br\/ematerro\/wp-content\/uploads\/2017\/06\/palestrante-zica-Cleidineia-Amaral-3-300x188.jpg\" alt=\"palestrante-zica-Cleidineia-Amaral--3\" width=\"250\" height=\"156\" srcset=\"http:\/\/www.emater.ro.gov.br\/ematerro\/wp-content\/uploads\/2017\/06\/palestrante-zica-Cleidineia-Amaral-3-300x188.jpg 300w, http:\/\/www.emater.ro.gov.br\/ematerro\/wp-content\/uploads\/2017\/06\/palestrante-zica-Cleidineia-Amaral-3-768x480.jpg 768w, http:\/\/www.emater.ro.gov.br\/ematerro\/wp-content\/uploads\/2017\/06\/palestrante-zica-Cleidineia-Amaral-3.jpg 800w\" sizes=\"(max-width: 250px) 100vw, 250px\" \/><figcaption id=\"caption-attachment-3006\" class=\"wp-caption-text\">Capacita\u00e7\u00e3o para mobiliza\u00e7\u00e3o.<\/figcaption><\/figure>\n<p>Este trabalho vai se estender por todas as unidades administrativas locais, regionais e no Centrer,\u00a0 haver\u00e3o pelo menos 3 pessoas indicadas para compor a brigada de vigil\u00e2ncia e controle do mosquito Aegypti em cada instala\u00e7\u00e3o da Emater-RO.<\/p>\n<h6 style=\"text-align: right;\"><strong><em>Texto Enoque de Oliveira<\/em><\/strong><br \/>\n<strong><em>Fotos Robson Paiva<\/em><\/strong><\/h6>\n","protected":false},"excerpt":{"rendered":"<p>A Emater-RO j\u00e1 est\u00e1 engajada na campanha estadual de combate ao animal respons\u00e1vel pelo maior numero de mortes no mundo, o aparentemente insignificante inseto alado transmissor das principais doen\u00e7as end\u00eamicas [&hellip;]<\/p>\n","protected":false},"author":8,"featured_media":0,"comment_status":"closed","ping_status":"closed","sticky":false,"template":"","format":"standard","meta":[],"categories":[9,12],"tags":[],"_links":{"self":[{"href":"http:\/\/www.emater.ro.gov.br\/ematerro\/wp-json\/wp\/v2\/posts\/3000"}],"collection":[{"href":"http:\/\/www.emater.ro.gov.br\/ematerro\/wp-json\/wp\/v2\/posts"}],"about":[{"href":"http:\/\/www.emater.ro.gov.br\/ematerro\/wp-json\/wp\/v2\/types\/post"}],"author":[{"embeddable":true,"href":"http:\/\/www.emater.ro.gov.br\/ematerro\/wp-json\/wp\/v2\/users\/8"}],"replies":[{"embeddable":true,"href":"http:\/\/www.emater.ro.gov.br\/ematerro\/wp-json\/wp\/v2\/comments?post=3000"}],"version-history":[{"count":9,"href":"http:\/\/www.emater.ro.gov.br\/ematerro\/wp-json\/wp\/v2\/posts\/3000\/revisions"}],"predecessor-version":[{"id":3013,"href":"http:\/\/www.emater.ro.gov.br\/ematerro\/wp-json\/wp\/v2\/posts\/3000\/revisions\/3013"}],"wp:attachment":[{"href":"http:\/\/www.emater.ro.gov.br\/ematerro\/wp-json\/wp\/v2\/media?parent=3000"}],"wp:term":[{"taxonomy":"category","embeddable":true,"href":"http:\/\/www.emater.ro.gov.br\/ematerro\/wp-json\/wp\/v2\/categories?post=3000"},{"taxonomy":"post_tag","embeddable":true,"href":"http:\/\/www.emater.ro.gov.br\/ematerro\/wp-json\/wp\/v2\/tags?post=3000"}],"curies":[{"name":"wp","href":"https:\/\/api.w.org\/{rel}","templated":true}]}}