{"id":2982,"date":"2017-06-06T09:44:04","date_gmt":"2017-06-06T13:44:04","guid":{"rendered":"http:\/\/www.emater.ro.gov.br\/ematerro\/?p=2982"},"modified":"2017-06-06T11:53:01","modified_gmt":"2017-06-06T15:53:01","slug":"cadeia-produtiva-do-leite-e-do-peixe-devem-ser-impulsionadas-em-jaru-e-ouro-preto-apos-avaliacao-positiva-da-rrs","status":"publish","type":"post","link":"http:\/\/www.emater.ro.gov.br\/ematerro\/2017\/06\/06\/cadeia-produtiva-do-leite-e-do-peixe-devem-ser-impulsionadas-em-jaru-e-ouro-preto-apos-avaliacao-positiva-da-rrs\/","title":{"rendered":"Cadeia produtiva do leite e do peixe devem ser impulsionadas em Jaru e Ouro Preto ap\u00f3s avalia\u00e7\u00e3o positiva da RRS"},"content":{"rendered":"<p>O setor produtivo na regi\u00e3o Central de Rond\u00f4nia vai ganhar novo f\u00f4lego, especialmente nas cadeias produtivas do leite e do peixe. A decis\u00e3o de impulsionar essas duas \u00e1reas foi tomada na reuni\u00e3o de avalia\u00e7\u00e3o dos t\u00e9cnicos da Entidade Aut\u00e1rquica de Assist\u00eancia T\u00e9cnica e Extens\u00e3o Rural (Emater-RO) sobre a participa\u00e7\u00e3o dos produtores na Rond\u00f4nia Rural Show, evento do agroneg\u00f3cio realizado em maio em Ji-Paran\u00e1.<\/p>\n<figure id=\"attachment_2995\" aria-describedby=\"caption-attachment-2995\" style=\"width: 1000px\" class=\"wp-caption aligncenter\"><img decoding=\"async\" loading=\"lazy\" class=\"wp-image-2995 size-full\" src=\"http:\/\/www.emater.ro.gov.br\/ematerro\/wp-content\/uploads\/2017\/06\/pisciculturaWEB.jpg\" alt=\"A maior bacia leiteira de Rond\u00f4nia concentra na regi\u00e3o de Jaru.\" width=\"1000\" height=\"625\" srcset=\"http:\/\/www.emater.ro.gov.br\/ematerro\/wp-content\/uploads\/2017\/06\/pisciculturaWEB.jpg 1000w, http:\/\/www.emater.ro.gov.br\/ematerro\/wp-content\/uploads\/2017\/06\/pisciculturaWEB-300x188.jpg 300w, http:\/\/www.emater.ro.gov.br\/ematerro\/wp-content\/uploads\/2017\/06\/pisciculturaWEB-768x480.jpg 768w\" sizes=\"(max-width: 1000px) 100vw, 1000px\" \/><figcaption id=\"caption-attachment-2995\" class=\"wp-caption-text\">A maior bacia leiteira de Rond\u00f4nia concentra na regi\u00e3o de Jaru.<\/figcaption><\/figure>\n<p>Dos mais variados segmentos produtivos da regi\u00e3o Central do estado, a produ\u00e7\u00e3o do leite e de peixe ganhou destaque na reuni\u00e3o organizada pelo escrit\u00f3rio regional da Emater em Ji-Paran\u00e1, nesta sexta-feira (2), na sede campestre da entidade. \u201cCada regi\u00e3o tem caracter\u00edstica peculiar. Pretendemos elevar a produtividade do leite na regi\u00e3o de Jaru e fortalecer a piscicultura em Ouro Preto do Oeste\u201d, disse o gerente regional do \u00f3rg\u00e3o, Ant\u00f4nio de Assis.<\/p>\n<p>A maior bacia leiteira de Rond\u00f4nia concentra na regi\u00e3o de Jaru. \u201cNossos produtores sa\u00edram entusiasmados da Rond\u00f4nia Rural Show e devem ampliar a produ\u00e7\u00e3o a partir desse ano\u201d, comentou a chefe do escrit\u00f3rio da Emater em Jaru, Cirlene Brito, acrescentando que os produtores de leite fizeram bons neg\u00f3cios em investimentos com objetivo de melhorar a qualidade e a quantidade da produ\u00e7\u00e3o leiteira.<\/p>\n<p>Apesar de Ouro Preto do Oeste tamb\u00e9m se posicionar no cen\u00e1rio estadual como produtor de leite, a piscicultura vem ganhando ades\u00f5es e poder\u00e1 se tornar o mais novo polo produtor de tambaqui em cativeiro. A engenheira agr\u00f4noma Bruna Temponi n\u00e3o tem d\u00favida disso.<\/p>\n<figure id=\"attachment_2988\" aria-describedby=\"caption-attachment-2988\" style=\"width: 400px\" class=\"wp-caption alignright\"><img decoding=\"async\" loading=\"lazy\" class=\"wp-image-2988\" src=\"http:\/\/www.emater.ro.gov.br\/ematerro\/wp-content\/uploads\/2017\/06\/Reuniao-nivelamento-Emater-300x188.jpg\" alt=\"Reuni\u00e3o para avalia\u00e7\u00e3o da 6\u00aa Rond\u00f4nia Rural Show\" width=\"400\" height=\"250\" srcset=\"http:\/\/www.emater.ro.gov.br\/ematerro\/wp-content\/uploads\/2017\/06\/Reuniao-nivelamento-Emater-300x188.jpg 300w, http:\/\/www.emater.ro.gov.br\/ematerro\/wp-content\/uploads\/2017\/06\/Reuniao-nivelamento-Emater-768x480.jpg 768w, http:\/\/www.emater.ro.gov.br\/ematerro\/wp-content\/uploads\/2017\/06\/Reuniao-nivelamento-Emater-1024x640.jpg 1024w, http:\/\/www.emater.ro.gov.br\/ematerro\/wp-content\/uploads\/2017\/06\/Reuniao-nivelamento-Emater.jpg 1280w\" sizes=\"(max-width: 400px) 100vw, 400px\" \/><figcaption id=\"caption-attachment-2988\" class=\"wp-caption-text\">Reuni\u00e3o para avalia\u00e7\u00e3o da 6\u00aa Rond\u00f4nia Rural Show.<\/figcaption><\/figure>\n<p>\u201c\u00c9 um mercado em ascens\u00e3o. O pequeno produtor est\u00e1 diversificando a produtividade dele no s\u00edtio. O peixe \u00e9 um excelente produto\u201d, disse Bruna, especialista em piscicultura.<\/p>\n<p>Atualmente, Ouro Preto conta com 140 piscicultores, 40% deles s\u00e3o da agricultura familiar. Nos quatro dias da Rond\u00f4nia Rural Show, a regional da Emater em Ji-Paran\u00e1 mobilizou a participa\u00e7\u00e3o de pelo menos 1.400 produtores rurais. \u201cEncaminhamos 170 propostas no per\u00edodo.<\/p>\n<p>A m\u00e9dia foi de R$ 80 mil para cada linha de cr\u00e9dito formalizada e que est\u00e3o sendo avaliadas pelos agentes financiadores\u201d, detalhou Ant\u00f4nio de Assis sobre a movimenta\u00e7\u00e3o financeira dos pequenos produtores em aquisi\u00e7\u00e3o de equipamentos, animais, melhoramento gen\u00e9tico visando o melhoramento da produtividade na regi\u00e3o.<\/p>\n<p>Leia tamb\u00e9m: <a href=\"http:\/\/www.rondonia.ro.gov.br\/2017\/02\/154493\/\">Rond\u00f4nia mant\u00e9m lideran\u00e7a da produ\u00e7\u00e3o de peixe em \u00e1gua doce e deve alcan\u00e7ar 250 mil toneladas at\u00e9 2018<\/a><\/p>\n<h6 style=\"text-align: right;\"><em>Texto: Paulo S\u00e9rgio<\/em><br \/>\n<em>Fotos: Paulo S\u00e9rgio e Emater-RO<\/em><br \/>\n<em>Secom &#8211; Governo de Rond\u00f4nia<\/em><\/h6>\n<p>&nbsp;<\/p>\n","protected":false},"excerpt":{"rendered":"<p>O setor produtivo na regi\u00e3o Central de Rond\u00f4nia vai ganhar novo f\u00f4lego, especialmente nas cadeias produtivas do leite e do peixe. A decis\u00e3o de impulsionar essas duas \u00e1reas foi tomada [&hellip;]<\/p>\n","protected":false},"author":9,"featured_media":2995,"comment_status":"closed","ping_status":"closed","sticky":false,"template":"","format":"standard","meta":[],"categories":[10,9,12],"tags":[158,73,178],"_links":{"self":[{"href":"http:\/\/www.emater.ro.gov.br\/ematerro\/wp-json\/wp\/v2\/posts\/2982"}],"collection":[{"href":"http:\/\/www.emater.ro.gov.br\/ematerro\/wp-json\/wp\/v2\/posts"}],"about":[{"href":"http:\/\/www.emater.ro.gov.br\/ematerro\/wp-json\/wp\/v2\/types\/post"}],"author":[{"embeddable":true,"href":"http:\/\/www.emater.ro.gov.br\/ematerro\/wp-json\/wp\/v2\/users\/9"}],"replies":[{"embeddable":true,"href":"http:\/\/www.emater.ro.gov.br\/ematerro\/wp-json\/wp\/v2\/comments?post=2982"}],"version-history":[{"count":7,"href":"http:\/\/www.emater.ro.gov.br\/ematerro\/wp-json\/wp\/v2\/posts\/2982\/revisions"}],"predecessor-version":[{"id":2996,"href":"http:\/\/www.emater.ro.gov.br\/ematerro\/wp-json\/wp\/v2\/posts\/2982\/revisions\/2996"}],"wp:featuredmedia":[{"embeddable":true,"href":"http:\/\/www.emater.ro.gov.br\/ematerro\/wp-json\/wp\/v2\/media\/2995"}],"wp:attachment":[{"href":"http:\/\/www.emater.ro.gov.br\/ematerro\/wp-json\/wp\/v2\/media?parent=2982"}],"wp:term":[{"taxonomy":"category","embeddable":true,"href":"http:\/\/www.emater.ro.gov.br\/ematerro\/wp-json\/wp\/v2\/categories?post=2982"},{"taxonomy":"post_tag","embeddable":true,"href":"http:\/\/www.emater.ro.gov.br\/ematerro\/wp-json\/wp\/v2\/tags?post=2982"}],"curies":[{"name":"wp","href":"https:\/\/api.w.org\/{rel}","templated":true}]}}