{"id":2954,"date":"2017-05-27T12:06:29","date_gmt":"2017-05-27T16:06:29","guid":{"rendered":"http:\/\/www.emater.ro.gov.br\/ematerro\/?p=2954"},"modified":"2017-05-29T08:33:48","modified_gmt":"2017-05-29T12:33:48","slug":"caminho-do-cafe-apresenta-casos-bem-sucedidos-em-rondonia","status":"publish","type":"post","link":"http:\/\/www.emater.ro.gov.br\/ematerro\/2017\/05\/27\/caminho-do-cafe-apresenta-casos-bem-sucedidos-em-rondonia\/","title":{"rendered":"Caminho do caf\u00e9 apresenta casos bem sucedidos em Rond\u00f4nia"},"content":{"rendered":"<p>A trajet\u00f3ria do caf\u00e9 em Rond\u00f4nia teve in\u00edcio na d\u00e9cada de 1960. Pelo menos \u00e9 que conta Andre Moreira Nunes, precursor da cafeicultura no estado. Seu Andr\u00e9 nasceu no Cear\u00e1, e como a maioria dos nordestinos migrou para S\u00e3o Paulo e busca de novas oportunidades. Por volta dos anos 60 chegou \u00e0 Rond\u00f4nia, junto com seu pai, para comprar castanha. J\u00e1 na fazenda Castanhal, comprada a pedido de seu pai, vieram morar em Rond\u00f4nia.<\/p>\n<figure id=\"attachment_2958\" aria-describedby=\"caption-attachment-2958\" style=\"width: 1000px\" class=\"wp-caption aligncenter\"><img decoding=\"async\" loading=\"lazy\" class=\"wp-image-2958 size-full\" src=\"http:\/\/www.emater.ro.gov.br\/ematerro\/wp-content\/uploads\/2017\/05\/Caminho-do-cafe-apresenta-casos-bem-sucedidos-em-Rondonia_005-foto-WANIA-RESSUTTI.jpg\" alt=\"Os visitantes s\u00e3o convidados a passar por tr\u00eas salas.\" width=\"1000\" height=\"625\" srcset=\"http:\/\/www.emater.ro.gov.br\/ematerro\/wp-content\/uploads\/2017\/05\/Caminho-do-cafe-apresenta-casos-bem-sucedidos-em-Rondonia_005-foto-WANIA-RESSUTTI.jpg 1000w, http:\/\/www.emater.ro.gov.br\/ematerro\/wp-content\/uploads\/2017\/05\/Caminho-do-cafe-apresenta-casos-bem-sucedidos-em-Rondonia_005-foto-WANIA-RESSUTTI-300x188.jpg 300w, http:\/\/www.emater.ro.gov.br\/ematerro\/wp-content\/uploads\/2017\/05\/Caminho-do-cafe-apresenta-casos-bem-sucedidos-em-Rondonia_005-foto-WANIA-RESSUTTI-768x480.jpg 768w\" sizes=\"(max-width: 1000px) 100vw, 1000px\" \/><figcaption id=\"caption-attachment-2958\" class=\"wp-caption-text\">Os visitantes s\u00e3o convidados a passar por tr\u00eas salas.<\/figcaption><\/figure>\n<p>Lembrando do fracasso que teve com a geada no Paran\u00e1, junto com o pai, resolveu plantar caf\u00e9 em Rond\u00f4nia. Assim, em 1965, iniciaram a atividade com oito mil copas de caf\u00e9. A lavoura desenvolve-se muito bem, por\u00e9m a ideia era ampliar a produ\u00e7\u00e3o e, com apoio do governo na \u00e9poca e financiamento banc\u00e1rio, investiu na cultura do caf\u00e9 no estado.<\/p>\n<p>Essas e outras hist\u00f3rias podem ser ouvidas no \u201cCaminho do Caf\u00e9\u201d, instalado nas depend\u00eancias da 6\u00aa Rond\u00f4nia Rural Show. O \u201cCaminho do Caf\u00e9\u201d \u00e9 um espa\u00e7o did\u00e1tico onde, em aproximadamente 45 minutos, os visitantes t\u00eam a oportunidade de conhecer t\u00e9cnicas, manejo, hist\u00f3rias e experi\u00eancias voltadas para a cultura do caf\u00e9 em Rond\u00f4nia.<\/p>\n<p>Os visitantes s\u00e3o convidados a passar por tr\u00eas salas onde extensionistas da Emater-RO apresentam toda a trajet\u00f3ria para a produ\u00e7\u00e3o de caf\u00e9. Na primeira sala, a extensionista Denise de Santana Vaz recebe os visitantes para uma apresenta\u00e7\u00e3o da hist\u00f3ria do caf\u00e9. \u00c9 nesta sala, caracterizado como um viveiro, que todos t\u00eam a oportunidade de ouvir o depoimento do Sr. Andr\u00e9. \u00c9 tamb\u00e9m nessa sala que s\u00e3o apresentados os primeiros procedimentos para a produ\u00e7\u00e3o de mudas de caf\u00e9 clonal.<\/p>\n<p>Ap\u00f3s o t\u00e9rmino da apresenta\u00e7\u00e3o todos s\u00e3o convidados para a pr\u00f3xima sala onde j\u00e1 os espera, o extensionista Raphael Cidade. Neste ambiente s\u00e3o apresentadas as t\u00e9cnicas de implanta\u00e7\u00e3o e condu\u00e7\u00e3o da lavoura. O visitante conhece uma lavoura de caf\u00e9 clonal e aprende que, apesar de serem altamente produtivas, elas n\u00e3o conseguem produzir sem manejo e procedimentos corretos.<\/p>\n<figure id=\"attachment_2956\" aria-describedby=\"caption-attachment-2956\" style=\"width: 400px\" class=\"wp-caption alignright\"><img decoding=\"async\" loading=\"lazy\" class=\"wp-image-2956\" src=\"http:\/\/www.emater.ro.gov.br\/ematerro\/wp-content\/uploads\/2017\/05\/Caminho-do-cafe-apresenta-casos-bem-sucedidos-em-Rondonia_001-foto-WANIA-RESSUTTI-300x188.jpg\" alt=\"Caf\u00e9 feito com gr\u00e3os do caf\u00e9 vencedor do concurso de qualidade do caf\u00e9 em 2016.\" width=\"400\" height=\"250\" srcset=\"http:\/\/www.emater.ro.gov.br\/ematerro\/wp-content\/uploads\/2017\/05\/Caminho-do-cafe-apresenta-casos-bem-sucedidos-em-Rondonia_001-foto-WANIA-RESSUTTI-300x188.jpg 300w, http:\/\/www.emater.ro.gov.br\/ematerro\/wp-content\/uploads\/2017\/05\/Caminho-do-cafe-apresenta-casos-bem-sucedidos-em-Rondonia_001-foto-WANIA-RESSUTTI-768x480.jpg 768w, http:\/\/www.emater.ro.gov.br\/ematerro\/wp-content\/uploads\/2017\/05\/Caminho-do-cafe-apresenta-casos-bem-sucedidos-em-Rondonia_001-foto-WANIA-RESSUTTI.jpg 1000w\" sizes=\"(max-width: 400px) 100vw, 400px\" \/><figcaption id=\"caption-attachment-2956\" class=\"wp-caption-text\">Caf\u00e9 feito com gr\u00e3os do caf\u00e9 vencedor do concurso de qualidade do caf\u00e9 em 2016.<\/figcaption><\/figure>\n<p>Ainda na segunda sala s\u00e3o apresentados os casos bem sucedidos de Rond\u00f4nia, em especial aqueles que seguem as orienta\u00e7\u00f5es corretas e que hoje colhem os frutos de um caf\u00e9 de qualidade e competitividade, contadas pelos pr\u00f3prios cafeicultores e viveiristas.<\/p>\n<p>A terceira sala \u00e9 dedicada \u00e0 qualidade e sustentabilidade do caf\u00e9. O extensionista Janderson Dalazen orienta sobre as t\u00e9cnicas e vantagens para um caf\u00e9 sustent\u00e1vel e apresenta um v\u00eddeo onde a produtora Susi Aparecida, de Novo Horizonte do Oeste, fala de sua experi\u00eancia na lavoura. \u201cSusi \u00e9 uma produtora que participa ativamente dos programas de incentivo do governo estadual e vem adaptando sua propriedade para as pr\u00e1ticas sustent\u00e1veis\u201d, diz Dalazen.<\/p>\n<p>Por fim, todos s\u00e3o convidados para uma quarta sala onde s\u00e3o recepcionados com um caf\u00e9 feito com gr\u00e3os do caf\u00e9 vencedor do concurso de qualidade do caf\u00e9 em 2016. Na oportunidade \u00e9 divulgado o 2\u00ba Concurso de Qualidade e Produtividade do Caf\u00e9 \u2013 Concaf\u00e9, cujas inscri\u00e7\u00f5es v\u00e3o at\u00e9 14 de julho.\u00a0 Para maiores informa\u00e7\u00f5es sobre o Concaf\u00e9, acesse o link: <a href=\"http:\/\/www.emater.ro.gov.br\/ematerro\/wp-content\/uploads\/2017\/03\/Regulamento-II-CONCAFE-Rondonia.pdf\">http:\/\/www.emater.ro.gov.br\/ematerro\/wp-content\/uploads\/2017\/03\/Regulamento-II-CONCAFE-Rondonia.pdf<\/a><\/p>\n<p><em><strong>Texto e Fotos: Wania Ressutti<\/strong><\/em><br \/>\n<em><strong>Jornalista \u2013 SRTE\/DRT\/RO-959<\/strong><\/em><br \/>\n<em><strong>EMATER-RO<\/strong><\/em><\/p>\n","protected":false},"excerpt":{"rendered":"<p>A trajet\u00f3ria do caf\u00e9 em Rond\u00f4nia teve in\u00edcio na d\u00e9cada de 1960. Pelo menos \u00e9 que conta Andre Moreira Nunes, precursor da cafeicultura no estado. Seu Andr\u00e9 nasceu no Cear\u00e1, [&hellip;]<\/p>\n","protected":false},"author":9,"featured_media":2957,"comment_status":"closed","ping_status":"closed","sticky":false,"template":"","format":"standard","meta":[],"categories":[10,9,12],"tags":[48,178,203],"_links":{"self":[{"href":"http:\/\/www.emater.ro.gov.br\/ematerro\/wp-json\/wp\/v2\/posts\/2954"}],"collection":[{"href":"http:\/\/www.emater.ro.gov.br\/ematerro\/wp-json\/wp\/v2\/posts"}],"about":[{"href":"http:\/\/www.emater.ro.gov.br\/ematerro\/wp-json\/wp\/v2\/types\/post"}],"author":[{"embeddable":true,"href":"http:\/\/www.emater.ro.gov.br\/ematerro\/wp-json\/wp\/v2\/users\/9"}],"replies":[{"embeddable":true,"href":"http:\/\/www.emater.ro.gov.br\/ematerro\/wp-json\/wp\/v2\/comments?post=2954"}],"version-history":[{"count":3,"href":"http:\/\/www.emater.ro.gov.br\/ematerro\/wp-json\/wp\/v2\/posts\/2954\/revisions"}],"predecessor-version":[{"id":2960,"href":"http:\/\/www.emater.ro.gov.br\/ematerro\/wp-json\/wp\/v2\/posts\/2954\/revisions\/2960"}],"wp:featuredmedia":[{"embeddable":true,"href":"http:\/\/www.emater.ro.gov.br\/ematerro\/wp-json\/wp\/v2\/media\/2957"}],"wp:attachment":[{"href":"http:\/\/www.emater.ro.gov.br\/ematerro\/wp-json\/wp\/v2\/media?parent=2954"}],"wp:term":[{"taxonomy":"category","embeddable":true,"href":"http:\/\/www.emater.ro.gov.br\/ematerro\/wp-json\/wp\/v2\/categories?post=2954"},{"taxonomy":"post_tag","embeddable":true,"href":"http:\/\/www.emater.ro.gov.br\/ematerro\/wp-json\/wp\/v2\/tags?post=2954"}],"curies":[{"name":"wp","href":"https:\/\/api.w.org\/{rel}","templated":true}]}}