{"id":2599,"date":"2017-04-13T10:12:45","date_gmt":"2017-04-13T14:12:45","guid":{"rendered":"http:\/\/www.emater.ro.gov.br\/ematerro\/?p=2599"},"modified":"2017-04-13T10:12:45","modified_gmt":"2017-04-13T14:12:45","slug":"agricultores-de-ministro-andreazza-buscam-tecnologia-para-resgate-da-cafeicultura-no-municipio","status":"publish","type":"post","link":"http:\/\/www.emater.ro.gov.br\/ematerro\/2017\/04\/13\/agricultores-de-ministro-andreazza-buscam-tecnologia-para-resgate-da-cafeicultura-no-municipio\/","title":{"rendered":"Agricultores de Ministro Andreazza buscam tecnologia para resgate da cafeicultura no munic\u00edpio"},"content":{"rendered":"<p>O Dia de Campo sobre cafeicultura tecnificada realizada em Ministro Andreazza reuniu 215 produtores rurais interessados em adquirir novos conhecimentos sobre a cultura. A atividade foi realizada na Linha 05, Lote 43-C, Gleba 05, de propriedade do agricultor Adevaldo Ardiss\u00e3o Boldrin, com o objetivo de apresentar as tecnologias desenvolvidas e aplicadas na cultura do caf\u00e9 clonal.<\/p>\n<figure id=\"attachment_2601\" aria-describedby=\"caption-attachment-2601\" style=\"width: 800px\" class=\"wp-caption aligncenter\"><img decoding=\"async\" loading=\"lazy\" class=\"wp-image-2601 size-full\" src=\"http:\/\/www.emater.ro.gov.br\/ematerro\/wp-content\/uploads\/2017\/04\/Agricultores-de-Ministro-Andreazza-buscam-tecnologia-para-resgate-da-cafeicultura_003-Foto-EMATER-RO.jpg\" alt=\"O caf\u00e9 \u00e9 a cultura de maior express\u00e3o econ\u00f4mica e social.\" width=\"800\" height=\"501\" srcset=\"http:\/\/www.emater.ro.gov.br\/ematerro\/wp-content\/uploads\/2017\/04\/Agricultores-de-Ministro-Andreazza-buscam-tecnologia-para-resgate-da-cafeicultura_003-Foto-EMATER-RO.jpg 800w, http:\/\/www.emater.ro.gov.br\/ematerro\/wp-content\/uploads\/2017\/04\/Agricultores-de-Ministro-Andreazza-buscam-tecnologia-para-resgate-da-cafeicultura_003-Foto-EMATER-RO-300x188.jpg 300w, http:\/\/www.emater.ro.gov.br\/ematerro\/wp-content\/uploads\/2017\/04\/Agricultores-de-Ministro-Andreazza-buscam-tecnologia-para-resgate-da-cafeicultura_003-Foto-EMATER-RO-768x481.jpg 768w\" sizes=\"(max-width: 800px) 100vw, 800px\" \/><figcaption id=\"caption-attachment-2601\" class=\"wp-caption-text\">O caf\u00e9 \u00e9 a cultura de maior express\u00e3o econ\u00f4mica e social.<\/figcaption><\/figure>\n<p>Segundo a gerente do escrit\u00f3rio local da Emater\/Ministro Andreazza, Rivani Sena Rossi, o intuito foi despertar o interesse dos cafeicultores da regi\u00e3o a investir na cafeicultura e alcan\u00e7ar uma maior produtividade com a utiliza\u00e7\u00e3o de clones comprovadamente mais produtivos. \u201cForam apresentadas t\u00e9cnicas de manejo de calagem e aduba\u00e7\u00e3o, como tamb\u00e9m manejo integrado de pragas e doen\u00e7as, controle de plantas invasoras, qualidade na colheita, secagem, beneficiamento e estocagem de gr\u00e3os\u201d.<\/p>\n<p>O Trabalho que a Emater-RO vem desenvolvendo em Ministro Andreazza faz parte do projeto tecnifica\u00e7\u00e3o da cafeicultura local. \u201cAo longo do tempo, buscamos sensibilizar os poderes p\u00fablicos (estadual e municipal) para, atrav\u00e9s de seus \u00f3rg\u00e3os competentes, disponibilizar recursos para atender os anseios e necessidades para o desenvolvimento com tecnifica\u00e7\u00e3o da cafeicultura em nossa regi\u00e3o\u201d, explica a gerente.<\/p>\n<figure id=\"attachment_2600\" aria-describedby=\"caption-attachment-2600\" style=\"width: 400px\" class=\"wp-caption alignright\"><img decoding=\"async\" loading=\"lazy\" class=\"wp-image-2600\" src=\"http:\/\/www.emater.ro.gov.br\/ematerro\/wp-content\/uploads\/2017\/04\/Agricultores-de-Ministro-Andreazza-buscam-tecnologia-para-resgate-da-cafeicultura_001-Foto-EMATER-RO-300x188.jpg\" alt=\"Os resultados est\u00e3o vindo ao encontro dos anseios da popula\u00e7\u00e3o.\" width=\"400\" height=\"250\" srcset=\"http:\/\/www.emater.ro.gov.br\/ematerro\/wp-content\/uploads\/2017\/04\/Agricultores-de-Ministro-Andreazza-buscam-tecnologia-para-resgate-da-cafeicultura_001-Foto-EMATER-RO-300x188.jpg 300w, http:\/\/www.emater.ro.gov.br\/ematerro\/wp-content\/uploads\/2017\/04\/Agricultores-de-Ministro-Andreazza-buscam-tecnologia-para-resgate-da-cafeicultura_001-Foto-EMATER-RO-768x480.jpg 768w, http:\/\/www.emater.ro.gov.br\/ematerro\/wp-content\/uploads\/2017\/04\/Agricultores-de-Ministro-Andreazza-buscam-tecnologia-para-resgate-da-cafeicultura_001-Foto-EMATER-RO.jpg 800w\" sizes=\"(max-width: 400px) 100vw, 400px\" \/><figcaption id=\"caption-attachment-2600\" class=\"wp-caption-text\">Os resultados est\u00e3o vindo ao encontro dos anseios da popula\u00e7\u00e3o.<\/figcaption><\/figure>\n<p>Para o extensionista, Wesley Gama, tamb\u00e9m da Emater-RO, o caf\u00e9 \u00e9 a cultura de maior express\u00e3o econ\u00f4mica e social para Ministro Andreazza. Segundo ele, \u201cna safra de 2015\/2016 o munic\u00edpio colheu mais de seis mil toneladas do gr\u00e3o.\u201d Na propriedade que serviu de modelo para o dia de campo a produ\u00e7\u00e3o era, em m\u00e9dia, 45 sacas de caf\u00e9\/ha. Ap\u00f3s a aplica\u00e7\u00e3o das tecnologias orientadas atrav\u00e9s da presta\u00e7\u00e3o da assist\u00eancia t\u00e9cnica da Emater-RO, comprovou-se um aumento significativo da produtividade que hoje alcan\u00e7a um total de 100 sacas de caf\u00e9\/ha.<\/p>\n<p>Com esse trabalho busca-se o resgate dos agricultores desmotivados com a cultura do caf\u00e9 que, nos \u00faltimos anos, perdeu espa\u00e7o para outras explora\u00e7\u00f5es, causando um desequil\u00edbrio econ\u00f4mico para as fam\u00edlias rurais. \u201cGra\u00e7as a sensibilidade do poder p\u00fablico municipal, estadual e parceiros, bem como os cafeicultores da agricultura familiar, j\u00e1 podemos apresentar resultados que vieram ao encontro dos anseios de nossa popula\u00e7\u00e3o\u201d, comemora a extensionista da Emater-RO.<\/p>\n<h6 style=\"text-align: left;\"><em><strong>Wania Ressutti<\/strong><\/em><br \/>\n<em><strong>Jornalista \u2013 SRTE\/DRT\/RO-959<\/strong><\/em><br \/>\n<em><strong>Fotos: Esloc Ministro Andreazza<\/strong><\/em><br \/>\n<em><strong>EMATER-RO<\/strong><\/em><\/h6>\n","protected":false},"excerpt":{"rendered":"<p>O Dia de Campo sobre cafeicultura tecnificada realizada em Ministro Andreazza reuniu 215 produtores rurais interessados em adquirir novos conhecimentos sobre a cultura. A atividade foi realizada na Linha 05, [&hellip;]<\/p>\n","protected":false},"author":9,"featured_media":2602,"comment_status":"closed","ping_status":"closed","sticky":false,"template":"","format":"standard","meta":[],"categories":[10,9,12],"tags":[175,65,176,46],"_links":{"self":[{"href":"http:\/\/www.emater.ro.gov.br\/ematerro\/wp-json\/wp\/v2\/posts\/2599"}],"collection":[{"href":"http:\/\/www.emater.ro.gov.br\/ematerro\/wp-json\/wp\/v2\/posts"}],"about":[{"href":"http:\/\/www.emater.ro.gov.br\/ematerro\/wp-json\/wp\/v2\/types\/post"}],"author":[{"embeddable":true,"href":"http:\/\/www.emater.ro.gov.br\/ematerro\/wp-json\/wp\/v2\/users\/9"}],"replies":[{"embeddable":true,"href":"http:\/\/www.emater.ro.gov.br\/ematerro\/wp-json\/wp\/v2\/comments?post=2599"}],"version-history":[{"count":1,"href":"http:\/\/www.emater.ro.gov.br\/ematerro\/wp-json\/wp\/v2\/posts\/2599\/revisions"}],"predecessor-version":[{"id":2603,"href":"http:\/\/www.emater.ro.gov.br\/ematerro\/wp-json\/wp\/v2\/posts\/2599\/revisions\/2603"}],"wp:featuredmedia":[{"embeddable":true,"href":"http:\/\/www.emater.ro.gov.br\/ematerro\/wp-json\/wp\/v2\/media\/2602"}],"wp:attachment":[{"href":"http:\/\/www.emater.ro.gov.br\/ematerro\/wp-json\/wp\/v2\/media?parent=2599"}],"wp:term":[{"taxonomy":"category","embeddable":true,"href":"http:\/\/www.emater.ro.gov.br\/ematerro\/wp-json\/wp\/v2\/categories?post=2599"},{"taxonomy":"post_tag","embeddable":true,"href":"http:\/\/www.emater.ro.gov.br\/ematerro\/wp-json\/wp\/v2\/tags?post=2599"}],"curies":[{"name":"wp","href":"https:\/\/api.w.org\/{rel}","templated":true}]}}