{"id":2294,"date":"2017-03-16T10:30:11","date_gmt":"2017-03-16T14:30:11","guid":{"rendered":"http:\/\/www.emater.ro.gov.br\/ematerro\/?p=2294"},"modified":"2017-03-16T13:28:46","modified_gmt":"2017-03-16T17:28:46","slug":"governo-lancara-2a-edicao-do-concurso-do-cafe-no-dia-20","status":"publish","type":"post","link":"http:\/\/www.emater.ro.gov.br\/ematerro\/2017\/03\/16\/governo-lancara-2a-edicao-do-concurso-do-cafe-no-dia-20\/","title":{"rendered":"Governo lan\u00e7ar\u00e1 2\u00aa edi\u00e7\u00e3o do concurso do caf\u00e9 no dia 20"},"content":{"rendered":"<p>Sucesso entre os cafeicultores, o concurso de qualidade e sustentabilidade do caf\u00e9 realizado no ano passado, projetou Rond\u00f4nia entre os maiores estados brasileiros produtores de caf\u00e9. O destaque como o maior produtor do pa\u00eds e segundo no cultivo de Conilon \u00e9 resultado de um trabalho dedicado dos cafeicultores rondonienses em parceria com as pol\u00edticas p\u00fablicas de incentivo do governo do estado. A segunda edi\u00e7\u00e3o do concurso, que agora leva o nome de Concaf\u00e9, ser\u00e1 lan\u00e7ada no dia 20 de mar\u00e7o e j\u00e1 atrai cafeicultores de todas as regi\u00f5es do estado.<\/p>\n<figure id=\"attachment_2300\" aria-describedby=\"caption-attachment-2300\" style=\"width: 800px\" class=\"wp-caption aligncenter\"><img decoding=\"async\" loading=\"lazy\" class=\"wp-image-2300 size-full\" src=\"http:\/\/www.emater.ro.gov.br\/ematerro\/wp-content\/uploads\/2017\/03\/Governo-lancara-2-edicao-do-concurso-do-cafe-no-dia-20-FOTO-EMATER-RO-5.jpg\" alt=\"O concurso abre caminhos para aprimorar a excel\u00eancia da produ\u00e7\u00e3o de caf\u00e9 no estado.\" width=\"800\" height=\"500\" srcset=\"http:\/\/www.emater.ro.gov.br\/ematerro\/wp-content\/uploads\/2017\/03\/Governo-lancara-2-edicao-do-concurso-do-cafe-no-dia-20-FOTO-EMATER-RO-5.jpg 800w, http:\/\/www.emater.ro.gov.br\/ematerro\/wp-content\/uploads\/2017\/03\/Governo-lancara-2-edicao-do-concurso-do-cafe-no-dia-20-FOTO-EMATER-RO-5-300x188.jpg 300w, http:\/\/www.emater.ro.gov.br\/ematerro\/wp-content\/uploads\/2017\/03\/Governo-lancara-2-edicao-do-concurso-do-cafe-no-dia-20-FOTO-EMATER-RO-5-768x480.jpg 768w\" sizes=\"(max-width: 800px) 100vw, 800px\" \/><figcaption id=\"caption-attachment-2300\" class=\"wp-caption-text\">O concurso abre caminhos para aprimorar a excel\u00eancia da produ\u00e7\u00e3o de caf\u00e9 no estado.<\/figcaption><\/figure>\n<p>Ao criar um concurso para identificar e premiar produtores de caf\u00e9 de Rond\u00f4nia, o governo estadual agregou institui\u00e7\u00f5es como Emater-RO, Seagri, Idaron, Embrapa, Sebrae e C\u00e2mara Setorial do Caf\u00e9, incentivando assim, maior investimento em tecnologias que promovam a melhoria da qualidade da cultura na regi\u00e3o. O concurso realizado em 2016 surpreendeu revelando a superioridade do caf\u00e9 rondoniense.<\/p>\n<p>Em sua segunda edi\u00e7\u00e3o, o concurso agora batizado de Concaf\u00e9 de Rond\u00f4nia, abre caminhos para aprimorar a excel\u00eancia da produ\u00e7\u00e3o de caf\u00e9 no estado, em todas as suas etapas. Para o governo estadual, t\u00e3o importante quanto aumentar a produ\u00e7\u00e3o de gr\u00e3os \u00e9 melhorar a qualidade do produto, assim, a expectativa \u00e9 que este ano mais de tr\u00eas milh\u00f5es de mudas de Conilon sejam distribu\u00eddas para os pequenos produtores rurais.<\/p>\n<figure id=\"attachment_2299\" aria-describedby=\"caption-attachment-2299\" style=\"width: 400px\" class=\"wp-caption alignright\"><img decoding=\"async\" loading=\"lazy\" class=\"wp-image-2299\" src=\"http:\/\/www.emater.ro.gov.br\/ematerro\/wp-content\/uploads\/2017\/03\/Governo-lancara-2-edicao-do-concurso-do-cafe-no-dia-20-FOTO-EMATER-RO-4-300x188.jpg\" alt=\"Governo lancara 2 edicao do concurso do cafe no dia 20-FOTO EMATER-RO (4)\" width=\"400\" height=\"250\" srcset=\"http:\/\/www.emater.ro.gov.br\/ematerro\/wp-content\/uploads\/2017\/03\/Governo-lancara-2-edicao-do-concurso-do-cafe-no-dia-20-FOTO-EMATER-RO-4-300x188.jpg 300w, http:\/\/www.emater.ro.gov.br\/ematerro\/wp-content\/uploads\/2017\/03\/Governo-lancara-2-edicao-do-concurso-do-cafe-no-dia-20-FOTO-EMATER-RO-4-768x480.jpg 768w, http:\/\/www.emater.ro.gov.br\/ematerro\/wp-content\/uploads\/2017\/03\/Governo-lancara-2-edicao-do-concurso-do-cafe-no-dia-20-FOTO-EMATER-RO-4.jpg 800w\" sizes=\"(max-width: 400px) 100vw, 400px\" \/><figcaption id=\"caption-attachment-2299\" class=\"wp-caption-text\">As inscri\u00e7\u00f5es para o Concaf\u00e9 estar\u00e3o abertas a partir do dia 10 de abril.<\/figcaption><\/figure>\n<p>As inscri\u00e7\u00f5es para o Concaf\u00e9 estar\u00e3o abertas a partir do dia 10 de abril e poder\u00e3o ser feitas nos escrit\u00f3rios locais da Emater-RO em todos os munic\u00edpios. Ser\u00e3o 25 mil reais em pr\u00eamio distribu\u00eddos para as tr\u00eas primeiras coloca\u00e7\u00f5es na categoria qualidade da bebida e no melhor caf\u00e9 produzido com sustentabilidade em Rond\u00f4nia. O produtor interessado em participar do Concaf\u00e9 de Rond\u00f4nia poder\u00e1, em breve, acessar o regimento do concurso no portal da Emater-RO pelo endere\u00e7o www.emater-ro.com.br.<\/p>\n<p>O lan\u00e7amento oficial ser\u00e1 realizado no dia 20 de mar\u00e7o, \u00e0s 15 horas, no audit\u00f3rio da governadoria localizado no 9\u00ba andar do Edif\u00edcio Paca\u00e1s, no Pal\u00e1cio Rio Madeira, em Porto Velho.<\/p>\n<h6 style=\"text-align: right;\"><em><strong>Wania Ressutti<\/strong><\/em><br \/>\n<em><strong>Jornalista \u2013 SRTE\/DRT\/RO-959<\/strong><\/em><br \/>\n<em><strong>Fotos: EMATER-RO<\/strong><\/em><\/h6>\n","protected":false},"excerpt":{"rendered":"<p>Sucesso entre os cafeicultores, o concurso de qualidade e sustentabilidade do caf\u00e9 realizado no ano passado, projetou Rond\u00f4nia entre os maiores estados brasileiros produtores de caf\u00e9. O destaque como o [&hellip;]<\/p>\n","protected":false},"author":9,"featured_media":2296,"comment_status":"closed","ping_status":"closed","sticky":false,"template":"","format":"standard","meta":[],"categories":[10,9,12],"tags":[48,65,155,51,52,66],"_links":{"self":[{"href":"http:\/\/www.emater.ro.gov.br\/ematerro\/wp-json\/wp\/v2\/posts\/2294"}],"collection":[{"href":"http:\/\/www.emater.ro.gov.br\/ematerro\/wp-json\/wp\/v2\/posts"}],"about":[{"href":"http:\/\/www.emater.ro.gov.br\/ematerro\/wp-json\/wp\/v2\/types\/post"}],"author":[{"embeddable":true,"href":"http:\/\/www.emater.ro.gov.br\/ematerro\/wp-json\/wp\/v2\/users\/9"}],"replies":[{"embeddable":true,"href":"http:\/\/www.emater.ro.gov.br\/ematerro\/wp-json\/wp\/v2\/comments?post=2294"}],"version-history":[{"count":4,"href":"http:\/\/www.emater.ro.gov.br\/ematerro\/wp-json\/wp\/v2\/posts\/2294\/revisions"}],"predecessor-version":[{"id":2310,"href":"http:\/\/www.emater.ro.gov.br\/ematerro\/wp-json\/wp\/v2\/posts\/2294\/revisions\/2310"}],"wp:featuredmedia":[{"embeddable":true,"href":"http:\/\/www.emater.ro.gov.br\/ematerro\/wp-json\/wp\/v2\/media\/2296"}],"wp:attachment":[{"href":"http:\/\/www.emater.ro.gov.br\/ematerro\/wp-json\/wp\/v2\/media?parent=2294"}],"wp:term":[{"taxonomy":"category","embeddable":true,"href":"http:\/\/www.emater.ro.gov.br\/ematerro\/wp-json\/wp\/v2\/categories?post=2294"},{"taxonomy":"post_tag","embeddable":true,"href":"http:\/\/www.emater.ro.gov.br\/ematerro\/wp-json\/wp\/v2\/tags?post=2294"}],"curies":[{"name":"wp","href":"https:\/\/api.w.org\/{rel}","templated":true}]}}