{"id":2262,"date":"2017-03-13T12:05:46","date_gmt":"2017-03-13T16:05:46","guid":{"rendered":"http:\/\/www.emater.ro.gov.br\/ematerro\/?p=2262"},"modified":"2017-03-13T12:16:08","modified_gmt":"2017-03-13T16:16:08","slug":"cafe-sustentavel-ganha-forca-em-rondonia","status":"publish","type":"post","link":"http:\/\/www.emater.ro.gov.br\/ematerro\/2017\/03\/13\/cafe-sustentavel-ganha-forca-em-rondonia\/","title":{"rendered":"Caf\u00e9 sustent\u00e1vel ganha for\u00e7a em Rond\u00f4nia"},"content":{"rendered":"<p>O encontro realizado na \u00faltima semana, em Ouro Preto do Oeste, entre extensionistas da Emater-RO, agr\u00f4nomos e t\u00e9cnicos da Idaron, Seagri e Sebrae trouxe grandes perspectivas para a cafeicultura de Rond\u00f4nia. Com o objetivo de complementar o trabalho que j\u00e1 vem sendo feito pelo estado, o Treinamento Avan\u00e7ado do Curr\u00edculo de Sustentabilidade do Caf\u00e9 levantou quest\u00f5es sobre a tend\u00eancia mundial para a produ\u00e7\u00e3o da cultura e trouxe experi\u00eancias inovadoras para quem quer produzir um caf\u00e9 de alt\u00edssima qualidade.<\/p>\n<figure id=\"attachment_2263\" aria-describedby=\"caption-attachment-2263\" style=\"width: 800px\" class=\"wp-caption aligncenter\"><img decoding=\"async\" loading=\"lazy\" class=\"wp-image-2263 size-full\" src=\"http:\/\/www.emater.ro.gov.br\/ematerro\/wp-content\/uploads\/2017\/03\/Cafe-sustentavel-ganha-forca-em-Rondonia_001-Foto-EMATER-RO.jpg\" alt=\"A ideia \u00e9 alinhar o caf\u00e9 do Rond\u00f4nia no contexto mundial atual.\" width=\"800\" height=\"500\" srcset=\"http:\/\/www.emater.ro.gov.br\/ematerro\/wp-content\/uploads\/2017\/03\/Cafe-sustentavel-ganha-forca-em-Rondonia_001-Foto-EMATER-RO.jpg 800w, http:\/\/www.emater.ro.gov.br\/ematerro\/wp-content\/uploads\/2017\/03\/Cafe-sustentavel-ganha-forca-em-Rondonia_001-Foto-EMATER-RO-300x188.jpg 300w, http:\/\/www.emater.ro.gov.br\/ematerro\/wp-content\/uploads\/2017\/03\/Cafe-sustentavel-ganha-forca-em-Rondonia_001-Foto-EMATER-RO-768x480.jpg 768w\" sizes=\"(max-width: 800px) 100vw, 800px\" \/><figcaption id=\"caption-attachment-2263\" class=\"wp-caption-text\">A ideia \u00e9 alinhar o caf\u00e9 do Rond\u00f4nia no contexto mundial atual.<\/figcaption><\/figure>\n<p>Apesar de o incentivo \u00e0 produ\u00e7\u00e3o de caf\u00e9 sustent\u00e1vel ser um trabalho recente, cerca de dois anos, Rond\u00f4nia teve um grande avan\u00e7o. \u201cMuitos produtores est\u00e3o aderindo \u00e0 t\u00e9cnica rapidamente\u201d, comenta Janderson Dalazen, engenheiro agr\u00f4nomo respons\u00e1vel pelo desenvolvimento do caf\u00e9 na Emater-RO.<\/p>\n<p>A proposta chegou a Rond\u00f4nia em meados de 2015, quando foi assinado um Termo de Coopera\u00e7\u00e3o T\u00e9cnica entre a Emater-RO e o Programa Caf\u00e9 Sustent\u00e1vel. Nesse mesmo per\u00edodo deu-se in\u00edcio \u00e0 capacita\u00e7\u00e3o t\u00e9cnica para extensionistas que se tornariam os multiplicadores da a\u00e7\u00e3o. Ao longo do per\u00edodo 150 t\u00e9cnicos foram treinados para trabalhar com a sustentabilidade.<\/p>\n<p>O Treinamento foi realizado no Centro de Treinamento da Emater-RO e contou com palestras do consultor Eduardo Sampaio. Engenheiro agr\u00f4nomo residente no estado de S\u00e3o Paulo, Sampaio \u00e9 tamb\u00e9m produtor de caf\u00e9 e tem mais de 30 anos de experi\u00eancia na \u00e1rea. Durante a palestra o consultor trouxe na sua bagagem a tend\u00eancia mundial para a produ\u00e7\u00e3o de caf\u00e9 com qualidade.<\/p>\n<p>Foi dada \u00eanfase tamb\u00e9m, nas pr\u00e1ticas agron\u00f4micas de produ\u00e7\u00e3o que poder\u00e3o ser adotadas no estado visando \u00e0 melhoria da atividade cafeeira, al\u00e9m de dicas e alternativas para tornar a produ\u00e7\u00e3o mais eficiente, sempre dentro dos princ\u00edpios da sustentabilidade. Os participantes tiveram a oportunidade de visitar uma propriedade em Alvorada do Oeste, assistida pela Emater-RO e o campo experimental da Embrapa, em Ouro Preto do Oeste, onde vem realizando pesquisas com a cultura do caf\u00e9.<\/p>\n<p><strong>SUSTENTABILIDADE<\/strong><\/p>\n<figure id=\"attachment_2264\" aria-describedby=\"caption-attachment-2264\" style=\"width: 400px\" class=\"wp-caption alignright\"><img decoding=\"async\" loading=\"lazy\" class=\"wp-image-2264\" src=\"http:\/\/www.emater.ro.gov.br\/ematerro\/wp-content\/uploads\/2017\/03\/Cafe-sustentavel-ganha-forca-em-Rondonia_002-Foto-EMATER-RO-300x188.jpg\" alt=\"Rond\u00f4nia j\u00e1 \u00e9 o segundo maior produtor de caf\u00e9 conilon do Brasil e o primeiro em caf\u00e9 robusta.\" width=\"400\" height=\"250\" srcset=\"http:\/\/www.emater.ro.gov.br\/ematerro\/wp-content\/uploads\/2017\/03\/Cafe-sustentavel-ganha-forca-em-Rondonia_002-Foto-EMATER-RO-300x188.jpg 300w, http:\/\/www.emater.ro.gov.br\/ematerro\/wp-content\/uploads\/2017\/03\/Cafe-sustentavel-ganha-forca-em-Rondonia_002-Foto-EMATER-RO-768x480.jpg 768w, http:\/\/www.emater.ro.gov.br\/ematerro\/wp-content\/uploads\/2017\/03\/Cafe-sustentavel-ganha-forca-em-Rondonia_002-Foto-EMATER-RO.jpg 800w\" sizes=\"(max-width: 400px) 100vw, 400px\" \/><figcaption id=\"caption-attachment-2264\" class=\"wp-caption-text\">Rond\u00f4nia j\u00e1 \u00e9 o segundo maior produtor de caf\u00e9 conilon do Brasil e o primeiro em caf\u00e9 robusta.<\/figcaption><\/figure>\n<p>Segundo o consultor Sampaio, o mundo demanda muita sustentabilidade, mas n\u00e3o \u00e9 somente no caf\u00e9, em si. \u201c\u00c9 rastreabilidade, como produzir, como usar t\u00e9cnicas e deixar um solo mais produtivo, ent\u00e3o s\u00e3o 18 pontos do curr\u00edculo da plataforma global que a gente reavalou aqui, trabalhando os indicadores e, ao fazer a extens\u00e3o rural, teremos a certeza de estar deixando um legado positivo, em termos de natureza social e economia, sobretudo\u201d.<\/p>\n<p>O Treinamento Avan\u00e7ado do Curr\u00edculo de Sustentabilidade do Caf\u00e9 est\u00e1 sendo realizado no pa\u00eds, nas principais regi\u00f5es produtoras de caf\u00e9. O mesmo j\u00e1 treinamento j\u00e1 foi realizado em Minas Gerais e Esp\u00edrito Santo e agora Rond\u00f4nia foi contemplada. A id\u00e9ia \u00e9 alinhar o caf\u00e9 do Rond\u00f4nia no contexto mundial atual. \u201cO que \u00e9 uma demanda de supermercados, dos grandes \u201ctraders&#8221;, como o caf\u00e9 deve ser originado, esse foi o foco principal alicer\u00e7ado nas pr\u00e1ticas agr\u00edcolas que trabalhamos no dia-a-dia\u201d, explica Sampaio, lembrando que o treinamento visou atualizar os t\u00e9cnicos sobre as quest\u00f5es da demanda, mas ,\u201dsobretudo visou validar essa demanda em cima da pesquisa, do bom trabalho que os extensionistas fazem em termos de manejo de solo, das pr\u00e1ticas culturais, da intera\u00e7\u00e3o com a natureza, e, principalmente temas ligados ao uso da \u00e1gua\u201d.<\/p>\n<p><strong>PROGRAMA CAF\u00c9 SUSTENT\u00c1VEL<\/strong><\/p>\n<figure id=\"attachment_2267\" aria-describedby=\"caption-attachment-2267\" style=\"width: 400px\" class=\"wp-caption alignleft\"><img decoding=\"async\" loading=\"lazy\" class=\"wp-image-2267\" src=\"http:\/\/www.emater.ro.gov.br\/ematerro\/wp-content\/uploads\/2017\/03\/Cafe-sustentavel-ganha-forca-em-Rondonia_004-Foto-EMATER-RO-300x188.jpg\" alt=\"Foram treinados 150 t\u00e9cnicos para trabalharem com a sustentabilidade.\" width=\"400\" height=\"250\" srcset=\"http:\/\/www.emater.ro.gov.br\/ematerro\/wp-content\/uploads\/2017\/03\/Cafe-sustentavel-ganha-forca-em-Rondonia_004-Foto-EMATER-RO-300x188.jpg 300w, http:\/\/www.emater.ro.gov.br\/ematerro\/wp-content\/uploads\/2017\/03\/Cafe-sustentavel-ganha-forca-em-Rondonia_004-Foto-EMATER-RO-768x480.jpg 768w, http:\/\/www.emater.ro.gov.br\/ematerro\/wp-content\/uploads\/2017\/03\/Cafe-sustentavel-ganha-forca-em-Rondonia_004-Foto-EMATER-RO.jpg 800w\" sizes=\"(max-width: 400px) 100vw, 400px\" \/><figcaption id=\"caption-attachment-2267\" class=\"wp-caption-text\">Foram treinados 150 t\u00e9cnicos para trabalharem com a sustentabilidade.<\/figcaption><\/figure>\n<p>O Programa Caf\u00e9 Sustent\u00e1vel \u00e9 uma iniciativa mundial que veio com o objetivo de aumentar o uso de pr\u00e1ticas sustent\u00e1veis na produ\u00e7\u00e3o e melhorar o n\u00edvel de vida dos cafeicultores. Em Rond\u00f4nia essa a\u00e7\u00e3o \u00e9 coordenada pela Emater-RO, com apoio do governo estadual por meio da Secretaria de Estado da Agricultura (Seagri).<\/p>\n<p>Segundo o extensionista da Emater-RO, Janderson Dalazen, v\u00e1rios pa\u00edses j\u00e1 fomentaram o Programa Caf\u00e9 Sustent\u00e1vel atrav\u00e9s da parceria p\u00fablico-privada (PPP). Essas parcerias contam com as principais ind\u00fastrias ligadas \u00e0 compra e certifica\u00e7\u00e3o de caf\u00e9. No Brasil, essa iniciativa chegou em 2012, coordenada pela empresa P&amp;A Marketing que reuniu as institui\u00e7\u00f5es de servi\u00e7os de extens\u00e3o rural dos principais estados produtores de caf\u00e9 brasileiro: Emater-MG, Incaper (ES), Cati (SP), Emater-PR e Emater-RO.<\/p>\n<p>Desse grupo de trabalho surgiu um documento norteador das a\u00e7\u00f5es com vistas \u00e0 melhoria da sustentabilidade da cafeicultura tendo por base o trip\u00e9 social, ambiental e econ\u00f4mico. Chamado de Curr\u00edculo da Sustentabilidade do Caf\u00e9 (CSC), o documento trata dos temas centrais e fundamentais para a atua\u00e7\u00e3o em sustentabilidade, tanto do produtor como do t\u00e9cnico\/extensionista, tornando-se uma refer\u00eancia comum para aplica\u00e7\u00e3o nas propriedades do caf\u00e9.<\/p>\n<p><strong>CAF\u00c9 DE ROND\u00d4NIA<\/strong><br \/>\nA expectativa para aumento da produtividade do caf\u00e9 rondoniense em 2017 \u00e9 grande. Segundo perspectivas da Companhia de Nacional de Abastecimento (Conab) haver\u00e1 um aumento da produtividade por hectare, das atuais 19 sacas da Safra 2016 para mais de 20 sacas.<\/p>\n<p>Rond\u00f4nia j\u00e1 \u00e9 o segundo maior produtor de caf\u00e9 conilon do Brasil e o primeiro em caf\u00e9 robusta, em se afirmando o aumento da produtividade em 2017, a expectativa cresce ainda mais e esse \u00e9 um ponto muito positivo.<\/p>\n<p>Com o treinamento em sustentabilidade o caf\u00e9 de Rond\u00f4nia ganha mais for\u00e7a, ainda. O envolvimento da Plataforma Global do Caf\u00e9 participando ativamente das a\u00e7\u00f5es da cafeicultura no estado \u00e9 muito importante, pois al\u00e9m de atualizar o corpo t\u00e9cnico sobre as tend\u00eancias mundiais, poder\u00e1 abrir o mercado de Rond\u00f4nia para alcan\u00e7ar outros patamares.<\/p>\n<h6 style=\"text-align: right;\"><strong>Wania Ressutti<\/strong><br \/>\n<strong> Jornalista \u2013 SRTE\/DRT\/RO-959<\/strong><br \/>\n<strong> EMATER-RO<\/strong><\/h6>\n","protected":false},"excerpt":{"rendered":"<p>O encontro realizado na \u00faltima semana, em Ouro Preto do Oeste, entre extensionistas da Emater-RO, agr\u00f4nomos e t\u00e9cnicos da Idaron, Seagri e Sebrae trouxe grandes perspectivas para a cafeicultura de [&hellip;]<\/p>\n","protected":false},"author":9,"featured_media":2265,"comment_status":"closed","ping_status":"closed","sticky":false,"template":"","format":"standard","meta":[],"categories":[10,9,12],"tags":[48,153,133,66],"_links":{"self":[{"href":"http:\/\/www.emater.ro.gov.br\/ematerro\/wp-json\/wp\/v2\/posts\/2262"}],"collection":[{"href":"http:\/\/www.emater.ro.gov.br\/ematerro\/wp-json\/wp\/v2\/posts"}],"about":[{"href":"http:\/\/www.emater.ro.gov.br\/ematerro\/wp-json\/wp\/v2\/types\/post"}],"author":[{"embeddable":true,"href":"http:\/\/www.emater.ro.gov.br\/ematerro\/wp-json\/wp\/v2\/users\/9"}],"replies":[{"embeddable":true,"href":"http:\/\/www.emater.ro.gov.br\/ematerro\/wp-json\/wp\/v2\/comments?post=2262"}],"version-history":[{"count":4,"href":"http:\/\/www.emater.ro.gov.br\/ematerro\/wp-json\/wp\/v2\/posts\/2262\/revisions"}],"predecessor-version":[{"id":2270,"href":"http:\/\/www.emater.ro.gov.br\/ematerro\/wp-json\/wp\/v2\/posts\/2262\/revisions\/2270"}],"wp:featuredmedia":[{"embeddable":true,"href":"http:\/\/www.emater.ro.gov.br\/ematerro\/wp-json\/wp\/v2\/media\/2265"}],"wp:attachment":[{"href":"http:\/\/www.emater.ro.gov.br\/ematerro\/wp-json\/wp\/v2\/media?parent=2262"}],"wp:term":[{"taxonomy":"category","embeddable":true,"href":"http:\/\/www.emater.ro.gov.br\/ematerro\/wp-json\/wp\/v2\/categories?post=2262"},{"taxonomy":"post_tag","embeddable":true,"href":"http:\/\/www.emater.ro.gov.br\/ematerro\/wp-json\/wp\/v2\/tags?post=2262"}],"curies":[{"name":"wp","href":"https:\/\/api.w.org\/{rel}","templated":true}]}}