{"id":2253,"date":"2017-03-10T10:46:10","date_gmt":"2017-03-10T14:46:10","guid":{"rendered":"http:\/\/www.emater.ro.gov.br\/ematerro\/?p=2253"},"modified":"2017-03-10T10:46:10","modified_gmt":"2017-03-10T14:46:10","slug":"agricultores-de-jaru-e-tarilandia-sao-beneficiados-com-mudas-de-cafe-clonal","status":"publish","type":"post","link":"http:\/\/www.emater.ro.gov.br\/ematerro\/2017\/03\/10\/agricultores-de-jaru-e-tarilandia-sao-beneficiados-com-mudas-de-cafe-clonal\/","title":{"rendered":"Agricultores de Jaru e Taril\u00e2ndia s\u00e3o beneficiados com mudas de caf\u00e9 clonal"},"content":{"rendered":"<p>Informa\u00e7\u00f5es do Minist\u00e9rio do Desenvolvimento Agr\u00e1rio (MDA) apontam que at\u00e9 o final de 2016 a agricultura familiar de Rond\u00f4nia est\u00e1 presente em apenas 25% do territ\u00f3rio agricult\u00e1vel do estado, entretanto, se comparada a outros estados da regi\u00e3o Norte, ela est\u00e1 \u00e0 frente como \u201co estado campe\u00e3o da agricultura familiar da regi\u00e3o\u201d.<\/p>\n<figure id=\"attachment_2255\" aria-describedby=\"caption-attachment-2255\" style=\"width: 800px\" class=\"wp-caption aligncenter\"><img decoding=\"async\" loading=\"lazy\" class=\"wp-image-2255 size-full\" src=\"http:\/\/www.emater.ro.gov.br\/ematerro\/wp-content\/uploads\/2017\/03\/Agricultores-de-Jaru-e-Tarilandia-sao-beneficiados-com-mudas-de-cafe-clonal-3.jpg\" alt=\"Distribui\u00e7\u00e3o de mudas de variedade mais produtiva.\" width=\"800\" height=\"500\" srcset=\"http:\/\/www.emater.ro.gov.br\/ematerro\/wp-content\/uploads\/2017\/03\/Agricultores-de-Jaru-e-Tarilandia-sao-beneficiados-com-mudas-de-cafe-clonal-3.jpg 800w, http:\/\/www.emater.ro.gov.br\/ematerro\/wp-content\/uploads\/2017\/03\/Agricultores-de-Jaru-e-Tarilandia-sao-beneficiados-com-mudas-de-cafe-clonal-3-300x188.jpg 300w, http:\/\/www.emater.ro.gov.br\/ematerro\/wp-content\/uploads\/2017\/03\/Agricultores-de-Jaru-e-Tarilandia-sao-beneficiados-com-mudas-de-cafe-clonal-3-768x480.jpg 768w\" sizes=\"(max-width: 800px) 100vw, 800px\" \/><figcaption id=\"caption-attachment-2255\" class=\"wp-caption-text\">Distribui\u00e7\u00e3o de mudas de variedade mais produtiva.<\/figcaption><\/figure>\n<p>Rond\u00f4nia conta hoje, com cerca de 90 mil agricultores familiares. Destes, pouco mais de 70 por cento recebem assist\u00eancia t\u00e9cnica da Emater-RO para desenvolvimento de atividades agr\u00edcolas como: bovinocultura de leite, produ\u00e7\u00e3o de gr\u00e3os e piscicultura entre outros de grande representatividade na movimenta\u00e7\u00e3o econ\u00f4mica local.<\/p>\n<p>O caf\u00e9, segunda maior produ\u00e7\u00e3o do estado, vem recebendo incentivo do governo estadual atrav\u00e9s de distribui\u00e7\u00e3o de mudas de variedade mais produtiva, como os caf\u00e9s clonais, cuja produtividade \u00e9 muito superior aos gr\u00e3os de caf\u00e9 comuns. Essas mudas de caf\u00e9 clonal est\u00e3o sendo distribu\u00eddas em diversos munic\u00edpios pela Emater-RO.<\/p>\n<p>Somente na regi\u00e3o de Jaru, envolvendo agricultores do munic\u00edpio e do distrito de Taril\u00e2ndia, foram distribu\u00eddas nesta semana, 23.740 mudas de caf\u00e9 clonal. \u201c\u00c9 uma nova realidade para a nossa regi\u00e3o\u201d, diz Sirlene Ferreira Brito F\u00e9lix, gerente da Emater-RO em Jaru.<\/p>\n<figure id=\"attachment_2258\" aria-describedby=\"caption-attachment-2258\" style=\"width: 300px\" class=\"wp-caption alignright\"><img decoding=\"async\" loading=\"lazy\" class=\"size-medium wp-image-2258\" src=\"http:\/\/www.emater.ro.gov.br\/ematerro\/wp-content\/uploads\/2017\/03\/Agricultores-de-Jaru-e-Tarilandia-sao-beneficiados-com-mudas-de-cafe-clonal-15-300x188.jpg\" alt=\"H\u00e1 demanda para repasse de mais 46 mil mudas na regi\u00e3o.\" width=\"300\" height=\"188\" srcset=\"http:\/\/www.emater.ro.gov.br\/ematerro\/wp-content\/uploads\/2017\/03\/Agricultores-de-Jaru-e-Tarilandia-sao-beneficiados-com-mudas-de-cafe-clonal-15-300x188.jpg 300w, http:\/\/www.emater.ro.gov.br\/ematerro\/wp-content\/uploads\/2017\/03\/Agricultores-de-Jaru-e-Tarilandia-sao-beneficiados-com-mudas-de-cafe-clonal-15-768x480.jpg 768w, http:\/\/www.emater.ro.gov.br\/ematerro\/wp-content\/uploads\/2017\/03\/Agricultores-de-Jaru-e-Tarilandia-sao-beneficiados-com-mudas-de-cafe-clonal-15.jpg 800w\" sizes=\"(max-width: 300px) 100vw, 300px\" \/><figcaption id=\"caption-attachment-2258\" class=\"wp-caption-text\">H\u00e1 demanda para repasse de mais 46 mil mudas na regi\u00e3o.<\/figcaption><\/figure>\n<p>As mudas foram entregues a dez agricultores de Jaru e cinco de Taril\u00e2ndia. Al\u00e9m da distribui\u00e7\u00e3o de mudas, os extensionistas da Emater-RO prestam assist\u00eancia t\u00e9cnica a atendem \u00e0 demanda local com palestras, demonstra\u00e7\u00e3o de m\u00e9todos e outras metodologias, informando, orientando e incentivando a implanta\u00e7\u00e3o da cultura do caf\u00e9 clonal.<\/p>\n<p>Ainda segundo a gerente Sirlene Brito, atrav\u00e9s da Emater-RO h\u00e1 uma demanda para o repasse de mais 46 mil mudas. Os agricultores j\u00e1 foram cadastrados e est\u00e3o aguardando apenas os tr\u00e2mites burocr\u00e1ticos dos viveiros credenciados.<\/p>\n<h6 style=\"text-align: right;\"><strong><em>Wania Ressutti<\/em><\/strong><br \/>\n<strong><em>Jornalista \u2013 SRTE\/DRT\/RO-959<\/em><\/strong><br \/>\n<strong><em>Fotos: Esloc Jaru<\/em><\/strong><br \/>\n<strong><em>EMATER-RO<\/em><\/strong><\/h6>\n","protected":false},"excerpt":{"rendered":"<p>Informa\u00e7\u00f5es do Minist\u00e9rio do Desenvolvimento Agr\u00e1rio (MDA) apontam que at\u00e9 o final de 2016 a agricultura familiar de Rond\u00f4nia est\u00e1 presente em apenas 25% do territ\u00f3rio agricult\u00e1vel do estado, entretanto, [&hellip;]<\/p>\n","protected":false},"author":9,"featured_media":2257,"comment_status":"closed","ping_status":"closed","sticky":false,"template":"","format":"standard","meta":[],"categories":[10,9,12],"tags":[151,65,152],"_links":{"self":[{"href":"http:\/\/www.emater.ro.gov.br\/ematerro\/wp-json\/wp\/v2\/posts\/2253"}],"collection":[{"href":"http:\/\/www.emater.ro.gov.br\/ematerro\/wp-json\/wp\/v2\/posts"}],"about":[{"href":"http:\/\/www.emater.ro.gov.br\/ematerro\/wp-json\/wp\/v2\/types\/post"}],"author":[{"embeddable":true,"href":"http:\/\/www.emater.ro.gov.br\/ematerro\/wp-json\/wp\/v2\/users\/9"}],"replies":[{"embeddable":true,"href":"http:\/\/www.emater.ro.gov.br\/ematerro\/wp-json\/wp\/v2\/comments?post=2253"}],"version-history":[{"count":3,"href":"http:\/\/www.emater.ro.gov.br\/ematerro\/wp-json\/wp\/v2\/posts\/2253\/revisions"}],"predecessor-version":[{"id":2261,"href":"http:\/\/www.emater.ro.gov.br\/ematerro\/wp-json\/wp\/v2\/posts\/2253\/revisions\/2261"}],"wp:featuredmedia":[{"embeddable":true,"href":"http:\/\/www.emater.ro.gov.br\/ematerro\/wp-json\/wp\/v2\/media\/2257"}],"wp:attachment":[{"href":"http:\/\/www.emater.ro.gov.br\/ematerro\/wp-json\/wp\/v2\/media?parent=2253"}],"wp:term":[{"taxonomy":"category","embeddable":true,"href":"http:\/\/www.emater.ro.gov.br\/ematerro\/wp-json\/wp\/v2\/categories?post=2253"},{"taxonomy":"post_tag","embeddable":true,"href":"http:\/\/www.emater.ro.gov.br\/ematerro\/wp-json\/wp\/v2\/tags?post=2253"}],"curies":[{"name":"wp","href":"https:\/\/api.w.org\/{rel}","templated":true}]}}