{"id":2181,"date":"2017-02-21T11:25:33","date_gmt":"2017-02-21T15:25:33","guid":{"rendered":"http:\/\/www.emater.ro.gov.br\/ematerro\/?p=2181"},"modified":"2017-03-06T12:15:21","modified_gmt":"2017-03-06T16:15:21","slug":"chacareiros-do-vale-do-anari-criam-associacao-para-fortalecer-suas-atividades","status":"publish","type":"post","link":"http:\/\/www.emater.ro.gov.br\/ematerro\/2017\/02\/21\/chacareiros-do-vale-do-anari-criam-associacao-para-fortalecer-suas-atividades\/","title":{"rendered":"Chacareiros do Vale do Anari criam associa\u00e7\u00e3o para fortalecer suas atividades"},"content":{"rendered":"<p>Que a agricultura \u00e9 muito importante para o desenvolvimento econ\u00f4mico regional todo mundo concorda, mas ser importante n\u00e3o basta para que o produtor rural tenha os caminhos abertos para comercializar a sua produ\u00e7\u00e3o. Hoje em dia, com a globaliza\u00e7\u00e3o e a grande concorr\u00eancia, pequenos produtores rurais est\u00e3o buscando alternativas que os coloquem em igualdade no mercado consumidor, e uma dessas alternativas est\u00e1 na uni\u00e3o de for\u00e7as.<\/p>\n<figure id=\"attachment_2242\" aria-describedby=\"caption-attachment-2242\" style=\"width: 800px\" class=\"wp-caption aligncenter\"><img decoding=\"async\" loading=\"lazy\" class=\"wp-image-2242 size-full\" src=\"http:\/\/www.emater.ro.gov.br\/ematerro\/wp-content\/uploads\/2017\/02\/IMG-20170303-WA0036.jpg\" alt=\"Chacareiros elegem a primeira mesa diretora e conselheiros fiscais.\" width=\"800\" height=\"500\" srcset=\"http:\/\/www.emater.ro.gov.br\/ematerro\/wp-content\/uploads\/2017\/02\/IMG-20170303-WA0036.jpg 800w, http:\/\/www.emater.ro.gov.br\/ematerro\/wp-content\/uploads\/2017\/02\/IMG-20170303-WA0036-300x188.jpg 300w, http:\/\/www.emater.ro.gov.br\/ematerro\/wp-content\/uploads\/2017\/02\/IMG-20170303-WA0036-768x480.jpg 768w\" sizes=\"(max-width: 800px) 100vw, 800px\" \/><figcaption id=\"caption-attachment-2242\" class=\"wp-caption-text\">Chacareiros elegem a primeira mesa diretora e conselheiros fiscais.<\/figcaption><\/figure>\n<p>Assim, pensando no fortalecimento de suas atividades e nas conquistas propiciadas pelo associativismo, 40 produtores ru<\/p>\n<p>rais se uniram para criar a Associa\u00e7\u00e3o dos Produtores Rurais Chacareiros do Munic\u00edpio do Vale do Anari. A reuni\u00e3o para formaliza\u00e7\u00e3o da organiza\u00e7\u00e3o social rural foi orientada e coordenada pelos extensionistas da Emater-RO local na \u00faltima sexta-feira (17), quando foi eleita a primeira mesa diretora e conselheiros fiscais.<\/p>\n<p>Ao atuarem associados, o produtor rural pode ter facilidades para aquisi\u00e7\u00e3o de m\u00e1quinas e equipamentos e grandes descontos na compra de insumos, al\u00e9m de conseguir pre\u00e7os mais justos na venda de sua produ\u00e7\u00e3o. Outra vantagem \u00e9 que, independentemente do poder aquisitivo ou do tamanho da compra, todos ter\u00e3o o mesmo desconto na compra ou o mesmo valor na hora da venda.<\/p>\n<p>Segundo o extensionista da Emater-RO, Andr\u00e9 Ferreira Cort\u00eas, sete dos associados s\u00e3o participantes do Programa de Aquisi\u00e7\u00e3o de Alimento (PAA) e cinco do Programa Nacional de Alimenta\u00e7\u00e3o Escolar (PNAE), programas esses realizados pela parceria entre governos federal e estadual, e executado pela Emater-RO.<\/p>\n<p>A grande maioria dos produtores rurais associados tem sua economia em atividades como: olericultura, caf\u00e9, mandioca e frut\u00edferas. \u201cNossa meta \u00e9 trabalhar para a multiplica\u00e7\u00e3o da produ\u00e7\u00e3o de frutas para atender a agroind\u00fastria de polpas do munic\u00edpio\u201d, explica Andr\u00e9.<\/p>\n<p>A agroind\u00fastria familiar Mapinguari, de propriedade do produtor rural Erni Santos Lima, trabalha com a produ\u00e7\u00e3o de polpas, entretanto h\u00e1 demanda de mat\u00e9ria prima na regi\u00e3o. Com o incentivo no aumento da produ\u00e7\u00e3o de frutas, al\u00e9m de garantir o aumento da produ\u00e7\u00e3o na agroind\u00fastria, o produtor rural que trabalhar com frut\u00edferas ter garantida a comercializa\u00e7\u00e3o da sua produ\u00e7\u00e3o.<\/p>\n<p>Tamb\u00e9m ser\u00e1 incentivado, atrav\u00e9s da Associa\u00e7\u00e3o dos Produtores Rurais Chacareiros do Munic\u00edpio do Vale do Anari, a diversifica\u00e7\u00e3o da produ\u00e7\u00e3o, em especial, com o cultivo do inhame, uma cultura que est\u00e1 em ascend\u00eancia no estado e com mercado aberto.<\/p>\n<h6 style=\"text-align: right;\"><em>Wania Ressutti<\/em><br \/>\n<em>Jornalista \u2013 SRTE\/DRT\/RO-959<\/em><br \/>\n<em>Fotos: Esloc de Vale do Anari<\/em><br \/>\n<em>EMATER-RO<\/em><\/h6>\n","protected":false},"excerpt":{"rendered":"<p>Que a agricultura \u00e9 muito importante para o desenvolvimento econ\u00f4mico regional todo mundo concorda, mas ser importante n\u00e3o basta para que o produtor rural tenha os caminhos abertos para comercializar [&hellip;]<\/p>\n","protected":false},"author":9,"featured_media":2241,"comment_status":"closed","ping_status":"closed","sticky":false,"template":"","format":"standard","meta":[],"categories":[10,9,12],"tags":[135,67,147],"_links":{"self":[{"href":"http:\/\/www.emater.ro.gov.br\/ematerro\/wp-json\/wp\/v2\/posts\/2181"}],"collection":[{"href":"http:\/\/www.emater.ro.gov.br\/ematerro\/wp-json\/wp\/v2\/posts"}],"about":[{"href":"http:\/\/www.emater.ro.gov.br\/ematerro\/wp-json\/wp\/v2\/types\/post"}],"author":[{"embeddable":true,"href":"http:\/\/www.emater.ro.gov.br\/ematerro\/wp-json\/wp\/v2\/users\/9"}],"replies":[{"embeddable":true,"href":"http:\/\/www.emater.ro.gov.br\/ematerro\/wp-json\/wp\/v2\/comments?post=2181"}],"version-history":[{"count":4,"href":"http:\/\/www.emater.ro.gov.br\/ematerro\/wp-json\/wp\/v2\/posts\/2181\/revisions"}],"predecessor-version":[{"id":2245,"href":"http:\/\/www.emater.ro.gov.br\/ematerro\/wp-json\/wp\/v2\/posts\/2181\/revisions\/2245"}],"wp:featuredmedia":[{"embeddable":true,"href":"http:\/\/www.emater.ro.gov.br\/ematerro\/wp-json\/wp\/v2\/media\/2241"}],"wp:attachment":[{"href":"http:\/\/www.emater.ro.gov.br\/ematerro\/wp-json\/wp\/v2\/media?parent=2181"}],"wp:term":[{"taxonomy":"category","embeddable":true,"href":"http:\/\/www.emater.ro.gov.br\/ematerro\/wp-json\/wp\/v2\/categories?post=2181"},{"taxonomy":"post_tag","embeddable":true,"href":"http:\/\/www.emater.ro.gov.br\/ematerro\/wp-json\/wp\/v2\/tags?post=2181"}],"curies":[{"name":"wp","href":"https:\/\/api.w.org\/{rel}","templated":true}]}}