{"id":2110,"date":"2017-02-13T11:11:20","date_gmt":"2017-02-13T15:11:20","guid":{"rendered":"http:\/\/www.emater.ro.gov.br\/ematerro\/?p=2110"},"modified":"2017-02-15T09:17:18","modified_gmt":"2017-02-15T13:17:18","slug":"emater-ro-e-banco-do-brasil-viabilizam-qualidade-de-vida-para-produtor-rural","status":"publish","type":"post","link":"http:\/\/www.emater.ro.gov.br\/ematerro\/2017\/02\/13\/emater-ro-e-banco-do-brasil-viabilizam-qualidade-de-vida-para-produtor-rural\/","title":{"rendered":"Emater-RO e Banco do Brasil viabilizam qualidade de vida para produtor rural"},"content":{"rendered":"<p>Em visita t\u00e9cnica na propriedade do agricultor familiar Paulino, de Alvorada do Oeste, t\u00e9cnicos da Emater-RO tiveram a oportunidade de constatar os benef\u00edcios que a fam\u00edlia vem conquistando ao longo dos anos.<\/p>\n<p>Localizada no setor chacareiro daquele munic\u00edpio, a propriedade recebe assist\u00eancia t\u00e9cnica da Emater-RO desde o in\u00edcio do desenvolvimento das atividades agr\u00edcolas. A \u00e1rea est\u00e1 cadastrada como propriedade agroecol\u00f3gica e utiliza meios alternativos para controle de pragas e doen\u00e7as como mais uma alternativa de manejo nas culturas implantadas.<\/p>\n<p>Dentre as atividades produzidas na propriedade est\u00e1 um hectare de inhame S\u00e3o Tom\u00e9, com estimativa de produ\u00e7\u00e3o de 20 toneladas, dois hectares de inhame Da Costa com estimativa de produ\u00e7\u00e3o de 25 toneladas e um hectare de batata doce e proje\u00e7\u00e3o de colheita 10 toneladas batata.<\/p>\n<p>A visita t\u00e9cnica teve por objetivo a viabiliza\u00e7\u00e3o de investimento para constru\u00e7\u00e3o de um po\u00e7o semi-artesiano, aquisi\u00e7\u00e3o de uma ro\u00e7adeira e de uma bomba motorizada.<\/p>\n<p>Os recursos para viabiliza\u00e7\u00e3o do projeto elaborado pela Emater-RO s\u00e3o oriundos de financiamento atrav\u00e9s da linha de cr\u00e9dito do Programa Nacional de Fortalecimento da Agricultura Familiar (Pronaf), oferecido pelo Banco do Brasil, permitindo \u00e0 fam\u00edlia obter uma melhoria na qualidade de vida.<\/p>\n    <style>      #bwg_container1_0 #bwg_container2_0 .bwg_standart_thumbnails_0 * {        -moz-box-sizing: border-box;        box-sizing: border-box;      }      #bwg_container1_0 #bwg_container2_0 .bwg_standart_thumb_spun1_0 {        -moz-box-sizing: content-box;        box-sizing: content-box;        background-color: #FFFFFF;        display: inline-block;        height: 90px;        margin: 4px;        padding: 0px;        opacity: 1.00;        filter: Alpha(opacity=100);        text-align: center;        vertical-align: middle;        transition: all 0.3s ease 0s;-webkit-transition: all 0.3s ease 0s;        width: 180px;        z-index: 100;      }      #bwg_container1_0 #bwg_container2_0 .bwg_standart_thumb_spun1_0:hover {        -ms-transform: scale(1.1);        -webkit-transform: scale(1.1);        backface-visibility: hidden;        -webkit-backface-visibility: hidden;        -moz-backface-visibility: hidden;        -ms-backface-visibility: hidden;        opacity: 1;        filter: Alpha(opacity=100);        transform: scale(1.1);        z-index: 102;        position: relative;      }      #bwg_container1_0 #bwg_container2_0 .bwg_standart_thumb_spun2_0 {        border: 0px none #CCCCCC;        border-radius: 0;        box-shadow: 0px 0px 0px #888888;        display: inline-block;        height: 90px;        overflow: hidden;        width: 180px;      }      #bwg_container1_0 #bwg_container2_0 .bwg_standart_thumbnails_0 {        background-color: rgba(255, 255, 255, 0.00);        display: inline-block;        font-size: 0;        max-width: 960px;        text-align: center;      }      #bwg_container1_0 #bwg_container2_0 .bwg_standart_thumb_0 {        display: inline-block;        text-align: center;      }            #bwg_container1_0 #bwg_container2_0 .bwg_standart_thumb_spun1_0:hover .bwg_title_spun1_0 {        left: 0px;        top: 0px;        opacity: 1;        filter: Alpha(opacity=100);      }      #bwg_container1_0 #bwg_container2_0 .bwg_title_spun2_0 {        color: #CCCCCC;        display: table-cell;        font-family: segoe ui;        font-size: 16px;        font-weight: bold;        height: inherit;        padding: 2px;        text-shadow: 0px 0px 0px #888888;        vertical-align: middle;        width: inherit;        word-wrap: break-word;      }      \/*pagination styles*\/      #bwg_container1_0 #bwg_container2_0 .tablenav-pages_0 {        text-align: center;        font-size: 12px;        font-family: segoe ui;        font-weight: bold;        color: #666666;        margin: 6px 0 4px;        display: block;        height: 30px;        line-height: 30px;      }      @media only screen and (max-width : 320px) {        #bwg_container1_0 #bwg_container2_0 .displaying-num_0 {          display: none;        }      }      #bwg_container1_0 #bwg_container2_0 .displaying-num_0 {        font-size: 12px;        font-family: segoe ui;        font-weight: bold;        color: #666666;        margin-right: 10px;        vertical-align: middle;      }      #bwg_container1_0 #bwg_container2_0 .paging-input_0 {        font-size: 12px;        font-family: segoe ui;        font-weight: bold;        color: #666666;        vertical-align: middle;      }      #bwg_container1_0 #bwg_container2_0 .tablenav-pages_0 a.disabled,      #bwg_container1_0 #bwg_container2_0 .tablenav-pages_0 a.disabled:hover,      #bwg_container1_0 #bwg_container2_0 .tablenav-pages_0 a.disabled:focus {        cursor: default;        color: rgba(102, 102, 102, 0.5);      }      #bwg_container1_0 #bwg_container2_0 .tablenav-pages_0 a {        cursor: pointer;        font-size: 12px;        font-family: segoe ui;        font-weight: bold;        color: #666666;        text-decoration: none;        padding: 3px 6px;        margin: 0;        border-radius: 0;        border-style: solid;        border-width: 1px;        border-color: #E3E3E3;        background-color: #FFFFFF;        opacity: 1.00;        filter: Alpha(opacity=100);        box-shadow: 0;        transition: all 0.3s ease 0s;-webkit-transition: all 0.3s ease 0s;      }      #bwg_container1_0 #bwg_container2_0 .bwg_back_0 {        background-color: rgba(0, 0, 0, 0);        color: #000000 !important;        cursor: pointer;        display: block;        font-family: segoe ui;        font-size: 16px;        font-weight: bold;        text-decoration: none;        padding: 0;      }      #bwg_container1_0 #bwg_container2_0 #spider_popup_overlay_0 {        background-color: #000000;        opacity: 0.70;        filter: Alpha(opacity=70);      }     .bwg_play_icon_spun_0 {        width: inherit;        height: inherit;        display: table;        position: absolute;      }\t      .bwg_play_icon_0 {        color: #CCCCCC;        font-size: 32px;        vertical-align: middle;        display: table-cell !important;        z-index: 1;        text-align: center;        margin: 0 auto;      }    <\/style>    <div id=\"bwg_container1_0\">      <div id=\"bwg_container2_0\">        <form id=\"gal_front_form_0\" method=\"post\" action=\"#\">                    <div class=\"bwg_back_0\"><\/div>          <div style=\"background-color:rgba(0, 0, 0, 0); text-align: center; width:100%; position: relative;\">            <div id=\"ajax_loading_0\" style=\"position:absolute;width: 100%; z-index: 115; text-align: center; height: 100%; vertical-align: middle; display:none;\">              <div style=\"display: table; vertical-align: middle; width: 100%; height: 100%; background-color: #FFFFFF; opacity: 0.7; filter: Alpha(opacity=70);\">                <div style=\"display: table-cell; text-align: center; position: relative; vertical-align: middle;\" >                  <div id=\"loading_div_0\" class=\"bwg_spider_ajax_loading\" style=\"display: inline-block; text-align:center; position:relative; vertical-align:middle; background-image:url(http:\/\/www.emater.ro.gov.br\/ematerro\/wp-content\/plugins\/photo-gallery\/images\/ajax_loader.gif); float: none; width:30px;height:30px;background-size:30px 30px;\">                  <\/div>                <\/div>              <\/div>            <\/div>                        <div id=\"bwg_standart_thumbnails_0\" class=\"bwg_standart_thumbnails_0\">                              <a  class=\"bwg_lightbox_0\" href=\"http:\/\/www.emater.ro.gov.br\/ematerro\/wp-content\/uploads\/photo-gallery\/AGROECOLOGIA_ALVORADA_(13).jpg\" data-image-id=\"306\">                  <span class=\"bwg_standart_thumb_0\">                                        <span class=\"bwg_standart_thumb_spun1_0\">                      <span class=\"bwg_standart_thumb_spun2_0\">                                                <img class=\"bwg_standart_thumb_img_0 bwg_img_clear bwg_img_custom\" style=\"width:180px; height:112.2px; margin-left: 0px; margin-top: -11.1px;\" id=\"306\" src=\"http:\/\/www.emater.ro.gov.br\/ematerro\/wp-content\/uploads\/photo-gallery\/thumb\/AGROECOLOGIA_ALVORADA_(13).jpg\" alt=\"AGROECOLOGIA ALVORADA (13)   \" \/>                      <\/span>                    <\/span>                                      <\/span>                <\/a>                                <a  class=\"bwg_lightbox_0\" href=\"http:\/\/www.emater.ro.gov.br\/ematerro\/wp-content\/uploads\/photo-gallery\/AGROECOLOGIA_ALVORADA_(12).jpg\" data-image-id=\"305\">                  <span class=\"bwg_standart_thumb_0\">                                        <span class=\"bwg_standart_thumb_spun1_0\">                      <span class=\"bwg_standart_thumb_spun2_0\">                                                <img class=\"bwg_standart_thumb_img_0 bwg_img_clear bwg_img_custom\" style=\"width:180px; height:112.2px; margin-left: 0px; margin-top: -11.1px;\" id=\"305\" src=\"http:\/\/www.emater.ro.gov.br\/ematerro\/wp-content\/uploads\/photo-gallery\/thumb\/AGROECOLOGIA_ALVORADA_(12).jpg\" alt=\"AGROECOLOGIA ALVORADA (12)   \" \/>                      <\/span>                    <\/span>                                      <\/span>                <\/a>                                <a  class=\"bwg_lightbox_0\" href=\"http:\/\/www.emater.ro.gov.br\/ematerro\/wp-content\/uploads\/photo-gallery\/AGROECOLOGIA_ALVORADA_(11).jpg\" data-image-id=\"304\">                  <span class=\"bwg_standart_thumb_0\">                                        <span class=\"bwg_standart_thumb_spun1_0\">                      <span class=\"bwg_standart_thumb_spun2_0\">                                                <img class=\"bwg_standart_thumb_img_0 bwg_img_clear bwg_img_custom\" style=\"width:180px; height:112.2px; margin-left: 0px; margin-top: -11.1px;\" id=\"304\" src=\"http:\/\/www.emater.ro.gov.br\/ematerro\/wp-content\/uploads\/photo-gallery\/thumb\/AGROECOLOGIA_ALVORADA_(11).jpg\" alt=\"AGROECOLOGIA ALVORADA (11)   \" \/>                      <\/span>                    <\/span>                                      <\/span>                <\/a>                                <a  class=\"bwg_lightbox_0\" href=\"http:\/\/www.emater.ro.gov.br\/ematerro\/wp-content\/uploads\/photo-gallery\/AGROECOLOGIA_ALVORADA_(10).jpg\" data-image-id=\"303\">                  <span class=\"bwg_standart_thumb_0\">                                        <span class=\"bwg_standart_thumb_spun1_0\">                      <span class=\"bwg_standart_thumb_spun2_0\">                                                <img class=\"bwg_standart_thumb_img_0 bwg_img_clear bwg_img_custom\" style=\"width:180px; height:112.2px; margin-left: 0px; margin-top: -11.1px;\" id=\"303\" src=\"http:\/\/www.emater.ro.gov.br\/ematerro\/wp-content\/uploads\/photo-gallery\/thumb\/AGROECOLOGIA_ALVORADA_(10).jpg\" alt=\"AGROECOLOGIA ALVORADA (10)   \" \/>                      <\/span>                    <\/span>                                      <\/span>                <\/a>                                <a  class=\"bwg_lightbox_0\" href=\"http:\/\/www.emater.ro.gov.br\/ematerro\/wp-content\/uploads\/photo-gallery\/AGROECOLOGIA_ALVORADA_(9).jpg\" data-image-id=\"302\">                  <span class=\"bwg_standart_thumb_0\">                                        <span class=\"bwg_standart_thumb_spun1_0\">                      <span class=\"bwg_standart_thumb_spun2_0\">                                                <img class=\"bwg_standart_thumb_img_0 bwg_img_clear bwg_img_custom\" style=\"width:180px; height:112.2px; margin-left: 0px; margin-top: -11.1px;\" id=\"302\" src=\"http:\/\/www.emater.ro.gov.br\/ematerro\/wp-content\/uploads\/photo-gallery\/thumb\/AGROECOLOGIA_ALVORADA_(9).jpg\" alt=\"AGROECOLOGIA ALVORADA (9)   \" \/>                      <\/span>                    <\/span>                                      <\/span>                <\/a>                                <a  class=\"bwg_lightbox_0\" href=\"http:\/\/www.emater.ro.gov.br\/ematerro\/wp-content\/uploads\/photo-gallery\/AGROECOLOGIA_ALVORADA_(8).jpg\" data-image-id=\"301\">                  <span class=\"bwg_standart_thumb_0\">                                        <span class=\"bwg_standart_thumb_spun1_0\">                      <span class=\"bwg_standart_thumb_spun2_0\">                                                <img class=\"bwg_standart_thumb_img_0 bwg_img_clear bwg_img_custom\" style=\"width:180px; height:112.2px; margin-left: 0px; margin-top: -11.1px;\" id=\"301\" src=\"http:\/\/www.emater.ro.gov.br\/ematerro\/wp-content\/uploads\/photo-gallery\/thumb\/AGROECOLOGIA_ALVORADA_(8).jpg\" alt=\"AGROECOLOGIA ALVORADA (8)   \" \/>                      <\/span>                    <\/span>                                      <\/span>                <\/a>                                <a  class=\"bwg_lightbox_0\" href=\"http:\/\/www.emater.ro.gov.br\/ematerro\/wp-content\/uploads\/photo-gallery\/AGROECOLOGIA_ALVORADA_(7).jpg\" data-image-id=\"300\">                  <span class=\"bwg_standart_thumb_0\">                                        <span class=\"bwg_standart_thumb_spun1_0\">                      <span class=\"bwg_standart_thumb_spun2_0\">                                                <img class=\"bwg_standart_thumb_img_0 bwg_img_clear bwg_img_custom\" style=\"width:180px; height:112.2px; margin-left: 0px; margin-top: -11.1px;\" id=\"300\" src=\"http:\/\/www.emater.ro.gov.br\/ematerro\/wp-content\/uploads\/photo-gallery\/thumb\/AGROECOLOGIA_ALVORADA_(7).jpg\" alt=\"AGROECOLOGIA ALVORADA (7)   \" \/>                      <\/span>                    <\/span>                                      <\/span>                <\/a>                                <a  class=\"bwg_lightbox_0\" href=\"http:\/\/www.emater.ro.gov.br\/ematerro\/wp-content\/uploads\/photo-gallery\/AGROECOLOGIA_ALVORADA_(6).jpg\" data-image-id=\"299\">                  <span class=\"bwg_standart_thumb_0\">                                        <span class=\"bwg_standart_thumb_spun1_0\">                      <span class=\"bwg_standart_thumb_spun2_0\">                                                <img class=\"bwg_standart_thumb_img_0 bwg_img_clear bwg_img_custom\" style=\"width:180px; height:112.2px; margin-left: 0px; margin-top: -11.1px;\" id=\"299\" src=\"http:\/\/www.emater.ro.gov.br\/ematerro\/wp-content\/uploads\/photo-gallery\/thumb\/AGROECOLOGIA_ALVORADA_(6).jpg\" alt=\"AGROECOLOGIA ALVORADA (6)   \" \/>                      <\/span>                    <\/span>                                      <\/span>                <\/a>                                <a  class=\"bwg_lightbox_0\" href=\"http:\/\/www.emater.ro.gov.br\/ematerro\/wp-content\/uploads\/photo-gallery\/AGROECOLOGIA_ALVORADA_(5).jpg\" data-image-id=\"298\">                  <span class=\"bwg_standart_thumb_0\">                                        <span class=\"bwg_standart_thumb_spun1_0\">                      <span class=\"bwg_standart_thumb_spun2_0\">                                                <img class=\"bwg_standart_thumb_img_0 bwg_img_clear bwg_img_custom\" style=\"width:180px; height:112.2px; margin-left: 0px; margin-top: -11.1px;\" id=\"298\" src=\"http:\/\/www.emater.ro.gov.br\/ematerro\/wp-content\/uploads\/photo-gallery\/thumb\/AGROECOLOGIA_ALVORADA_(5).jpg\" alt=\"AGROECOLOGIA ALVORADA (5)   \" \/>                      <\/span>                    <\/span>                                      <\/span>                <\/a>                                <a  class=\"bwg_lightbox_0\" href=\"http:\/\/www.emater.ro.gov.br\/ematerro\/wp-content\/uploads\/photo-gallery\/AGROECOLOGIA_ALVORADA_(4).jpg\" data-image-id=\"297\">                  <span class=\"bwg_standart_thumb_0\">                                        <span class=\"bwg_standart_thumb_spun1_0\">                      <span class=\"bwg_standart_thumb_spun2_0\">                                                <img class=\"bwg_standart_thumb_img_0 bwg_img_clear bwg_img_custom\" style=\"width:180px; height:112.2px; margin-left: 0px; margin-top: -11.1px;\" id=\"297\" src=\"http:\/\/www.emater.ro.gov.br\/ematerro\/wp-content\/uploads\/photo-gallery\/thumb\/AGROECOLOGIA_ALVORADA_(4).jpg\" alt=\"AGROECOLOGIA ALVORADA (4)   \" \/>                      <\/span>                    <\/span>                                      <\/span>                <\/a>                                <a  class=\"bwg_lightbox_0\" href=\"http:\/\/www.emater.ro.gov.br\/ematerro\/wp-content\/uploads\/photo-gallery\/AGROECOLOGIA_ALVORADA_(3).jpg\" data-image-id=\"296\">                  <span class=\"bwg_standart_thumb_0\">                                        <span class=\"bwg_standart_thumb_spun1_0\">                      <span class=\"bwg_standart_thumb_spun2_0\">                                                <img class=\"bwg_standart_thumb_img_0 bwg_img_clear bwg_img_custom\" style=\"width:180px; height:112.2px; margin-left: 0px; margin-top: -11.1px;\" id=\"296\" src=\"http:\/\/www.emater.ro.gov.br\/ematerro\/wp-content\/uploads\/photo-gallery\/thumb\/AGROECOLOGIA_ALVORADA_(3).jpg\" alt=\"AGROECOLOGIA ALVORADA (3)   \" \/>                      <\/span>                    <\/span>                                      <\/span>                <\/a>                                <a  class=\"bwg_lightbox_0\" href=\"http:\/\/www.emater.ro.gov.br\/ematerro\/wp-content\/uploads\/photo-gallery\/AGROECOLOGIA_ALVORADA_(2).jpg\" data-image-id=\"295\">                  <span class=\"bwg_standart_thumb_0\">                                        <span class=\"bwg_standart_thumb_spun1_0\">                      <span class=\"bwg_standart_thumb_spun2_0\">                                                <img class=\"bwg_standart_thumb_img_0 bwg_img_clear bwg_img_custom\" style=\"width:180px; height:112.2px; margin-left: 0px; margin-top: -11.1px;\" id=\"295\" src=\"http:\/\/www.emater.ro.gov.br\/ematerro\/wp-content\/uploads\/photo-gallery\/thumb\/AGROECOLOGIA_ALVORADA_(2).jpg\" alt=\"AGROECOLOGIA ALVORADA (2)   \" \/>                      <\/span>                    <\/span>                                      <\/span>                <\/a>                                <a  class=\"bwg_lightbox_0\" href=\"http:\/\/www.emater.ro.gov.br\/ematerro\/wp-content\/uploads\/photo-gallery\/AGROECOLOGIA_ALVORADA_(1).jpg\" data-image-id=\"294\">                  <span class=\"bwg_standart_thumb_0\">                                        <span class=\"bwg_standart_thumb_spun1_0\">                      <span class=\"bwg_standart_thumb_spun2_0\">                                                <img class=\"bwg_standart_thumb_img_0 bwg_img_clear bwg_img_custom\" style=\"width:180px; height:112.2px; margin-left: 0px; margin-top: -11.1px;\" id=\"294\" src=\"http:\/\/www.emater.ro.gov.br\/ematerro\/wp-content\/uploads\/photo-gallery\/thumb\/AGROECOLOGIA_ALVORADA_(1).jpg\" alt=\"AGROECOLOGIA ALVORADA (1)   \" \/>                      <\/span>                    <\/span>                                      <\/span>                <\/a>                            <\/div>                <span class=\"bwg_nav_cont_0\">        <div class=\"tablenav-pages_0\">          <\/div>          <input type=\"hidden\" id=\"page_number_0\" name=\"page_number_0\" value=\"1\" \/>    <script type=\"text\/javascript\">      function spider_page_0(cur, x, y, load_more) {        if (typeof load_more == \"undefined\") {          var load_more = false;        }        if (jQuery(cur).hasClass('disabled')) {          return false;        }        var items_county_0 = 1;        switch (y) {          case 1:            if (x >= items_county_0) {              document.getElementById('page_number_0').value = items_county_0;            }            else {              document.getElementById('page_number_0').value = x + 1;            }            break;          case 2:            document.getElementById('page_number_0').value = items_county_0;            break;          case -1:            if (x == 1) {              document.getElementById('page_number_0').value = 1;            }            else {              document.getElementById('page_number_0').value = x - 1;            }            break;          case -2:            document.getElementById('page_number_0').value = 1;            break;          default:            document.getElementById('page_number_0').value = 1;        }        spider_frontend_ajax('gal_front_form_0', '0', 'bwg_standart_thumbnails_0', '0', '', 'album', 0, '', '', load_more);      }      jQuery('.first-page-0').on('click', function() {        spider_page_0(this, 1, -2);      });      jQuery('.prev-page-0').on('click', function() {        spider_page_0(this, 1, -1);        return false;      });      jQuery('.next-page-0').on('click', function() {        spider_page_0(this, 1, 1);        return false;      });      jQuery('.last-page-0').on('click', function() {        spider_page_0(this, 1, 2);      });      jQuery('.bwg_load_btn_0').on('click', function() {        spider_page_0(this, 1, 1, true);        return false;      });    <\/script>    <\/span>              <\/div>        <\/form>        <div id=\"bwg_spider_popup_loading_0\" class=\"bwg_spider_popup_loading\"><\/div>        <div id=\"spider_popup_overlay_0\" class=\"spider_popup_overlay\" onclick=\"spider_destroypopup(1000)\"><\/div>      <\/div>    <\/div>    <script>            function bwg_gallery_box_0(image_id) {        var filterTags = jQuery(\"#bwg_tags_id_bwg_standart_thumbnails_0\" ).val() ? jQuery(\"#bwg_tags_id_bwg_standart_thumbnails_0\" ).val() : 0;        var filtersearchname = jQuery(\"#bwg_search_input_0\" ).val() ? jQuery(\"#bwg_search_input_0\" ).val() : '';        spider_createpopup('http:\/\/www.emater.ro.gov.br\/ematerro\/wp-admin\/admin-ajax.php?tag_id=0&action=GalleryBox&current_view=0&gallery_id=19&theme_id=1&thumb_width=180&thumb_height=90&open_with_fullscreen=0&open_with_autoplay=0&image_width=800&image_height=500&image_effect=fade&wd_sor=order&wd_ord= asc &enable_image_filmstrip=1&image_filmstrip_height=50&enable_image_ctrl_btn=1&enable_image_fullscreen=1&popup_enable_info=1&popup_info_always_show=0&popup_info_full_width=0&popup_hit_counter=0&popup_enable_rate=0&slideshow_interval=5&enable_comment_social=1&enable_image_facebook=1&enable_image_twitter=1&enable_image_google=1&enable_image_pinterest=0&enable_image_tumblr=0&watermark_type=none&slideshow_effect_duration=1&image_id=' + image_id + \"&filter_tag_0=\" +  filterTags + \"&filter_search_name_0=\" +  filtersearchname, '0', '800', '500', 1, 'testpopup', 5, \"bottom\");      }      function bwg_document_ready_0() {        var bwg_touch_flag = false;        jQuery(\".bwg_lightbox_0\").on(\"click\", function () {          if (!bwg_touch_flag) {            bwg_touch_flag = true;            setTimeout(function(){ bwg_touch_flag = false; }, 100);            bwg_gallery_box_0(jQuery(this).attr(\"data-image-id\"));            return false;          }        });               }      jQuery(document).ready(function () {        bwg_document_ready_0();      });    <\/script>    \n","protected":false},"excerpt":{"rendered":"<p>Em visita t\u00e9cnica na propriedade do agricultor familiar Paulino, de Alvorada do Oeste, t\u00e9cnicos da Emater-RO tiveram a oportunidade de constatar os benef\u00edcios que a fam\u00edlia vem conquistando ao longo [&hellip;]<\/p>\n","protected":false},"author":9,"featured_media":2111,"comment_status":"closed","ping_status":"closed","sticky":false,"template":"","format":"standard","meta":[],"categories":[11],"tags":[],"_links":{"self":[{"href":"http:\/\/www.emater.ro.gov.br\/ematerro\/wp-json\/wp\/v2\/posts\/2110"}],"collection":[{"href":"http:\/\/www.emater.ro.gov.br\/ematerro\/wp-json\/wp\/v2\/posts"}],"about":[{"href":"http:\/\/www.emater.ro.gov.br\/ematerro\/wp-json\/wp\/v2\/types\/post"}],"author":[{"embeddable":true,"href":"http:\/\/www.emater.ro.gov.br\/ematerro\/wp-json\/wp\/v2\/users\/9"}],"replies":[{"embeddable":true,"href":"http:\/\/www.emater.ro.gov.br\/ematerro\/wp-json\/wp\/v2\/comments?post=2110"}],"version-history":[{"count":2,"href":"http:\/\/www.emater.ro.gov.br\/ematerro\/wp-json\/wp\/v2\/posts\/2110\/revisions"}],"predecessor-version":[{"id":2149,"href":"http:\/\/www.emater.ro.gov.br\/ematerro\/wp-json\/wp\/v2\/posts\/2110\/revisions\/2149"}],"wp:featuredmedia":[{"embeddable":true,"href":"http:\/\/www.emater.ro.gov.br\/ematerro\/wp-json\/wp\/v2\/media\/2111"}],"wp:attachment":[{"href":"http:\/\/www.emater.ro.gov.br\/ematerro\/wp-json\/wp\/v2\/media?parent=2110"}],"wp:term":[{"taxonomy":"category","embeddable":true,"href":"http:\/\/www.emater.ro.gov.br\/ematerro\/wp-json\/wp\/v2\/categories?post=2110"},{"taxonomy":"post_tag","embeddable":true,"href":"http:\/\/www.emater.ro.gov.br\/ematerro\/wp-json\/wp\/v2\/tags?post=2110"}],"curies":[{"name":"wp","href":"https:\/\/api.w.org\/{rel}","templated":true}]}}