{"id":2085,"date":"2017-02-13T10:30:46","date_gmt":"2017-02-13T14:30:46","guid":{"rendered":"http:\/\/www.emater.ro.gov.br\/ematerro\/?p=2085"},"modified":"2017-02-13T12:20:56","modified_gmt":"2017-02-13T16:20:56","slug":"renovacao-da-cafeicultura","status":"publish","type":"post","link":"http:\/\/www.emater.ro.gov.br\/ematerro\/2017\/02\/13\/renovacao-da-cafeicultura\/","title":{"rendered":"Renova\u00e7\u00e3o da Cafe\u00edcultura"},"content":{"rendered":"<p>Um grupo de agricultores de Alvorada do Oeste, munic\u00edpio rondoniense a aproximadamente 500 km da capital Porto Velho, se destaca entre os produtores de caf\u00e9 do Estado, e n\u00e3o \u00e9 porque eles sejam os maiores produtores individuais de caf\u00e9, ou tenham conseguido as maiores produtividades na cultura.<\/p>\n<p><img decoding=\"async\" loading=\"lazy\" class=\"aligncenter wp-image-2086 size-large\" src=\"http:\/\/www.emater.ro.gov.br\/ematerro\/wp-content\/uploads\/2017\/02\/IMG-20170209-WA0000-1024x576.jpg\" alt=\"IMG-20170209-WA0000\" width=\"1024\" height=\"576\" srcset=\"http:\/\/www.emater.ro.gov.br\/ematerro\/wp-content\/uploads\/2017\/02\/IMG-20170209-WA0000-1024x576.jpg 1024w, http:\/\/www.emater.ro.gov.br\/ematerro\/wp-content\/uploads\/2017\/02\/IMG-20170209-WA0000-300x169.jpg 300w, http:\/\/www.emater.ro.gov.br\/ematerro\/wp-content\/uploads\/2017\/02\/IMG-20170209-WA0000-768x432.jpg 768w, http:\/\/www.emater.ro.gov.br\/ematerro\/wp-content\/uploads\/2017\/02\/IMG-20170209-WA0000.jpg 1040w\" sizes=\"(max-width: 1024px) 100vw, 1024px\" \/><\/p>\n<p>O que os fazem diferentes \u00e9 exatamente o que deveria ser \u00a0normal, para quem tem a cafeicultura como atividade profissional, a coragem de investir no caf\u00e9, mesmo quando o produto estava em baixa eles insistiram, agora com a melhora dos pre\u00e7os, nos \u00faltimos dois anos, eles come\u00e7am a colher os resultados da persist\u00eancia no cultivo do caf\u00e9, e por acreditar na for\u00e7a da coopera\u00e7\u00e3o e na assist\u00eancia t\u00e9cnica prestada pela Emater-RO.<\/p>\n<p>Este grupo, conhecido como \u201cos baianos\u201d \u00e9 formado por quatro fam\u00edlias principais e seus filhos, alguns j\u00e1 casados, mas todos trabalhando juntos, embora cada um tenha sua lavoura individualmente. Os grandes investimentos s\u00e3o feitos em grupo, seguindo a linha do insumo indivis\u00edvel, quando uma m\u00e1quina de necessidade comum a todos \u00e9 muito cara e sua capacidade operacional \u00e9 maior que a necessidade individual do agricultor, ent\u00e3o o grupo compra e todos s\u00e3o beneficiados.<\/p>\n<p><img decoding=\"async\" loading=\"lazy\" class=\"size-medium wp-image-2104 alignright\" src=\"http:\/\/www.emater.ro.gov.br\/ematerro\/wp-content\/uploads\/2017\/02\/IMG-20170209-WA0018-300x210.jpg\" alt=\"IMG-20170209-WA0018\" width=\"300\" height=\"210\" srcset=\"http:\/\/www.emater.ro.gov.br\/ematerro\/wp-content\/uploads\/2017\/02\/IMG-20170209-WA0018-300x210.jpg 300w, http:\/\/www.emater.ro.gov.br\/ematerro\/wp-content\/uploads\/2017\/02\/IMG-20170209-WA0018-768x536.jpg 768w, http:\/\/www.emater.ro.gov.br\/ematerro\/wp-content\/uploads\/2017\/02\/IMG-20170209-WA0018-1024x715.jpg 1024w, http:\/\/www.emater.ro.gov.br\/ematerro\/wp-content\/uploads\/2017\/02\/IMG-20170209-WA0018.jpg 1280w\" sizes=\"(max-width: 300px) 100vw, 300px\" \/><\/p>\n<p>Desta forma eles est\u00e3o montando a infra-estrutura necess\u00e1ria a suas propriedades, j\u00e1 conseguiram financiar a compra de dois secadores, uma m\u00e1quina recolhedora de caf\u00e9, um barrac\u00e3o com estrutura met\u00e1lica para abrigar maquinas e equipamentos, e modernos sistemas de irriga\u00e7\u00e3o por gotejo e microaspers\u00e3o, todos com projetos t\u00e9cnicos elaborados pela Emater-RO e cr\u00e9dito de bancos oficiais.<\/p>\n<p>Os baianos dividem a lideran\u00e7a do grupo entre seus quatro patriarcas, seu Antonio Alves Sobrinho, Dion\u00edsio Alves Moreira, Edvaldo Alves Moreira e Vicente Morais Santande. Desde que eles se instalaram em suas propriedades no munic\u00edpio de Alvorada, cultivam caf\u00e9, no inicio todas as lavouras eram plantadas por sementes, chamado pelos t\u00e9cnicos de cultivo seminal, mas n\u00e3o ficaram parados no tempo, de 2013 para c\u00e1, est\u00e3o substituindo suas lavouras convencionais por cultivo de clones de alta produtividade.<\/p>\n<p><strong>Clone<\/strong><\/p>\n<p>Diz-se que uma lavoura \u00e9 clonal quando ela \u00e9 formada por plantas reproduzidas n\u00e3o por sementes, mas atrav\u00e9s de estacas tiradas de uma \u00fanica planta, neste caso todas as plantas ter\u00e3o a mesma carga gen\u00e9tica da planta m\u00e3e, portanto potencialmente ter\u00e3o a mesma produtividade, resist\u00eancia e homogeneidade na matura\u00e7\u00e3o dos frutos, caracter\u00edsticas que d\u00e3o grandes vantagens aos clones em rela\u00e7\u00e3o a lavouras seminais.<\/p>\n<p><img decoding=\"async\" loading=\"lazy\" class=\"size-medium wp-image-2090 alignleft\" src=\"http:\/\/www.emater.ro.gov.br\/ematerro\/wp-content\/uploads\/2017\/02\/IMG-20170209-WA0004-300x169.jpg\" alt=\"IMG-20170209-WA0004\" width=\"300\" height=\"169\" srcset=\"http:\/\/www.emater.ro.gov.br\/ematerro\/wp-content\/uploads\/2017\/02\/IMG-20170209-WA0004-300x169.jpg 300w, http:\/\/www.emater.ro.gov.br\/ematerro\/wp-content\/uploads\/2017\/02\/IMG-20170209-WA0004-768x432.jpg 768w, http:\/\/www.emater.ro.gov.br\/ematerro\/wp-content\/uploads\/2017\/02\/IMG-20170209-WA0004-1024x576.jpg 1024w, http:\/\/www.emater.ro.gov.br\/ematerro\/wp-content\/uploads\/2017\/02\/IMG-20170209-WA0004.jpg 1040w\" sizes=\"(max-width: 300px) 100vw, 300px\" \/>O engenheiro agr\u00f4nomo da Emater-RO\u00a0 Geovani Tomiazzi Soares disse que a produtividade na lavoura dos baianos sempre foi acima da m\u00e9dia, mesmo com lavouras seminais eles produziam m\u00e9dia de 40 sacas de caf\u00e9 limpo por hectare, mas esta realidade j\u00e1 mudou, com a introdu\u00e7\u00e3o dos clones os resultados da primeira safra foram de 70 sacas de caf\u00e9 limpo por hectare, 80 sacas na segunda safra e na terceira safra, quando a lavoura alcan\u00e7a a maturidade, a produtividade foi de 107 sacas de caf\u00e9 beneficiado por hectare.<\/p>\n<p><strong>Precocidade<\/strong><\/p>\n<p>Enquanto as lavouras seminais s\u00f3 produzem safras economicamente satisfat\u00f3rias\u00a0 depois de tr\u00eas anos de plantada, os cultivos de clones tem sua primeira safra aos dois anos, e quando bem conduzidos, com os tratos culturais em<br \/>\ndia e irriga\u00e7\u00e3o adequada podem alcan\u00e7ar \u00a0produtividades acima de 150 sacas de caf\u00e9 beneficiado por hectare.<\/p>\n<p>Atualmente os baianos possuem uma \u00e1rea cultivada de 37 hectares, \u00a0com caf\u00e9 em franca produ\u00e7\u00e3o \u00a0, das quais restam apenas cinco hectares que ainda n\u00e3o foram substitu\u00eddas por clones, e somente no ano de 2016 eles plantaram mais 15 hectares de lavoura nova, com clones, o que gera uma expectativa de safra para 2019 na casa das 5 mil sacas de caf\u00e9, suas lavouras.<\/p>\n<h6 style=\"text-align: right;\"><em>Texto: Enoque de Oliveira<\/em><br \/>\n<em>Fotos:\u00a0Esloc Alvorada<\/em><br \/>\n<em>EMATER-RO<\/em><\/h6>\n","protected":false},"excerpt":{"rendered":"<p>Um grupo de agricultores de Alvorada do Oeste, munic\u00edpio rondoniense a aproximadamente 500 km da capital Porto Velho, se destaca entre os produtores de caf\u00e9 do Estado, e n\u00e3o \u00e9 [&hellip;]<\/p>\n","protected":false},"author":8,"featured_media":2089,"comment_status":"closed","ping_status":"closed","sticky":false,"template":"","format":"standard","meta":[],"categories":[9],"tags":[28,65],"_links":{"self":[{"href":"http:\/\/www.emater.ro.gov.br\/ematerro\/wp-json\/wp\/v2\/posts\/2085"}],"collection":[{"href":"http:\/\/www.emater.ro.gov.br\/ematerro\/wp-json\/wp\/v2\/posts"}],"about":[{"href":"http:\/\/www.emater.ro.gov.br\/ematerro\/wp-json\/wp\/v2\/types\/post"}],"author":[{"embeddable":true,"href":"http:\/\/www.emater.ro.gov.br\/ematerro\/wp-json\/wp\/v2\/users\/8"}],"replies":[{"embeddable":true,"href":"http:\/\/www.emater.ro.gov.br\/ematerro\/wp-json\/wp\/v2\/comments?post=2085"}],"version-history":[{"count":8,"href":"http:\/\/www.emater.ro.gov.br\/ematerro\/wp-json\/wp\/v2\/posts\/2085\/revisions"}],"predecessor-version":[{"id":2115,"href":"http:\/\/www.emater.ro.gov.br\/ematerro\/wp-json\/wp\/v2\/posts\/2085\/revisions\/2115"}],"wp:featuredmedia":[{"embeddable":true,"href":"http:\/\/www.emater.ro.gov.br\/ematerro\/wp-json\/wp\/v2\/media\/2089"}],"wp:attachment":[{"href":"http:\/\/www.emater.ro.gov.br\/ematerro\/wp-json\/wp\/v2\/media?parent=2085"}],"wp:term":[{"taxonomy":"category","embeddable":true,"href":"http:\/\/www.emater.ro.gov.br\/ematerro\/wp-json\/wp\/v2\/categories?post=2085"},{"taxonomy":"post_tag","embeddable":true,"href":"http:\/\/www.emater.ro.gov.br\/ematerro\/wp-json\/wp\/v2\/tags?post=2085"}],"curies":[{"name":"wp","href":"https:\/\/api.w.org\/{rel}","templated":true}]}}