{"id":2075,"date":"2017-02-09T11:34:45","date_gmt":"2017-02-09T15:34:45","guid":{"rendered":"http:\/\/www.emater.ro.gov.br\/ematerro\/?p=2075"},"modified":"2017-02-09T12:31:25","modified_gmt":"2017-02-09T16:31:25","slug":"capacitacao-para-o-combate-a-pobreza-extrema","status":"publish","type":"post","link":"http:\/\/www.emater.ro.gov.br\/ematerro\/2017\/02\/09\/capacitacao-para-o-combate-a-pobreza-extrema\/","title":{"rendered":"Capacita\u00e7\u00e3o para o combate a pobreza extrema"},"content":{"rendered":"<p>Come\u00e7ou ontem dia 8 e continua hoje, na sede da Emater-RO em Porto Velho, uma capacita\u00e7\u00e3o com a participa\u00e7\u00e3o de t\u00e9cnicos do Minist\u00e9rio do Desenvolvimento Social e Agr\u00e1rio &#8211; MDSA, Secretaria de Estado de Assist\u00eancia Social &#8211; SEAS, Secretaria de Estado da Agricultura -SEAGRI e EMATER-RO.<\/p>\n<p>O objetivo \u00e9 preparar t\u00e9cnicos extensionistas da Emater-RO para operar um acordo de coopera\u00e7\u00e3o t\u00e9cnica entre o MDSA e o Estado de Rond\u00f4nia para aplica\u00e7\u00e3o de um programa de fomento a produ\u00e7\u00e3o agr\u00edcola, de fam\u00edlias rurais vivendo em condi\u00e7\u00e3o de pobreza extrema .<\/p>\n<p>O programa atender\u00e1 inicialmente mil fam\u00edlias em 10 munic\u00edpios do Estado com assist\u00eancia t\u00e9cnica e recursos para aquisi\u00e7\u00e3o de insumos necess\u00e1rios ao inicio das atividades produtivas, destas fam\u00edlias, que para ter acesso ao programa e seus benef\u00edcios ter\u00e1 que estar cadastrada no \u201cCadastro \u00danico\u201d para programas sociais do MDSA.<\/p>\n<p><img decoding=\"async\" loading=\"lazy\" class=\"alignnone size-medium wp-image-2080\" src=\"http:\/\/www.emater.ro.gov.br\/ematerro\/wp-content\/uploads\/2017\/02\/DSC_0043_-300x199.jpg\" alt=\"DSC_0043_\" width=\"300\" height=\"199\" srcset=\"http:\/\/www.emater.ro.gov.br\/ematerro\/wp-content\/uploads\/2017\/02\/DSC_0043_-300x199.jpg 300w, http:\/\/www.emater.ro.gov.br\/ematerro\/wp-content\/uploads\/2017\/02\/DSC_0043_-768x509.jpg 768w, http:\/\/www.emater.ro.gov.br\/ematerro\/wp-content\/uploads\/2017\/02\/DSC_0043_-1024x678.jpg 1024w, http:\/\/www.emater.ro.gov.br\/ematerro\/wp-content\/uploads\/2017\/02\/DSC_0043_-480x320.jpg 480w\" sizes=\"(max-width: 300px) 100vw, 300px\" \/> \u00a0<img decoding=\"async\" loading=\"lazy\" class=\"alignnone size-medium wp-image-2079\" src=\"http:\/\/www.emater.ro.gov.br\/ematerro\/wp-content\/uploads\/2017\/02\/DSC_0036_-300x199.jpg\" alt=\"DSC_0036_\" width=\"300\" height=\"199\" srcset=\"http:\/\/www.emater.ro.gov.br\/ematerro\/wp-content\/uploads\/2017\/02\/DSC_0036_-300x199.jpg 300w, http:\/\/www.emater.ro.gov.br\/ematerro\/wp-content\/uploads\/2017\/02\/DSC_0036_-768x509.jpg 768w, http:\/\/www.emater.ro.gov.br\/ematerro\/wp-content\/uploads\/2017\/02\/DSC_0036_-1024x678.jpg 1024w, http:\/\/www.emater.ro.gov.br\/ematerro\/wp-content\/uploads\/2017\/02\/DSC_0036_-480x320.jpg 480w\" sizes=\"(max-width: 300px) 100vw, 300px\" \/> <img decoding=\"async\" loading=\"lazy\" class=\"alignnone size-medium wp-image-2077\" src=\"http:\/\/www.emater.ro.gov.br\/ematerro\/wp-content\/uploads\/2017\/02\/DSC_0031_-300x199.jpg\" alt=\"DSC_0031_\" width=\"300\" height=\"199\" srcset=\"http:\/\/www.emater.ro.gov.br\/ematerro\/wp-content\/uploads\/2017\/02\/DSC_0031_-300x199.jpg 300w, http:\/\/www.emater.ro.gov.br\/ematerro\/wp-content\/uploads\/2017\/02\/DSC_0031_-768x509.jpg 768w, http:\/\/www.emater.ro.gov.br\/ematerro\/wp-content\/uploads\/2017\/02\/DSC_0031_-1024x678.jpg 1024w, http:\/\/www.emater.ro.gov.br\/ematerro\/wp-content\/uploads\/2017\/02\/DSC_0031_-480x320.jpg 480w\" sizes=\"(max-width: 300px) 100vw, 300px\" \/> <img decoding=\"async\" loading=\"lazy\" class=\"alignnone size-medium wp-image-2076\" src=\"http:\/\/www.emater.ro.gov.br\/ematerro\/wp-content\/uploads\/2017\/02\/DSC_0028_-300x199.jpg\" alt=\"DSC_0028_\" width=\"300\" height=\"199\" srcset=\"http:\/\/www.emater.ro.gov.br\/ematerro\/wp-content\/uploads\/2017\/02\/DSC_0028_-300x199.jpg 300w, http:\/\/www.emater.ro.gov.br\/ematerro\/wp-content\/uploads\/2017\/02\/DSC_0028_-768x509.jpg 768w, http:\/\/www.emater.ro.gov.br\/ematerro\/wp-content\/uploads\/2017\/02\/DSC_0028_-1024x678.jpg 1024w, http:\/\/www.emater.ro.gov.br\/ematerro\/wp-content\/uploads\/2017\/02\/DSC_0028_-480x320.jpg 480w\" sizes=\"(max-width: 300px) 100vw, 300px\" \/><\/p>\n","protected":false},"excerpt":{"rendered":"<p>Come\u00e7ou ontem dia 8 e continua hoje, na sede da Emater-RO em Porto Velho, uma capacita\u00e7\u00e3o com a participa\u00e7\u00e3o de t\u00e9cnicos do Minist\u00e9rio do Desenvolvimento Social e Agr\u00e1rio &#8211; MDSA, [&hellip;]<\/p>\n","protected":false},"author":8,"featured_media":2082,"comment_status":"closed","ping_status":"closed","sticky":false,"template":"","format":"standard","meta":[],"categories":[11],"tags":[],"_links":{"self":[{"href":"http:\/\/www.emater.ro.gov.br\/ematerro\/wp-json\/wp\/v2\/posts\/2075"}],"collection":[{"href":"http:\/\/www.emater.ro.gov.br\/ematerro\/wp-json\/wp\/v2\/posts"}],"about":[{"href":"http:\/\/www.emater.ro.gov.br\/ematerro\/wp-json\/wp\/v2\/types\/post"}],"author":[{"embeddable":true,"href":"http:\/\/www.emater.ro.gov.br\/ematerro\/wp-json\/wp\/v2\/users\/8"}],"replies":[{"embeddable":true,"href":"http:\/\/www.emater.ro.gov.br\/ematerro\/wp-json\/wp\/v2\/comments?post=2075"}],"version-history":[{"count":2,"href":"http:\/\/www.emater.ro.gov.br\/ematerro\/wp-json\/wp\/v2\/posts\/2075\/revisions"}],"predecessor-version":[{"id":2084,"href":"http:\/\/www.emater.ro.gov.br\/ematerro\/wp-json\/wp\/v2\/posts\/2075\/revisions\/2084"}],"wp:featuredmedia":[{"embeddable":true,"href":"http:\/\/www.emater.ro.gov.br\/ematerro\/wp-json\/wp\/v2\/media\/2082"}],"wp:attachment":[{"href":"http:\/\/www.emater.ro.gov.br\/ematerro\/wp-json\/wp\/v2\/media?parent=2075"}],"wp:term":[{"taxonomy":"category","embeddable":true,"href":"http:\/\/www.emater.ro.gov.br\/ematerro\/wp-json\/wp\/v2\/categories?post=2075"},{"taxonomy":"post_tag","embeddable":true,"href":"http:\/\/www.emater.ro.gov.br\/ematerro\/wp-json\/wp\/v2\/tags?post=2075"}],"curies":[{"name":"wp","href":"https:\/\/api.w.org\/{rel}","templated":true}]}}