{"id":1997,"date":"2017-01-31T14:59:39","date_gmt":"2017-01-31T18:59:39","guid":{"rendered":"http:\/\/www.emater.ro.gov.br\/ematerro\/?p=1997"},"modified":"2017-02-01T10:52:19","modified_gmt":"2017-02-01T14:52:19","slug":"reiniciadas-as-compras-do-paa-em-2017","status":"publish","type":"post","link":"http:\/\/www.emater.ro.gov.br\/ematerro\/2017\/01\/31\/reiniciadas-as-compras-do-paa-em-2017\/","title":{"rendered":"Reiniciadas as compras do PAA em 2017"},"content":{"rendered":"<p style=\"text-align: justify;\">Na manh\u00e3 desta ter\u00e7a 31, foram retomadas as compras de Programa de Aquisi\u00e7\u00e3o de Alimentos (PAA), no munic\u00edpio de Porto Velho. Os agricultores trouxeram um grande volume de produtos principalmente frutas e legumes que ser\u00e3o distribu\u00eddos a 79 entidades filantr\u00f3picas da capital.<\/p>\n<figure id=\"attachment_2004\" aria-describedby=\"caption-attachment-2004\" style=\"width: 500px\" class=\"wp-caption alignleft\"><img decoding=\"async\" loading=\"lazy\" class=\"wp-image-2004\" src=\"http:\/\/www.emater.ro.gov.br\/ematerro\/wp-content\/uploads\/2017\/01\/Downloads1-300x172.jpg\" alt=\"Downloads1\" width=\"500\" height=\"287\" srcset=\"http:\/\/www.emater.ro.gov.br\/ematerro\/wp-content\/uploads\/2017\/01\/Downloads1-300x172.jpg 300w, http:\/\/www.emater.ro.gov.br\/ematerro\/wp-content\/uploads\/2017\/01\/Downloads1-768x441.jpg 768w, http:\/\/www.emater.ro.gov.br\/ematerro\/wp-content\/uploads\/2017\/01\/Downloads1-1024x588.jpg 1024w\" sizes=\"(max-width: 500px) 100vw, 500px\" \/><figcaption id=\"caption-attachment-2004\" class=\"wp-caption-text\">Produtores Entregam seus produtos para o PAA<\/figcaption><\/figure>\n<p style=\"text-align: justify;\">O PAA fez uma pausa de um m\u00eas, e para o recome\u00e7o neste ano, a coordena\u00e7\u00e3o aproveitou a oportunidade para apresentar a nova equipe da prefeitura municipal, que tem duas secretarias que atuam em parceria com o Programa, a Secretaria Municipal de Agricultura (Semagric) e a Secretaria Municipal de A\u00e7\u00e3o Social (Semas), ambas presentes com seus titulares, Aldo Alberto Castanheira Junior e Claudir Rocha, respectivamente.<\/p>\n<p style=\"text-align: justify;\">A alegria era vis\u00edvel no rosto dos agricultores, enquanto descarregavam seus produtos, um sinal claro da satisfa\u00e7\u00e3o dos produtores com o programa PAA. A agricultora Ana Fernandes representou os demais produtores na mesa solene, formada para apresentar as autoridades presentes ao evento de retomada da venda direta dos produtos da agricultura familiar para o governo.<\/p>\n<p style=\"text-align: justify;\">\u00a0 Depois de pesado e registrada a compra, os produtos s\u00e3o entregues ao Programa Mesa Brasil do Servi\u00e7o Social do Comercio (SESC), respons\u00e1vel pela distribui\u00e7\u00e3o dos alimentos \u00e0s entidades sociais cadastradas.<\/p>\n<figure id=\"attachment_2008\" aria-describedby=\"caption-attachment-2008\" style=\"width: 350px\" class=\"wp-caption alignright\"><img decoding=\"async\" loading=\"lazy\" class=\"wp-image-2008\" src=\"http:\/\/www.emater.ro.gov.br\/ematerro\/wp-content\/uploads\/2017\/01\/DSC_0183-2-300x199.jpg\" alt=\"DSC_0183\" width=\"350\" height=\"233\" srcset=\"http:\/\/www.emater.ro.gov.br\/ematerro\/wp-content\/uploads\/2017\/01\/DSC_0183-2-300x199.jpg 300w, http:\/\/www.emater.ro.gov.br\/ematerro\/wp-content\/uploads\/2017\/01\/DSC_0183-2-768x511.jpg 768w, http:\/\/www.emater.ro.gov.br\/ematerro\/wp-content\/uploads\/2017\/01\/DSC_0183-2-1024x681.jpg 1024w, http:\/\/www.emater.ro.gov.br\/ematerro\/wp-content\/uploads\/2017\/01\/DSC_0183-2-480x320.jpg 480w\" sizes=\"(max-width: 350px) 100vw, 350px\" \/><figcaption id=\"caption-attachment-2008\" class=\"wp-caption-text\">A agricultora se diz satisfeita com o resultado do Programa e com o apoio que a EMATER-RO d\u00e1 aos pequenos produtores.<\/figcaption><\/figure>\n<p style=\"text-align: justify;\">Nesta \u00e9poca do ano o produto mais abundante para venda ao PAA \u00e9 a banana, mas tamb\u00e9m tem grande quantidade de citros, hortali\u00e7as, mandioca de mesa e outros produtos in natura.<\/p>\n<p style=\"text-align: justify;\">A secret\u00e1ria adjunta da Agricultura (Seagri) Mary Braganhol, apresentou o PAA aos novos dirigentes municipais, com um breve resumo de sua experi\u00eancia com o Programa de Compra direta do Agricultor com doa\u00e7\u00e3o simult\u00e2nea \u00e0s entidades sociais e filantr\u00f3picas.<\/p>\n<p style=\"text-align: justify;\">O vice presidente da Emater-RO,\u00a0 Marcio Andr\u00e9 Milani fez um r\u00e1pido discurso aos presentes onde enfatizou a necessidade de diversifica\u00e7\u00e3o dos\u00a0 produtos ofertados, bem como da continua melhoria da qualidade e quantidade dos produtos.<\/p>\n<p style=\"text-align: right;\">\u00a0 <em>Texto : Enoque de Oliveira<\/em><\/p>\n<p style=\"text-align: right;\"><em>\u00a0\u00a0Fotos : Robson Paiva\/ Rep\u00f3rter DRT 1339 RO<\/em><\/p>\n","protected":false},"excerpt":{"rendered":"<p>Na manh\u00e3 desta ter\u00e7a 31, foram retomadas as compras de Programa de Aquisi\u00e7\u00e3o de Alimentos (PAA), no munic\u00edpio de Porto Velho. Os agricultores trouxeram um grande volume de produtos principalmente [&hellip;]<\/p>\n","protected":false},"author":8,"featured_media":2004,"comment_status":"closed","ping_status":"closed","sticky":false,"template":"","format":"standard","meta":[],"categories":[10,9],"tags":[],"_links":{"self":[{"href":"http:\/\/www.emater.ro.gov.br\/ematerro\/wp-json\/wp\/v2\/posts\/1997"}],"collection":[{"href":"http:\/\/www.emater.ro.gov.br\/ematerro\/wp-json\/wp\/v2\/posts"}],"about":[{"href":"http:\/\/www.emater.ro.gov.br\/ematerro\/wp-json\/wp\/v2\/types\/post"}],"author":[{"embeddable":true,"href":"http:\/\/www.emater.ro.gov.br\/ematerro\/wp-json\/wp\/v2\/users\/8"}],"replies":[{"embeddable":true,"href":"http:\/\/www.emater.ro.gov.br\/ematerro\/wp-json\/wp\/v2\/comments?post=1997"}],"version-history":[{"count":6,"href":"http:\/\/www.emater.ro.gov.br\/ematerro\/wp-json\/wp\/v2\/posts\/1997\/revisions"}],"predecessor-version":[{"id":2040,"href":"http:\/\/www.emater.ro.gov.br\/ematerro\/wp-json\/wp\/v2\/posts\/1997\/revisions\/2040"}],"wp:featuredmedia":[{"embeddable":true,"href":"http:\/\/www.emater.ro.gov.br\/ematerro\/wp-json\/wp\/v2\/media\/2004"}],"wp:attachment":[{"href":"http:\/\/www.emater.ro.gov.br\/ematerro\/wp-json\/wp\/v2\/media?parent=1997"}],"wp:term":[{"taxonomy":"category","embeddable":true,"href":"http:\/\/www.emater.ro.gov.br\/ematerro\/wp-json\/wp\/v2\/categories?post=1997"},{"taxonomy":"post_tag","embeddable":true,"href":"http:\/\/www.emater.ro.gov.br\/ematerro\/wp-json\/wp\/v2\/tags?post=1997"}],"curies":[{"name":"wp","href":"https:\/\/api.w.org\/{rel}","templated":true}]}}