{"id":1990,"date":"2017-01-30T14:25:54","date_gmt":"2017-01-30T18:25:54","guid":{"rendered":"http:\/\/www.emater.ro.gov.br\/ematerro\/?p=1990"},"modified":"2017-02-01T10:47:47","modified_gmt":"2017-02-01T14:47:47","slug":"comeca-mobilizacao-para-os-eventos-previos-da-6a-rondonia-rural-show","status":"publish","type":"post","link":"http:\/\/www.emater.ro.gov.br\/ematerro\/2017\/01\/30\/comeca-mobilizacao-para-os-eventos-previos-da-6a-rondonia-rural-show\/","title":{"rendered":"Come\u00e7a  mobiliza\u00e7\u00e3o para os eventos pr\u00e9vios da 6\u00aa Rond\u00f4nia Rural Show"},"content":{"rendered":"<p style=\"text-align: justify;\">A Secret\u00e1ria de Estado da Agricultura (Seagri), Emater-RO e agentes financeiros j\u00e1 iniciaram as tratativas para realiza\u00e7\u00e3o das rodadas de neg\u00f3cios que antecedem a grande exposi\u00e7\u00e3o de m\u00e1quinas equipamentos e insumos rurais, que \u00a0acontece h\u00e1 seis anos no munic\u00edpio de Ji-Paran\u00e1, a Rond\u00f4nia Rural Show, no ano passado os agricultores fizeram propostas de cr\u00e9dito, nas rodadas de neg\u00f3cios, em valores superiores a 77 milh\u00f5es de reais.<\/p>\n<figure id=\"attachment_1982\" aria-describedby=\"caption-attachment-1982\" style=\"width: 500px\" class=\"wp-caption alignleft\"><img decoding=\"async\" loading=\"lazy\" class=\"wp-image-1982\" src=\"http:\/\/www.emater.ro.gov.br\/ematerro\/wp-content\/uploads\/2017\/01\/DSC_0046-300x199.jpg\" alt=\"DSC_0046\" width=\"500\" height=\"332\" srcset=\"http:\/\/www.emater.ro.gov.br\/ematerro\/wp-content\/uploads\/2017\/01\/DSC_0046-300x199.jpg 300w, http:\/\/www.emater.ro.gov.br\/ematerro\/wp-content\/uploads\/2017\/01\/DSC_0046-768x511.jpg 768w, http:\/\/www.emater.ro.gov.br\/ematerro\/wp-content\/uploads\/2017\/01\/DSC_0046-1024x681.jpg 1024w, http:\/\/www.emater.ro.gov.br\/ematerro\/wp-content\/uploads\/2017\/01\/DSC_0046-480x320.jpg 480w\" sizes=\"(max-width: 500px) 100vw, 500px\" \/><figcaption id=\"caption-attachment-1982\" class=\"wp-caption-text\">Jos\u00e9 Paulo, coordenador do evento, a 6\u00aa Rond\u00f4nia Rural Show .<\/figcaption><\/figure>\n<p style=\"text-align: justify;\">Este ano a prioridade para os eventos pr\u00e9vios, como as rodadas de neg\u00f3cios, est\u00e1 voltada os munic\u00edpios fora do eixo da BR 364, para potencializar a divulga\u00e7\u00e3o da feira e proporcionar maior facilidade de participa\u00e7\u00e3o dos produtores das localidades mais distantes do munic\u00edpio sede da R.R Show.<\/p>\n<p style=\"text-align: justify;\">A primeira rodada de neg\u00f3cios est\u00e1 marcada para \u00a0Nova Mamor\u00e9 nos dias 23 e 24 de fevereiro, em cada rodada os comerciantes de m\u00e1quinas, equipamentos e insumos agropecu\u00e1rios se mobilizam para expor seus produtos e estabelecer os primeiros contatos, para pr\u00e9- venda, desta forma adianta-se o processo burocr\u00e1tico para a tomada do cr\u00e9dito junto aos bancos.<img decoding=\"async\" loading=\"lazy\" class=\"wp-image-2037 alignright\" src=\"http:\/\/www.emater.ro.gov.br\/ematerro\/wp-content\/uploads\/2017\/01\/RODADA-DE-NEGOCIO-QUADRO-215x300.jpg\" alt=\"RODADA DE NEGOCIO QUADRO\" width=\"300\" height=\"419\" srcset=\"http:\/\/www.emater.ro.gov.br\/ematerro\/wp-content\/uploads\/2017\/01\/RODADA-DE-NEGOCIO-QUADRO-215x300.jpg 215w, http:\/\/www.emater.ro.gov.br\/ematerro\/wp-content\/uploads\/2017\/01\/RODADA-DE-NEGOCIO-QUADRO-768x1070.jpg 768w, http:\/\/www.emater.ro.gov.br\/ematerro\/wp-content\/uploads\/2017\/01\/RODADA-DE-NEGOCIO-QUADRO-735x1024.jpg 735w, http:\/\/www.emater.ro.gov.br\/ematerro\/wp-content\/uploads\/2017\/01\/RODADA-DE-NEGOCIO-QUADRO.jpg 773w\" sizes=\"(max-width: 300px) 100vw, 300px\" \/><\/p>\n<p style=\"text-align: justify;\">Com a defini\u00e7\u00e3o do produtor pelo tipo de equipamento ou produto que deseja adquirir facilita a apresenta\u00e7\u00e3o da proposta de financiamento junto ao banco, e a conseq\u00fcente elabora\u00e7\u00e3o do plano de cr\u00e9dito, assim quando chegar \u00a0a Rond\u00f4nia Rural Show, todo o processo de financiamento estar\u00e1 conclu\u00eddo e o produtor j\u00e1 poder\u00e1 assinar o contrato do financiamento e ao mesmo tempo realizar sua compra conforme sua op\u00e7\u00e3o, feita durante as rodadas de neg\u00f3cios.<\/p>\n<p style=\"text-align: justify;\">O calend\u00e1rio das rodadas de neg\u00f3cios contempla ao todo sete munic\u00edpios. Veja o quadro ao lado:<\/p>\n<p style=\"text-align: justify;\">O secret\u00e1rio Evandro Padovani da Seagri vem se reunindo com comerciantes expositores e com os bancos para que se estabele\u00e7a uma sincronia entre os diversos agentes envolvidos na realiza\u00e7\u00e3o da R.R Show, o maior evento de incentivo ao desenvolvimento rural do Norte do Brasil.<\/p>\n<p style=\"text-align: justify;\"><img decoding=\"async\" loading=\"lazy\" class=\"alignleft wp-image-1988 size-medium\" src=\"http:\/\/www.emater.ro.gov.br\/ematerro\/wp-content\/uploads\/2017\/01\/DSC_0071-300x199.jpg\" alt=\"DSC_0071\" width=\"300\" height=\"199\" srcset=\"http:\/\/www.emater.ro.gov.br\/ematerro\/wp-content\/uploads\/2017\/01\/DSC_0071-300x199.jpg 300w, http:\/\/www.emater.ro.gov.br\/ematerro\/wp-content\/uploads\/2017\/01\/DSC_0071-768x511.jpg 768w, http:\/\/www.emater.ro.gov.br\/ematerro\/wp-content\/uploads\/2017\/01\/DSC_0071-1024x681.jpg 1024w, http:\/\/www.emater.ro.gov.br\/ematerro\/wp-content\/uploads\/2017\/01\/DSC_0071-480x320.jpg 480w\" sizes=\"(max-width: 300px) 100vw, 300px\" \/><\/p>\n<p style=\"text-align: justify;\">Em todas as localidades onde haver\u00e1 rodadas de neg\u00f3cios a Emater-RO j\u00e1 esta trabalhando para a mobiliza\u00e7\u00e3o dos agricultores, para facilitar as opera\u00e7\u00f5es de cr\u00e9dito e n\u00e3o haja atraso no tr\u00e2mite dos documentos e an\u00e1lise dos projetos entregues aos bancos, informou o vice presidente da Emater-RO Marcio Andre Milani.<\/p>\n<p style=\"text-align: right;\">\u00a0 <em>\u00a0\u00a0\u00a0\u00a0\u00a0\u00a0Texto: Enoque de Oliveira<\/em><\/p>\n<p style=\"text-align: right;\"><em>\u00a0\u00a0\u00a0\u00a0\u00a0\u00a0\u00a0 Fotos : Robson Paiva<\/em><\/p>\n","protected":false},"excerpt":{"rendered":"<p>A Secret\u00e1ria de Estado da Agricultura (Seagri), Emater-RO e agentes financeiros j\u00e1 iniciaram as tratativas para realiza\u00e7\u00e3o das rodadas de neg\u00f3cios que antecedem a grande exposi\u00e7\u00e3o de m\u00e1quinas equipamentos e [&hellip;]<\/p>\n","protected":false},"author":8,"featured_media":1982,"comment_status":"closed","ping_status":"closed","sticky":false,"template":"","format":"standard","meta":[],"categories":[10,9],"tags":[],"_links":{"self":[{"href":"http:\/\/www.emater.ro.gov.br\/ematerro\/wp-json\/wp\/v2\/posts\/1990"}],"collection":[{"href":"http:\/\/www.emater.ro.gov.br\/ematerro\/wp-json\/wp\/v2\/posts"}],"about":[{"href":"http:\/\/www.emater.ro.gov.br\/ematerro\/wp-json\/wp\/v2\/types\/post"}],"author":[{"embeddable":true,"href":"http:\/\/www.emater.ro.gov.br\/ematerro\/wp-json\/wp\/v2\/users\/8"}],"replies":[{"embeddable":true,"href":"http:\/\/www.emater.ro.gov.br\/ematerro\/wp-json\/wp\/v2\/comments?post=1990"}],"version-history":[{"count":7,"href":"http:\/\/www.emater.ro.gov.br\/ematerro\/wp-json\/wp\/v2\/posts\/1990\/revisions"}],"predecessor-version":[{"id":2039,"href":"http:\/\/www.emater.ro.gov.br\/ematerro\/wp-json\/wp\/v2\/posts\/1990\/revisions\/2039"}],"wp:featuredmedia":[{"embeddable":true,"href":"http:\/\/www.emater.ro.gov.br\/ematerro\/wp-json\/wp\/v2\/media\/1982"}],"wp:attachment":[{"href":"http:\/\/www.emater.ro.gov.br\/ematerro\/wp-json\/wp\/v2\/media?parent=1990"}],"wp:term":[{"taxonomy":"category","embeddable":true,"href":"http:\/\/www.emater.ro.gov.br\/ematerro\/wp-json\/wp\/v2\/categories?post=1990"},{"taxonomy":"post_tag","embeddable":true,"href":"http:\/\/www.emater.ro.gov.br\/ematerro\/wp-json\/wp\/v2\/tags?post=1990"}],"curies":[{"name":"wp","href":"https:\/\/api.w.org\/{rel}","templated":true}]}}