{"id":19740,"date":"2026-04-29T12:00:00","date_gmt":"2026-04-29T16:00:00","guid":{"rendered":"http:\/\/www.emater.ro.gov.br\/ematerro\/?p=19740"},"modified":"2026-04-29T12:09:01","modified_gmt":"2026-04-29T16:09:01","slug":"emater-ro-e-funai-firmam-acordo-para-fortalecer-producao-sustentavel-em-terras-indigenas-de-rondonia","status":"publish","type":"post","link":"http:\/\/www.emater.ro.gov.br\/ematerro\/2026\/04\/29\/emater-ro-e-funai-firmam-acordo-para-fortalecer-producao-sustentavel-em-terras-indigenas-de-rondonia\/","title":{"rendered":"Emater-RO e Funai firmam acordo para fortalecer produ\u00e7\u00e3o sustent\u00e1vel em terras ind\u00edgenas de Rond\u00f4nia"},"content":{"rendered":"<div class=\"wp-block-image\">\n<figure class=\"aligncenter size-full\"><img decoding=\"async\" loading=\"lazy\" width=\"1000\" height=\"675\" src=\"http:\/\/www.emater.ro.gov.br\/ematerro\/wp-content\/uploads\/2026\/04\/20260429-05mai2024-21-rrshow_visita-dos-indios_irene-mendes-19.jpg\" alt=\"\" class=\"wp-image-19742\" srcset=\"http:\/\/www.emater.ro.gov.br\/ematerro\/wp-content\/uploads\/2026\/04\/20260429-05mai2024-21-rrshow_visita-dos-indios_irene-mendes-19.jpg 1000w, http:\/\/www.emater.ro.gov.br\/ematerro\/wp-content\/uploads\/2026\/04\/20260429-05mai2024-21-rrshow_visita-dos-indios_irene-mendes-19-300x203.jpg 300w, http:\/\/www.emater.ro.gov.br\/ematerro\/wp-content\/uploads\/2026\/04\/20260429-05mai2024-21-rrshow_visita-dos-indios_irene-mendes-19-768x518.jpg 768w\" sizes=\"(max-width: 1000px) 100vw, 1000px\" \/><figcaption class=\"wp-element-caption\"><em><strong><sup>Ampliar a presen\u00e7a da assist\u00eancia t\u00e9cnica nas comunidades ind\u00edgenas, respeitando suas particularidades e promovendo a inclus\u00e3o <\/sup><\/strong><\/em><\/figcaption><\/figure><\/div>\n\n\n<p>A produ\u00e7\u00e3o sustent\u00e1vel, a seguran\u00e7a alimentar e o fortalecimento da autonomia ind\u00edgena est\u00e3o no centro de uma nova iniciativa que deve impactar dezenas de comunidades em Rond\u00f4nia nos pr\u00f3ximos anos. A proposta re\u00fane a\u00e7\u00f5es de assist\u00eancia t\u00e9cnica, capacita\u00e7\u00e3o e acesso a pol\u00edticas p\u00fablicas, com foco no desenvolvimento rural aliado \u00e0 valoriza\u00e7\u00e3o dos conhecimentos tradicionais. Nesse contexto, a Entidade Aut\u00e1rquica de Assist\u00eancia T\u00e9cnica e Extens\u00e3o Rural de Rond\u00f4nia (Emater-RO) e a Funda\u00e7\u00e3o Nacional dos Povos Ind\u00edgenas (Funai) assinaram, no dia 24 de abril deste ano, um Acordo de Coopera\u00e7\u00e3o T\u00e9cnica para ampliar o apoio \u00e0s comunidades ind\u00edgenas do estado.<\/p>\n\n\n\n<p>O acordo estabelece uma atua\u00e7\u00e3o conjunta nas regi\u00f5es de Ji-Paran\u00e1, Cacoal e Guajar\u00e1-Mirim, com a\u00e7\u00f5es voltadas \u00e0 assist\u00eancia t\u00e9cnica e extens\u00e3o rural (Ater), agroecologia, organiza\u00e7\u00e3o social e emiss\u00e3o do Cadastro da Agricultura Familiar (CAF). As atividades estar\u00e3o alinhadas \u00e0 Pol\u00edtica Nacional de Gest\u00e3o Territorial e Ambiental de Terras Ind\u00edgenas (PNGATI) e \u00e0 Pol\u00edtica Nacional de Agroecologia e Produ\u00e7\u00e3o Org\u00e2nica (PNAPO).<\/p>\n\n\n<div class=\"wp-block-image\">\n<figure class=\"alignleft size-full is-resized\"><img decoding=\"async\" loading=\"lazy\" src=\"http:\/\/www.emater.ro.gov.br\/ematerro\/wp-content\/uploads\/2026\/04\/20260429-04abr2026-24-assinatura-com-funai_fotos-funai-7.jpg\" alt=\"\" class=\"wp-image-19743\" width=\"443\" height=\"298\" srcset=\"http:\/\/www.emater.ro.gov.br\/ematerro\/wp-content\/uploads\/2026\/04\/20260429-04abr2026-24-assinatura-com-funai_fotos-funai-7.jpg 960w, http:\/\/www.emater.ro.gov.br\/ematerro\/wp-content\/uploads\/2026\/04\/20260429-04abr2026-24-assinatura-com-funai_fotos-funai-7-300x203.jpg 300w, http:\/\/www.emater.ro.gov.br\/ematerro\/wp-content\/uploads\/2026\/04\/20260429-04abr2026-24-assinatura-com-funai_fotos-funai-7-768x518.jpg 768w\" sizes=\"(max-width: 443px) 100vw, 443px\" \/><figcaption class=\"wp-element-caption\"><strong><em><sup>A iniciativa refor\u00e7a o compromisso do Estado com o desenvolvimento sustent\u00e1vel<\/sup><\/em><\/strong><\/figcaption><\/figure><\/div>\n\n\n<p>De acordo com o diretor t\u00e9cnico da Emater-RO, Jos\u00e9 de Arimateia da Silva, o interesse das comunidades ind\u00edgenas n\u00e3o est\u00e1 somente em receber a assist\u00eancia t\u00e9cnica, mas sim em contribuir para o desenvolvimento do estado e com o fortalecimento das institui\u00e7\u00f5es de apoio e incentivo a esse desenvolvimento. \u201cPara a comunidade ind\u00edgena, quando o governo fortalece as institui\u00e7\u00f5es que atendem \u00e0s suas necessidades, est\u00e1 fortalecendo tamb\u00e9m a comunidade\u201d, disse o diretor.<\/p>\n\n\n\n<p>O diretor-presidente da Emater-RO, Hermes Jos\u00e9 Dias Filho, destaca que a coopera\u00e7\u00e3o fortalece a atua\u00e7\u00e3o integrada no estado. \u201cEsse acordo representa um avan\u00e7o importante para ampliar a presen\u00e7a da assist\u00eancia t\u00e9cnica nas comunidades ind\u00edgenas, respeitando suas particularidades e promovendo inclus\u00e3o produtiva com sustentabilidade\u201d, afirmou.<\/p>\n\n\n\n<p>Entre as principais metas previstas est\u00e3o a realiza\u00e7\u00e3o de 25 mutir\u00f5es para emiss\u00e3o do CAF at\u00e9 2030, a promo\u00e7\u00e3o de 35 capacita\u00e7\u00f5es t\u00e9cnicas e a oferta de assist\u00eancia anual em todas as terras ind\u00edgenas de Rond\u00f4nia. O plano tamb\u00e9m inclui forma\u00e7\u00f5es em culturas como caf\u00e9, mandioca, banana e cacau, al\u00e9m de atividades de cria\u00e7\u00e3o de pequenos animais e extrativismo da castanha-do-Brasil.<\/p>\n\n\n<div class=\"wp-block-image\">\n<figure class=\"alignright size-large is-resized\"><img decoding=\"async\" loading=\"lazy\" src=\"http:\/\/www.emater.ro.gov.br\/ematerro\/wp-content\/uploads\/2026\/04\/20260429-04abr2026-24-assinatura-com-funai_-2-1024x691.jpg\" alt=\"\" class=\"wp-image-19744\" width=\"431\" height=\"290\" srcset=\"http:\/\/www.emater.ro.gov.br\/ematerro\/wp-content\/uploads\/2026\/04\/20260429-04abr2026-24-assinatura-com-funai_-2-1024x691.jpg 1024w, http:\/\/www.emater.ro.gov.br\/ematerro\/wp-content\/uploads\/2026\/04\/20260429-04abr2026-24-assinatura-com-funai_-2-300x203.jpg 300w, http:\/\/www.emater.ro.gov.br\/ematerro\/wp-content\/uploads\/2026\/04\/20260429-04abr2026-24-assinatura-com-funai_-2-768x519.jpg 768w, http:\/\/www.emater.ro.gov.br\/ematerro\/wp-content\/uploads\/2026\/04\/20260429-04abr2026-24-assinatura-com-funai_-2.jpg 1333w\" sizes=\"(max-width: 431px) 100vw, 431px\" \/><figcaption class=\"wp-element-caption\"><strong><em><sup>O fortalecimento das institui\u00e7\u00f5es fortalece a comunidade ind\u00edgena<\/sup><\/em><\/strong><\/figcaption><\/figure><\/div>\n\n\n<p>Para o governador de Rond\u00f4nia, Marcos Rocha, a iniciativa refor\u00e7a o compromisso do Estado com o desenvolvimento sustent\u00e1vel. \u201cEstamos trabalhando para garantir que todas as comunidades tenham acesso a pol\u00edticas p\u00fablicas que promovam qualidade de vida, gera\u00e7\u00e3o de renda e respeito \u00e0s tradi\u00e7\u00f5es culturais\u201d, destacou.<\/p>\n\n\n\n<p>Outro ponto de destaque \u00e9 a capacita\u00e7\u00e3o de t\u00e9cnicos da Emater-RO e da Funai, com apoio de institui\u00e7\u00f5es como o Centro Colaborador em Alimenta\u00e7\u00e3o e Nutri\u00e7\u00e3o Escolar (CECANE), visando qualificar o atendimento \u00e0s especificidades socioculturais dos povos ind\u00edgenas. O acordo n\u00e3o prev\u00ea transfer\u00eancia direta de recursos financeiros entre as institui\u00e7\u00f5es. Cada \u00f3rg\u00e3o ser\u00e1 respons\u00e1vel pelo custeio de suas a\u00e7\u00f5es, podendo firmar instrumentos espec\u00edficos caso haja necessidade de repasses ou aquisi\u00e7\u00e3o de bens.<\/p>\n\n\n\n<p>A parceria tem vig\u00eancia inicial de cinco anos e poder\u00e1 ser prorrogada. Entre os resultados esperados est\u00e3o o fortalecimento da autonomia produtiva das comunidades ind\u00edgenas, maior acesso a pol\u00edticas p\u00fablicas como a linha de cr\u00e9dito do Pronaf e os programas de Aquisi\u00e7\u00e3o de Alimento (PAA) e de Alimenta\u00e7\u00e3o Escolar (PNAE), al\u00e9m da valoriza\u00e7\u00e3o dos conhecimentos tradicionais e da conserva\u00e7\u00e3o ambiental.<\/p>\n\n\n\n<p class=\"has-text-align-right has-small-font-size\"><strong><em>Texto: Wania Ressutti<br>Jornalista \u2013 MTE-1744\/RO<br>Fotos: Irene Mendes e Funai<br>EMATER-RO<\/em><\/strong><\/p>\n","protected":false},"excerpt":{"rendered":"<p>extens\u00e3o rural, agricultura familiar, ater ind\u00edgena, Funai, produ\u00e7\u00e3o sustent\u00e1vel<\/p>\n","protected":false},"author":9,"featured_media":19749,"comment_status":"closed","ping_status":"closed","sticky":false,"template":"","format":"standard","meta":[],"categories":[10,9,12],"tags":[135,188,30,899],"_links":{"self":[{"href":"http:\/\/www.emater.ro.gov.br\/ematerro\/wp-json\/wp\/v2\/posts\/19740"}],"collection":[{"href":"http:\/\/www.emater.ro.gov.br\/ematerro\/wp-json\/wp\/v2\/posts"}],"about":[{"href":"http:\/\/www.emater.ro.gov.br\/ematerro\/wp-json\/wp\/v2\/types\/post"}],"author":[{"embeddable":true,"href":"http:\/\/www.emater.ro.gov.br\/ematerro\/wp-json\/wp\/v2\/users\/9"}],"replies":[{"embeddable":true,"href":"http:\/\/www.emater.ro.gov.br\/ematerro\/wp-json\/wp\/v2\/comments?post=19740"}],"version-history":[{"count":1,"href":"http:\/\/www.emater.ro.gov.br\/ematerro\/wp-json\/wp\/v2\/posts\/19740\/revisions"}],"predecessor-version":[{"id":19745,"href":"http:\/\/www.emater.ro.gov.br\/ematerro\/wp-json\/wp\/v2\/posts\/19740\/revisions\/19745"}],"wp:featuredmedia":[{"embeddable":true,"href":"http:\/\/www.emater.ro.gov.br\/ematerro\/wp-json\/wp\/v2\/media\/19749"}],"wp:attachment":[{"href":"http:\/\/www.emater.ro.gov.br\/ematerro\/wp-json\/wp\/v2\/media?parent=19740"}],"wp:term":[{"taxonomy":"category","embeddable":true,"href":"http:\/\/www.emater.ro.gov.br\/ematerro\/wp-json\/wp\/v2\/categories?post=19740"},{"taxonomy":"post_tag","embeddable":true,"href":"http:\/\/www.emater.ro.gov.br\/ematerro\/wp-json\/wp\/v2\/tags?post=19740"}],"curies":[{"name":"wp","href":"https:\/\/api.w.org\/{rel}","templated":true}]}}