{"id":19724,"date":"2026-04-28T12:43:44","date_gmt":"2026-04-28T16:43:44","guid":{"rendered":"http:\/\/www.emater.ro.gov.br\/ematerro\/?p=19724"},"modified":"2026-04-29T11:00:29","modified_gmt":"2026-04-29T15:00:29","slug":"paa-movimenta-producao-e-garante-seguranca-alimentar-em-colorado-do-oeste","status":"publish","type":"post","link":"http:\/\/www.emater.ro.gov.br\/ematerro\/2026\/04\/28\/paa-movimenta-producao-e-garante-seguranca-alimentar-em-colorado-do-oeste\/","title":{"rendered":"PAA movimenta produ\u00e7\u00e3o e garante seguran\u00e7a alimentar em Colorado do Oeste"},"content":{"rendered":"\n<p>Mais renda no campo e comida de qualidade na mesa de quem precisa. Esse \u00e9 o impacto direto do Programa de Aquisi\u00e7\u00e3o de Alimentos (PAA), que teve in\u00edcio nesta ter\u00e7a-feira (28) em Colorado do Oeste, no Cone Sul de Rond\u00f4nia, com o recebimento dos primeiros produtos destinados \u00e0s entidades socioassistenciais do munic\u00edpio.<\/p>\n\n\n\n<p>A iniciativa integra uma parceria entre o Governo do Estado de Rond\u00f4nia e o Governo Federal, por meio da Secretaria de Estado da Agricultura (Seagri) e execu\u00e7\u00e3o da Entidade Aut\u00e1rquica de Assist\u00eancia T\u00e9cnica e Extens\u00e3o Rural (Emater-RO). O PAA permite a compra direta de alimentos da agricultura familiar, garantindo mercado para os produtores e refor\u00e7ando a seguran\u00e7a alimentar de fam\u00edlias em situa\u00e7\u00e3o de vulnerabilidade social.<\/p>\n\n\n\n<p>Na primeira entrega, cinco produtores participaram da comercializa\u00e7\u00e3o, fornecendo alimentos frescos e diversificados, como frutas, verduras, legumes, iogurte e carne su\u00edna. \u201cAt\u00e9 o momento, j\u00e1 foram recebidos mais de 850 quilos de alimentos, que ser\u00e3o destinados \u00e0s entidades cadastradas\u201d, explica a extensionista social Ros\u00e2ngela Nunes Gazolla, respons\u00e1vel pela atividade. Ros\u00e2ngela diz ainda que, ao longo da execu\u00e7\u00e3o, a expectativa \u00e9 de que mais de 30 produtores rurais e cinco entidades socioassistenciais sejam beneficiados, ampliando o alcance do programa no munic\u00edpio e fortalecendo a economia local.<\/p>\n\n\n\n<p>Para o diretor-presidente da Emater-RO, Hermes Jos\u00e9 Dias Filho, o PAA vai al\u00e9m da comercializa\u00e7\u00e3o da produ\u00e7\u00e3o rural. \u201cO programa promove inclus\u00e3o produtiva e social, ao garantir renda ao agricultor familiar e, ao mesmo tempo, levar alimentos de qualidade \u00e0s fam\u00edlias que mais precisam\u201d, destacou. <\/p>\n\n\n\n<p>O governador de Rond\u00f4nia, Marcos Rocha, ressaltou o papel estrat\u00e9gico da iniciativa. \u201cO PAA \u00e9 uma pol\u00edtica p\u00fablica que gera resultados concretos, fortalecendo a agricultura familiar e assegurando dignidade \u00e0 popula\u00e7\u00e3o. \u00c9 uma a\u00e7\u00e3o que une desenvolvimento econ\u00f4mico e compromisso social\u201d, afirmou.<\/p>\n\n\n\n<p>Para as entidades e o p\u00fablico atendido, o programa representa acesso cont\u00ednuo a alimentos nutritivos e melhoria na qualidade de vida, consolidando um ciclo positivo que beneficia produtores, institui\u00e7\u00f5es e a popula\u00e7\u00e3o.<\/p>\n\n\n\n<p class=\"has-text-align-right has-small-font-size\"><strong><em>Texto: Wania Ressutti<br>Jornalista \u2013 MTE-1744\/RO<br>Fotos: Ros\u00e2ngela Nunes Gazolla<br>EMATER-RO<\/em><\/strong><\/p>\n\n\n\n<figure class=\"wp-block-gallery has-nested-images columns-default is-cropped wp-block-gallery-1 is-layout-flex\">\n<figure class=\"wp-block-image size-large\"><img decoding=\"async\" loading=\"lazy\" width=\"1024\" height=\"691\" data-id=\"19735\"  src=\"http:\/\/www.emater.ro.gov.br\/ematerro\/wp-content\/uploads\/2026\/04\/20260428-04abr2026-paa_porto-velho_irene-mendes_001-1024x691.jpg\" alt=\"\" class=\"wp-image-19735\" srcset=\"http:\/\/www.emater.ro.gov.br\/ematerro\/wp-content\/uploads\/2026\/04\/20260428-04abr2026-paa_porto-velho_irene-mendes_001-1024x691.jpg 1024w, http:\/\/www.emater.ro.gov.br\/ematerro\/wp-content\/uploads\/2026\/04\/20260428-04abr2026-paa_porto-velho_irene-mendes_001-300x202.jpg 300w, http:\/\/www.emater.ro.gov.br\/ematerro\/wp-content\/uploads\/2026\/04\/20260428-04abr2026-paa_porto-velho_irene-mendes_001-768x518.jpg 768w, http:\/\/www.emater.ro.gov.br\/ematerro\/wp-content\/uploads\/2026\/04\/20260428-04abr2026-paa_porto-velho_irene-mendes_001-1536x1037.jpg 1536w, http:\/\/www.emater.ro.gov.br\/ematerro\/wp-content\/uploads\/2026\/04\/20260428-04abr2026-paa_porto-velho_irene-mendes_001.jpg 1612w\" sizes=\"(max-width: 1024px) 100vw, 1024px\" \/><\/figure>\n\n\n\n<figure class=\"wp-block-image size-large\"><img decoding=\"async\" loading=\"lazy\" width=\"720\" height=\"486\" data-id=\"19733\"  src=\"http:\/\/www.emater.ro.gov.br\/ematerro\/wp-content\/uploads\/2026\/04\/20260428-04abr2026-28-paa-em-acao_colorado-do-oeste_enoelma-nunes-9.jpg\" alt=\"\" class=\"wp-image-19733\" srcset=\"http:\/\/www.emater.ro.gov.br\/ematerro\/wp-content\/uploads\/2026\/04\/20260428-04abr2026-28-paa-em-acao_colorado-do-oeste_enoelma-nunes-9.jpg 720w, http:\/\/www.emater.ro.gov.br\/ematerro\/wp-content\/uploads\/2026\/04\/20260428-04abr2026-28-paa-em-acao_colorado-do-oeste_enoelma-nunes-9-300x203.jpg 300w\" sizes=\"(max-width: 720px) 100vw, 720px\" \/><\/figure>\n\n\n\n<figure class=\"wp-block-image size-large\"><img decoding=\"async\" loading=\"lazy\" width=\"1024\" height=\"691\" data-id=\"19732\"  src=\"http:\/\/www.emater.ro.gov.br\/ematerro\/wp-content\/uploads\/2026\/04\/20260428-04abr2026-28-paa-em-acao_colorado-do-oeste_enoelma-nunes-8-1024x691.jpg\" alt=\"\" class=\"wp-image-19732\" srcset=\"http:\/\/www.emater.ro.gov.br\/ematerro\/wp-content\/uploads\/2026\/04\/20260428-04abr2026-28-paa-em-acao_colorado-do-oeste_enoelma-nunes-8-1024x691.jpg 1024w, http:\/\/www.emater.ro.gov.br\/ematerro\/wp-content\/uploads\/2026\/04\/20260428-04abr2026-28-paa-em-acao_colorado-do-oeste_enoelma-nunes-8-300x203.jpg 300w, http:\/\/www.emater.ro.gov.br\/ematerro\/wp-content\/uploads\/2026\/04\/20260428-04abr2026-28-paa-em-acao_colorado-do-oeste_enoelma-nunes-8-768x519.jpg 768w, http:\/\/www.emater.ro.gov.br\/ematerro\/wp-content\/uploads\/2026\/04\/20260428-04abr2026-28-paa-em-acao_colorado-do-oeste_enoelma-nunes-8.jpg 1333w\" sizes=\"(max-width: 1024px) 100vw, 1024px\" \/><\/figure>\n\n\n\n<figure class=\"wp-block-image size-large\"><img decoding=\"async\" loading=\"lazy\" width=\"1024\" height=\"691\" data-id=\"19731\"  src=\"http:\/\/www.emater.ro.gov.br\/ematerro\/wp-content\/uploads\/2026\/04\/20260428-04abr2026-28-paa-em-acao_colorado-do-oeste_enoelma-nunes-7-1024x691.jpg\" alt=\"\" class=\"wp-image-19731\" srcset=\"http:\/\/www.emater.ro.gov.br\/ematerro\/wp-content\/uploads\/2026\/04\/20260428-04abr2026-28-paa-em-acao_colorado-do-oeste_enoelma-nunes-7-1024x691.jpg 1024w, http:\/\/www.emater.ro.gov.br\/ematerro\/wp-content\/uploads\/2026\/04\/20260428-04abr2026-28-paa-em-acao_colorado-do-oeste_enoelma-nunes-7-300x203.jpg 300w, http:\/\/www.emater.ro.gov.br\/ematerro\/wp-content\/uploads\/2026\/04\/20260428-04abr2026-28-paa-em-acao_colorado-do-oeste_enoelma-nunes-7-768x519.jpg 768w, http:\/\/www.emater.ro.gov.br\/ematerro\/wp-content\/uploads\/2026\/04\/20260428-04abr2026-28-paa-em-acao_colorado-do-oeste_enoelma-nunes-7.jpg 1333w\" sizes=\"(max-width: 1024px) 100vw, 1024px\" \/><\/figure>\n\n\n\n<figure class=\"wp-block-image size-large\"><img decoding=\"async\" loading=\"lazy\" width=\"1024\" height=\"691\" data-id=\"19730\"  src=\"http:\/\/www.emater.ro.gov.br\/ematerro\/wp-content\/uploads\/2026\/04\/20260428-04abr2026-28-paa-em-acao_colorado-do-oeste_enoelma-nunes-6-1024x691.jpg\" alt=\"\" class=\"wp-image-19730\" srcset=\"http:\/\/www.emater.ro.gov.br\/ematerro\/wp-content\/uploads\/2026\/04\/20260428-04abr2026-28-paa-em-acao_colorado-do-oeste_enoelma-nunes-6-1024x691.jpg 1024w, http:\/\/www.emater.ro.gov.br\/ematerro\/wp-content\/uploads\/2026\/04\/20260428-04abr2026-28-paa-em-acao_colorado-do-oeste_enoelma-nunes-6-300x202.jpg 300w, http:\/\/www.emater.ro.gov.br\/ematerro\/wp-content\/uploads\/2026\/04\/20260428-04abr2026-28-paa-em-acao_colorado-do-oeste_enoelma-nunes-6-768x518.jpg 768w, http:\/\/www.emater.ro.gov.br\/ematerro\/wp-content\/uploads\/2026\/04\/20260428-04abr2026-28-paa-em-acao_colorado-do-oeste_enoelma-nunes-6.jpg 1272w\" sizes=\"(max-width: 1024px) 100vw, 1024px\" \/><\/figure>\n\n\n\n<figure class=\"wp-block-image size-large\"><img decoding=\"async\" loading=\"lazy\" width=\"1024\" height=\"691\" data-id=\"19728\"  src=\"http:\/\/www.emater.ro.gov.br\/ematerro\/wp-content\/uploads\/2026\/04\/20260428-04abr2026-28-paa-em-acao_colorado-do-oeste_enoelma-nunes-4-1024x691.jpg\" alt=\"\" class=\"wp-image-19728\" srcset=\"http:\/\/www.emater.ro.gov.br\/ematerro\/wp-content\/uploads\/2026\/04\/20260428-04abr2026-28-paa-em-acao_colorado-do-oeste_enoelma-nunes-4-1024x691.jpg 1024w, http:\/\/www.emater.ro.gov.br\/ematerro\/wp-content\/uploads\/2026\/04\/20260428-04abr2026-28-paa-em-acao_colorado-do-oeste_enoelma-nunes-4-300x202.jpg 300w, http:\/\/www.emater.ro.gov.br\/ematerro\/wp-content\/uploads\/2026\/04\/20260428-04abr2026-28-paa-em-acao_colorado-do-oeste_enoelma-nunes-4-768x518.jpg 768w, http:\/\/www.emater.ro.gov.br\/ematerro\/wp-content\/uploads\/2026\/04\/20260428-04abr2026-28-paa-em-acao_colorado-do-oeste_enoelma-nunes-4.jpg 1334w\" sizes=\"(max-width: 1024px) 100vw, 1024px\" \/><\/figure>\n\n\n\n<figure class=\"wp-block-image size-large\"><img decoding=\"async\" loading=\"lazy\" width=\"1024\" height=\"691\" data-id=\"19726\"  src=\"http:\/\/www.emater.ro.gov.br\/ematerro\/wp-content\/uploads\/2026\/04\/20260428-04abr2026-28-paa-em-acao_colorado-do-oeste_enoelma-nunes-2-1024x691.jpg\" alt=\"\" class=\"wp-image-19726\" srcset=\"http:\/\/www.emater.ro.gov.br\/ematerro\/wp-content\/uploads\/2026\/04\/20260428-04abr2026-28-paa-em-acao_colorado-do-oeste_enoelma-nunes-2-1024x691.jpg 1024w, http:\/\/www.emater.ro.gov.br\/ematerro\/wp-content\/uploads\/2026\/04\/20260428-04abr2026-28-paa-em-acao_colorado-do-oeste_enoelma-nunes-2-300x203.jpg 300w, http:\/\/www.emater.ro.gov.br\/ematerro\/wp-content\/uploads\/2026\/04\/20260428-04abr2026-28-paa-em-acao_colorado-do-oeste_enoelma-nunes-2-768x518.jpg 768w, http:\/\/www.emater.ro.gov.br\/ematerro\/wp-content\/uploads\/2026\/04\/20260428-04abr2026-28-paa-em-acao_colorado-do-oeste_enoelma-nunes-2.jpg 1274w\" sizes=\"(max-width: 1024px) 100vw, 1024px\" \/><\/figure>\n\n\n\n<figure class=\"wp-block-image size-large\"><img decoding=\"async\" loading=\"lazy\" width=\"1024\" height=\"691\" data-id=\"19729\"  src=\"http:\/\/www.emater.ro.gov.br\/ematerro\/wp-content\/uploads\/2026\/04\/20260428-04abr2026-28-paa-em-acao_colorado-do-oeste_enoelma-nunes-5-1024x691.jpg\" alt=\"\" class=\"wp-image-19729\" srcset=\"http:\/\/www.emater.ro.gov.br\/ematerro\/wp-content\/uploads\/2026\/04\/20260428-04abr2026-28-paa-em-acao_colorado-do-oeste_enoelma-nunes-5-1024x691.jpg 1024w, http:\/\/www.emater.ro.gov.br\/ematerro\/wp-content\/uploads\/2026\/04\/20260428-04abr2026-28-paa-em-acao_colorado-do-oeste_enoelma-nunes-5-300x203.jpg 300w, http:\/\/www.emater.ro.gov.br\/ematerro\/wp-content\/uploads\/2026\/04\/20260428-04abr2026-28-paa-em-acao_colorado-do-oeste_enoelma-nunes-5-768x519.jpg 768w, http:\/\/www.emater.ro.gov.br\/ematerro\/wp-content\/uploads\/2026\/04\/20260428-04abr2026-28-paa-em-acao_colorado-do-oeste_enoelma-nunes-5.jpg 1333w\" sizes=\"(max-width: 1024px) 100vw, 1024px\" \/><\/figure>\n\n\n\n<figure class=\"wp-block-image size-large\"><img decoding=\"async\" loading=\"lazy\" width=\"1024\" height=\"691\" data-id=\"19727\"  src=\"http:\/\/www.emater.ro.gov.br\/ematerro\/wp-content\/uploads\/2026\/04\/20260428-04abr2026-28-paa-em-acao_colorado-do-oeste_enoelma-nunes-3-1024x691.jpg\" alt=\"\" class=\"wp-image-19727\" srcset=\"http:\/\/www.emater.ro.gov.br\/ematerro\/wp-content\/uploads\/2026\/04\/20260428-04abr2026-28-paa-em-acao_colorado-do-oeste_enoelma-nunes-3-1024x691.jpg 1024w, http:\/\/www.emater.ro.gov.br\/ematerro\/wp-content\/uploads\/2026\/04\/20260428-04abr2026-28-paa-em-acao_colorado-do-oeste_enoelma-nunes-3-300x202.jpg 300w, http:\/\/www.emater.ro.gov.br\/ematerro\/wp-content\/uploads\/2026\/04\/20260428-04abr2026-28-paa-em-acao_colorado-do-oeste_enoelma-nunes-3-768x518.jpg 768w, http:\/\/www.emater.ro.gov.br\/ematerro\/wp-content\/uploads\/2026\/04\/20260428-04abr2026-28-paa-em-acao_colorado-do-oeste_enoelma-nunes-3.jpg 1334w\" sizes=\"(max-width: 1024px) 100vw, 1024px\" \/><\/figure>\n<\/figure>\n","protected":false},"excerpt":{"rendered":"<p>Mais renda no campo e comida de qualidade na mesa de quem precisa. Esse \u00e9 o impacto direto do Programa de Aquisi\u00e7\u00e3o de Alimentos (PAA), que teve in\u00edcio nesta ter\u00e7a-feira [&hellip;]<\/p>\n","protected":false},"author":9,"featured_media":19735,"comment_status":"closed","ping_status":"closed","sticky":false,"template":"","format":"standard","meta":[],"categories":[10,11,12],"tags":[135,188,30,45],"_links":{"self":[{"href":"http:\/\/www.emater.ro.gov.br\/ematerro\/wp-json\/wp\/v2\/posts\/19724"}],"collection":[{"href":"http:\/\/www.emater.ro.gov.br\/ematerro\/wp-json\/wp\/v2\/posts"}],"about":[{"href":"http:\/\/www.emater.ro.gov.br\/ematerro\/wp-json\/wp\/v2\/types\/post"}],"author":[{"embeddable":true,"href":"http:\/\/www.emater.ro.gov.br\/ematerro\/wp-json\/wp\/v2\/users\/9"}],"replies":[{"embeddable":true,"href":"http:\/\/www.emater.ro.gov.br\/ematerro\/wp-json\/wp\/v2\/comments?post=19724"}],"version-history":[{"count":5,"href":"http:\/\/www.emater.ro.gov.br\/ematerro\/wp-json\/wp\/v2\/posts\/19724\/revisions"}],"predecessor-version":[{"id":19748,"href":"http:\/\/www.emater.ro.gov.br\/ematerro\/wp-json\/wp\/v2\/posts\/19724\/revisions\/19748"}],"wp:featuredmedia":[{"embeddable":true,"href":"http:\/\/www.emater.ro.gov.br\/ematerro\/wp-json\/wp\/v2\/media\/19735"}],"wp:attachment":[{"href":"http:\/\/www.emater.ro.gov.br\/ematerro\/wp-json\/wp\/v2\/media?parent=19724"}],"wp:term":[{"taxonomy":"category","embeddable":true,"href":"http:\/\/www.emater.ro.gov.br\/ematerro\/wp-json\/wp\/v2\/categories?post=19724"},{"taxonomy":"post_tag","embeddable":true,"href":"http:\/\/www.emater.ro.gov.br\/ematerro\/wp-json\/wp\/v2\/tags?post=19724"}],"curies":[{"name":"wp","href":"https:\/\/api.w.org\/{rel}","templated":true}]}}