{"id":19712,"date":"2026-04-28T11:03:00","date_gmt":"2026-04-28T15:03:00","guid":{"rendered":"http:\/\/www.emater.ro.gov.br\/ematerro\/?p=19712"},"modified":"2026-04-28T10:19:47","modified_gmt":"2026-04-28T14:19:47","slug":"microcredito-rural-impulsiona-agricultura-familiar-na-zona-da-mata-de-rondonia","status":"publish","type":"post","link":"http:\/\/www.emater.ro.gov.br\/ematerro\/2026\/04\/28\/microcredito-rural-impulsiona-agricultura-familiar-na-zona-da-mata-de-rondonia\/","title":{"rendered":"Microcr\u00e9dito rural impulsiona agricultura familiar na Zona da Mata de Rond\u00f4nia"},"content":{"rendered":"<div class=\"wp-block-image\">\n<figure class=\"aligncenter size-large\"><img decoding=\"async\" loading=\"lazy\" width=\"1024\" height=\"691\" src=\"http:\/\/www.emater.ro.gov.br\/ematerro\/wp-content\/uploads\/2026\/04\/20260428-04abr2026-24-assinatura-com-funai_-1-1024x691.jpg\" alt=\"\" class=\"wp-image-19714\" srcset=\"http:\/\/www.emater.ro.gov.br\/ematerro\/wp-content\/uploads\/2026\/04\/20260428-04abr2026-24-assinatura-com-funai_-1-1024x691.jpg 1024w, http:\/\/www.emater.ro.gov.br\/ematerro\/wp-content\/uploads\/2026\/04\/20260428-04abr2026-24-assinatura-com-funai_-1-300x203.jpg 300w, http:\/\/www.emater.ro.gov.br\/ematerro\/wp-content\/uploads\/2026\/04\/20260428-04abr2026-24-assinatura-com-funai_-1-768x518.jpg 768w, http:\/\/www.emater.ro.gov.br\/ematerro\/wp-content\/uploads\/2026\/04\/20260428-04abr2026-24-assinatura-com-funai_-1.jpg 1280w\" sizes=\"(max-width: 1024px) 100vw, 1024px\" \/><figcaption class=\"wp-element-caption\"><em><strong><sup>Mais do que o acesso ao recurso financeiro, o programa se destaca pela integra\u00e7\u00e3o com a assist\u00eancia t\u00e9cnica<\/sup><\/strong><\/em><\/figcaption><\/figure><\/div>\n\n\n<p>O acesso ao cr\u00e9dito rural ganhou um novo impulso na Zona da Mata rondoniense. Nesta segunda-feira (27), foi lan\u00e7ado oficialmente o Microcr\u00e9dito Rural &#8211; Pronaf B, uma iniciativa que amplia oportunidades para agricultores familiares investirem na produ\u00e7\u00e3o e melhorarem sua renda com condi\u00e7\u00f5es facilitadas. A a\u00e7\u00e3o \u00e9 fruto da parceria entre a Entidade Aut\u00e1rquica de Assist\u00eancia T\u00e9cnica e Extens\u00e3o Rural de Rond\u00f4nia (Emater-RO) e o Banco da Amaz\u00f4nia, naquela regi\u00e3o, refor\u00e7ando o alinhamento entre as institui\u00e7\u00f5es para a execu\u00e7\u00e3o da pol\u00edtica p\u00fablica de desenvolvimento rural.<\/p>\n\n\n\n<p>Voltado principalmente para agricultores familiares, o Pronaf B tamb\u00e9m contempla povos ind\u00edgenas, quilombolas, extrativistas e pescadores artesanais. A linha de cr\u00e9dito oferece juros reduzidos de 0,5% ao ano, prazo de at\u00e9 24 meses para pagamento e b\u00f4nus de adimpl\u00eancia de 40% para quem quitar as parcelas em dia. Os limites de financiamento s\u00e3o de at\u00e9 R$ 15 mil para mulheres, R$ 12 mil para homens e R$ 8 mil para jovens, garantindo inclus\u00e3o e incentivo a diferentes perfis dentro da agricultura familiar.<\/p>\n\n\n\n<p>Para o gerente do Banco da Amaz\u00f4nia, Fernando Madureira, da regi\u00e3o de Rolim de Moura, a parceria com a Emater-RO \u00e9 essencial para que o cr\u00e9dito rural seja bem aplicado e reduza os riscos para o produtor rural. \u201cN\u00f3s destacamos um colaborador para ficar \u00e0 disposi\u00e7\u00e3o, mas colocamos a ag\u00eancia a ag\u00eancia, tamb\u00e9m, para podermos buscar em conjunto as solu\u00e7\u00f5es e dirimirmos qualquer d\u00favida.<\/p>\n\n\n<div class=\"wp-block-image\">\n<figure class=\"alignleft size-large is-resized\"><img decoding=\"async\" loading=\"lazy\" src=\"http:\/\/www.emater.ro.gov.br\/ematerro\/wp-content\/uploads\/2026\/04\/20260428-04abr2026-24-microcredito-zona-da-mata_paulo-custodio-4-1024x691.jpg\" alt=\"\" class=\"wp-image-19716\" width=\"414\" height=\"279\" srcset=\"http:\/\/www.emater.ro.gov.br\/ematerro\/wp-content\/uploads\/2026\/04\/20260428-04abr2026-24-microcredito-zona-da-mata_paulo-custodio-4-1024x691.jpg 1024w, http:\/\/www.emater.ro.gov.br\/ematerro\/wp-content\/uploads\/2026\/04\/20260428-04abr2026-24-microcredito-zona-da-mata_paulo-custodio-4-300x202.jpg 300w, http:\/\/www.emater.ro.gov.br\/ematerro\/wp-content\/uploads\/2026\/04\/20260428-04abr2026-24-microcredito-zona-da-mata_paulo-custodio-4-768x518.jpg 768w, http:\/\/www.emater.ro.gov.br\/ematerro\/wp-content\/uploads\/2026\/04\/20260428-04abr2026-24-microcredito-zona-da-mata_paulo-custodio-4.jpg 1172w\" sizes=\"(max-width: 414px) 100vw, 414px\" \/><figcaption class=\"wp-element-caption\"> <strong><em><sup>A iniciativa \u00e9 muito importante para a consolida\u00e7\u00e3o da agricultura familiar<\/sup><\/em><\/strong><\/figcaption><\/figure><\/div>\n\n\n<p>Mais do que o acesso ao recurso financeiro, o programa se destaca pela integra\u00e7\u00e3o com a assist\u00eancia t\u00e9cnica. Os benefici\u00e1rios contar\u00e3o com orienta\u00e7\u00e3o especializada desde a contrata\u00e7\u00e3o at\u00e9 a aplica\u00e7\u00e3o do cr\u00e9dito, assegurando melhores resultados produtivos. O diretor-presidente da Emater-RO, Hermes Jos\u00e9 Dias Filho, destaca a import\u00e2ncia da iniciativa para o desenvolvimento rural, dizendo que a Emater-RO leva mais do que cr\u00e9dito ao produtor. \u201cEstamos oferecendo condi\u00e7\u00f5es reais para que ele produza melhor, com acompanhamento t\u00e9cnico e seguran\u00e7a, fortalecendo a agricultura familiar e gerando renda no campo.\u201d<\/p>\n\n\n\n<p>O governador de Rond\u00f4nia, Marcos Rocha, ressaltou a import\u00e2ncia e o impacto social e econ\u00f4mico da a\u00e7\u00e3o para o estado e para as fam\u00edlias rurais, dizendo que o governo tem compromisso com quem produz. \u201cO fortalecimento da agricultura familiar passa pelo acesso ao cr\u00e9dito e \u00e0 assist\u00eancia t\u00e9cnica, garantindo dignidade, desenvolvimento regional e mais oportunidades para as fam\u00edlias rurais.\u201d<\/p>\n\n\n\n<p>A iniciativa \u00e9 muito importante para a consolida\u00e7\u00e3o da agricultura familiar, contribuindo na gera\u00e7\u00e3o de renda e oportunidades a quem produz, pois integra o conjunto de pol\u00edticas p\u00fablicas do Governo do Estado, por meio da Secretaria de Estado da Agricultura (Seagri) e da Emater-RO, voltadas ao fortalecimento da agricultura familiar e ao desenvolvimento rural sustent\u00e1vel em Rond\u00f4nia.<\/p>\n\n\n\n<p>Os interessados em acessar o microcr\u00e9dito devem procurar o escrit\u00f3rio local da Emater-RO em seu munic\u00edpio para obter orienta\u00e7\u00f5es e iniciar o processo.<\/p>\n\n\n\n<p class=\"has-text-align-right has-small-font-size\"><strong><em>Texto: Wania Ressutti<br>Jornalista \u2013 MTE-1744\/RO<br>Fotos: Paulo Henrique Cust\u00f3dio<br>EMATER-RO<\/em><\/strong><\/p>\n\n\n<div class=\"wp-block-image\">\n<figure class=\"aligncenter size-large is-resized\"><img decoding=\"async\" loading=\"lazy\" src=\"http:\/\/www.emater.ro.gov.br\/ematerro\/wp-content\/uploads\/2026\/04\/20260428-microcredito-quadrado-1024x1024.jpeg\" alt=\"\" class=\"wp-image-19718\" width=\"887\" height=\"887\" srcset=\"http:\/\/www.emater.ro.gov.br\/ematerro\/wp-content\/uploads\/2026\/04\/20260428-microcredito-quadrado-1024x1024.jpeg 1024w, http:\/\/www.emater.ro.gov.br\/ematerro\/wp-content\/uploads\/2026\/04\/20260428-microcredito-quadrado-300x300.jpeg 300w, http:\/\/www.emater.ro.gov.br\/ematerro\/wp-content\/uploads\/2026\/04\/20260428-microcredito-quadrado-150x150.jpeg 150w, http:\/\/www.emater.ro.gov.br\/ematerro\/wp-content\/uploads\/2026\/04\/20260428-microcredito-quadrado-768x768.jpeg 768w, http:\/\/www.emater.ro.gov.br\/ematerro\/wp-content\/uploads\/2026\/04\/20260428-microcredito-quadrado.jpeg 1254w\" sizes=\"(max-width: 887px) 100vw, 887px\" \/><figcaption class=\"wp-element-caption\"><strong><em><sup>Oportunidades para agricultores familiares investirem na produ\u00e7\u00e3o com condi\u00e7\u00f5es facilitadas<\/sup><\/em><\/strong><\/figcaption><\/figure><\/div>","protected":false},"excerpt":{"rendered":"<p>O acesso ao cr\u00e9dito rural na Zona da Mata de Rond\u00f4nia foi fortalecido com o lan\u00e7amento do Microcr\u00e9dito Rural \u2013 Pronaf B, uma parceria entre a Emater-RO e o Banco da Amaz\u00f4nia que oferece condi\u00e7\u00f5es facilitadas, juros baixos e acompanhamento t\u00e9cnico para agricultores familiares investirem na produ\u00e7\u00e3o. Voltado a p\u00fablicos de baixa renda, o programa amplia oportunidades, promove inclus\u00e3o produtiva e impulsiona o desenvolvimento das fam\u00edlias rurais na regi\u00e3o.<\/p>\n","protected":false},"author":9,"featured_media":19714,"comment_status":"closed","ping_status":"closed","sticky":false,"template":"","format":"standard","meta":[],"categories":[10,9,12],"tags":[135,188,222,31,45],"_links":{"self":[{"href":"http:\/\/www.emater.ro.gov.br\/ematerro\/wp-json\/wp\/v2\/posts\/19712"}],"collection":[{"href":"http:\/\/www.emater.ro.gov.br\/ematerro\/wp-json\/wp\/v2\/posts"}],"about":[{"href":"http:\/\/www.emater.ro.gov.br\/ematerro\/wp-json\/wp\/v2\/types\/post"}],"author":[{"embeddable":true,"href":"http:\/\/www.emater.ro.gov.br\/ematerro\/wp-json\/wp\/v2\/users\/9"}],"replies":[{"embeddable":true,"href":"http:\/\/www.emater.ro.gov.br\/ematerro\/wp-json\/wp\/v2\/comments?post=19712"}],"version-history":[{"count":7,"href":"http:\/\/www.emater.ro.gov.br\/ematerro\/wp-json\/wp\/v2\/posts\/19712\/revisions"}],"predecessor-version":[{"id":19723,"href":"http:\/\/www.emater.ro.gov.br\/ematerro\/wp-json\/wp\/v2\/posts\/19712\/revisions\/19723"}],"wp:featuredmedia":[{"embeddable":true,"href":"http:\/\/www.emater.ro.gov.br\/ematerro\/wp-json\/wp\/v2\/media\/19714"}],"wp:attachment":[{"href":"http:\/\/www.emater.ro.gov.br\/ematerro\/wp-json\/wp\/v2\/media?parent=19712"}],"wp:term":[{"taxonomy":"category","embeddable":true,"href":"http:\/\/www.emater.ro.gov.br\/ematerro\/wp-json\/wp\/v2\/categories?post=19712"},{"taxonomy":"post_tag","embeddable":true,"href":"http:\/\/www.emater.ro.gov.br\/ematerro\/wp-json\/wp\/v2\/tags?post=19712"}],"curies":[{"name":"wp","href":"https:\/\/api.w.org\/{rel}","templated":true}]}}