{"id":1951,"date":"2017-01-20T13:36:33","date_gmt":"2017-01-20T17:36:33","guid":{"rendered":"http:\/\/www.emater.ro.gov.br\/ematerro\/?p=1951"},"modified":"2017-01-25T07:56:02","modified_gmt":"2017-01-25T11:56:02","slug":"crea-ro-e-emater-ro-assinam-convenio-para-emissao-de-art-social","status":"publish","type":"post","link":"http:\/\/www.emater.ro.gov.br\/ematerro\/2017\/01\/20\/crea-ro-e-emater-ro-assinam-convenio-para-emissao-de-art-social\/","title":{"rendered":"Crea RO e Emater-RO assinam convenio para emiss\u00e3o de ART social"},"content":{"rendered":"<p style=\"text-align: justify;\">Para garantir seguran\u00e7a e qualidade da assist\u00eancia t\u00e9cnica prestada aos agricultores rondonienses os presidentes da Emater-RO, Francisco Coutinho e do Conselho Regional de Engenharia e Agronomia N\u00e9lio Alencar, firmaram convenio para que a Emater registre as anota\u00e7\u00f5es de Responsabilidade T\u00e9cnica (ART) de assist\u00eancia t\u00e9cnica aos agricultores familiares, como necessidade social.<\/p>\n<p style=\"text-align: justify;\">\u00c9 de fundamental import\u00e2ncia que os agricultores tenham garantias de que os profissionais que prestam assist\u00eancia t\u00e9cnica s\u00e3o de fato habilitados para atende-los e em situa\u00e7\u00e3o regular junto ao \u00f3rg\u00e3o fiscalizador do exerc\u00edcio profissional, no caso espec\u00edfico o CREA-RO.<\/p>\n<p style=\"text-align: justify;\"><img decoding=\"async\" loading=\"lazy\" class=\"alignnone wp-image-1952\" src=\"http:\/\/www.emater.ro.gov.br\/ematerro\/wp-content\/uploads\/2017\/01\/CREA-300x199.jpg\" alt=\"CREA\" width=\"488\" height=\"324\" srcset=\"http:\/\/www.emater.ro.gov.br\/ematerro\/wp-content\/uploads\/2017\/01\/CREA-300x199.jpg 300w, http:\/\/www.emater.ro.gov.br\/ematerro\/wp-content\/uploads\/2017\/01\/CREA-768x510.jpg 768w, http:\/\/www.emater.ro.gov.br\/ematerro\/wp-content\/uploads\/2017\/01\/CREA-480x320.jpg 480w, http:\/\/www.emater.ro.gov.br\/ematerro\/wp-content\/uploads\/2017\/01\/CREA.jpg 960w\" sizes=\"(max-width: 488px) 100vw, 488px\" \/><\/p>\n<p style=\"text-align: justify;\">A diversidade de atividades na propriedade rural, no entanto, exige a emiss\u00e3o de m\u00faltiplas ART, elevando os custos da produ\u00e7\u00e3o, mas para minimizar a situa\u00e7\u00e3o este convenio permite a Emater-RO aglutinar em um \u00fanico pacote todas as ART(s) de assist\u00eancia t\u00e9cnica, que poder\u00e1 ser paga de uma vez s\u00f3 por 70 mil reais ou dividir em 10 parcelas mensais, o que esta se chamando de ART social, assim evita-se repassar este custo aos agricultores.<\/p>\n<p style=\"text-align: justify;\">As demais ART(s) de atividades tais como: por autoria de projetos de cr\u00e9dito, projetos de atividades de engenharia, constru\u00e7\u00e3o de instala\u00e7\u00f5es rurais, piscicultura, pericias e outras especificas da engenharia e agronomia continuar\u00e1 sendo anotadas em formul\u00e1rios pr\u00f3prios, conforme define a lei e resolu\u00e7\u00f5es do sistema Confea \/ Crea.<\/p>\n<p style=\"text-align: justify;\">Texto : enoque de oliveira<\/p>\n<p style=\"text-align: justify;\">foto: Junior Surita<\/p>\n<p>&nbsp;<\/p>\n<p>&nbsp;<\/p>\n<p style=\"text-align: justify;\">\n","protected":false},"excerpt":{"rendered":"<p>Para garantir seguran\u00e7a e qualidade da assist\u00eancia t\u00e9cnica prestada aos agricultores rondonienses os presidentes da Emater-RO, Francisco Coutinho e do Conselho Regional de Engenharia e Agronomia N\u00e9lio Alencar, firmaram convenio [&hellip;]<\/p>\n","protected":false},"author":8,"featured_media":0,"comment_status":"closed","ping_status":"closed","sticky":false,"template":"","format":"standard","meta":[],"categories":[9],"tags":[],"_links":{"self":[{"href":"http:\/\/www.emater.ro.gov.br\/ematerro\/wp-json\/wp\/v2\/posts\/1951"}],"collection":[{"href":"http:\/\/www.emater.ro.gov.br\/ematerro\/wp-json\/wp\/v2\/posts"}],"about":[{"href":"http:\/\/www.emater.ro.gov.br\/ematerro\/wp-json\/wp\/v2\/types\/post"}],"author":[{"embeddable":true,"href":"http:\/\/www.emater.ro.gov.br\/ematerro\/wp-json\/wp\/v2\/users\/8"}],"replies":[{"embeddable":true,"href":"http:\/\/www.emater.ro.gov.br\/ematerro\/wp-json\/wp\/v2\/comments?post=1951"}],"version-history":[{"count":2,"href":"http:\/\/www.emater.ro.gov.br\/ematerro\/wp-json\/wp\/v2\/posts\/1951\/revisions"}],"predecessor-version":[{"id":1960,"href":"http:\/\/www.emater.ro.gov.br\/ematerro\/wp-json\/wp\/v2\/posts\/1951\/revisions\/1960"}],"wp:attachment":[{"href":"http:\/\/www.emater.ro.gov.br\/ematerro\/wp-json\/wp\/v2\/media?parent=1951"}],"wp:term":[{"taxonomy":"category","embeddable":true,"href":"http:\/\/www.emater.ro.gov.br\/ematerro\/wp-json\/wp\/v2\/categories?post=1951"},{"taxonomy":"post_tag","embeddable":true,"href":"http:\/\/www.emater.ro.gov.br\/ematerro\/wp-json\/wp\/v2\/tags?post=1951"}],"curies":[{"name":"wp","href":"https:\/\/api.w.org\/{rel}","templated":true}]}}