{"id":1942,"date":"2017-01-19T13:41:31","date_gmt":"2017-01-19T17:41:31","guid":{"rendered":"http:\/\/www.emater.ro.gov.br\/ematerro\/?p=1942"},"modified":"2017-01-20T13:08:33","modified_gmt":"2017-01-20T17:08:33","slug":"reassentados-do-santo-antonio-receberao-assistencia-tecnica-ambiental-da-emater-ro","status":"publish","type":"post","link":"http:\/\/www.emater.ro.gov.br\/ematerro\/2017\/01\/19\/reassentados-do-santo-antonio-receberao-assistencia-tecnica-ambiental-da-emater-ro\/","title":{"rendered":"Reassentados da Santo Ant\u00f4nio receber\u00e3o assist\u00eancia t\u00e9cnica ambiental da Emater-RO"},"content":{"rendered":"<p style=\"text-align: justify;\"><img decoding=\"async\" loading=\"lazy\" class=\"alignnone size-medium wp-image-1945\" src=\"http:\/\/www.emater.ro.gov.br\/ematerro\/wp-content\/uploads\/2017\/01\/Desktop3-300x102.jpg\" alt=\"Desktop3\" width=\"300\" height=\"102\" srcset=\"http:\/\/www.emater.ro.gov.br\/ematerro\/wp-content\/uploads\/2017\/01\/Desktop3-300x102.jpg 300w, http:\/\/www.emater.ro.gov.br\/ematerro\/wp-content\/uploads\/2017\/01\/Desktop3-768x262.jpg 768w, http:\/\/www.emater.ro.gov.br\/ematerro\/wp-content\/uploads\/2017\/01\/Desktop3-1024x349.jpg 1024w\" sizes=\"(max-width: 300px) 100vw, 300px\" \/><\/p>\n<p style=\"text-align: justify;\">Os agricultores reassentados por causa da forma\u00e7\u00e3o do lago da hidroel\u00e9trica de Santo Antonio receber\u00e3o assist\u00eancia t\u00e9cnica para regulariza\u00e7\u00e3o ambiental de suas propriedades e ter\u00e3o o Cadastro Ambiental Rural (CAR) elaborado pela Emater-RO, os custos destas atividades ser\u00e3o cobertos pela Santo Antonio Energia, que firmou contrato com a Emater-RO para atender 300 agricultores da \u00e1rea de influencia do lago.<\/p>\n<p style=\"text-align: justify;\">Os agricultores beneficiados s\u00e3o moradores dos reassentamentos Novo Engenho Velho, Riacho Azul, S\u00e3o Domingos, Morrinhos, Santa Rita e entorno do lago da hidrel\u00e9trica.<\/p>\n<figure id=\"attachment_1944\" aria-describedby=\"caption-attachment-1944\" style=\"width: 394px\" class=\"wp-caption alignnone\"><img decoding=\"async\" loading=\"lazy\" class=\" wp-image-1944\" src=\"http:\/\/www.emater.ro.gov.br\/ematerro\/wp-content\/uploads\/2017\/01\/DSC_0594-300x213.jpg\" alt=\"Santo Antonio Energia firmou contrato com a Emater-RO para atender 300 agricultores da \u00e1rea de influencia do lago.\" width=\"394\" height=\"280\" srcset=\"http:\/\/www.emater.ro.gov.br\/ematerro\/wp-content\/uploads\/2017\/01\/DSC_0594-300x213.jpg 300w, http:\/\/www.emater.ro.gov.br\/ematerro\/wp-content\/uploads\/2017\/01\/DSC_0594-768x546.jpg 768w, http:\/\/www.emater.ro.gov.br\/ematerro\/wp-content\/uploads\/2017\/01\/DSC_0594-1024x729.jpg 1024w\" sizes=\"(max-width: 394px) 100vw, 394px\" \/><figcaption id=\"caption-attachment-1944\" class=\"wp-caption-text\">Santo Antonio Energia firmou contrato com a Emater-RO para atender 300 agricultores da \u00e1rea de influencia do lago.<\/figcaption><\/figure>\n<p style=\"text-align: justify;\">Os extensionistas da Emater-RO far\u00e3o visitas t\u00e9cnicas para sensibilizar as fam\u00edlias reassentadas focando as quest\u00f5es ambientais, e tamb\u00e9m utilizar\u00e3o outros m\u00e9todos educativos e de mobiliza\u00e7\u00e3o das comunidades para que em per\u00edodo de cinco meses, entre janeiro e maio deste ano trezentas fam\u00edlias estejam plenamente regularizadas em rela\u00e7\u00e3o ao C\u00f3digo Florestal Brasileiro.<\/p>\n<figure id=\"attachment_1946\" aria-describedby=\"caption-attachment-1946\" style=\"width: 407px\" class=\"wp-caption alignnone\"><img decoding=\"async\" loading=\"lazy\" class=\" wp-image-1946\" src=\"http:\/\/www.emater.ro.gov.br\/ematerro\/wp-content\/uploads\/2017\/01\/santoantonioi-300x194.jpg\" alt=\"Santo Ant\u00f4nio Hidrel\u00e9trica (Foto: Divulga\u00e7\u00e3o)\" width=\"407\" height=\"263\" srcset=\"http:\/\/www.emater.ro.gov.br\/ematerro\/wp-content\/uploads\/2017\/01\/santoantonioi-300x194.jpg 300w, http:\/\/www.emater.ro.gov.br\/ematerro\/wp-content\/uploads\/2017\/01\/santoantonioi.jpg 620w\" sizes=\"(max-width: 407px) 100vw, 407px\" \/><figcaption id=\"caption-attachment-1946\" class=\"wp-caption-text\">Santo Ant\u00f4nio Hidrel\u00e9trica (Foto: Divulga\u00e7\u00e3o)<\/figcaption><\/figure>\n<p style=\"text-align: justify;\">Quando as propriedades estiverem georreferenciadas e com o CAR devidamente homologado, os agricultores e os \u00f3rg\u00e3os ambientais poder\u00e3o monitor\u00e1-las, inclusive com acompanhamento remoto atrav\u00e9s de programas de computadores conectados \u00e0 internet.<\/p>\n<p style=\"text-align: justify;\">As \u00e1reas de prote\u00e7\u00e3o ambiental permanente APP e reserva legal, bem como remanescentes de vegeta\u00e7\u00e3o nativa ser\u00e3o delimitados, o que permitir\u00e1 que se trace mapas digitais, que facilitam o planejamento das atividades na propriedade, c\u00e1lculos de valor venal da terra e das culturas que a cobrem.<\/p>\n<p style=\"text-align: justify;\">A Emater-RO j\u00e1 designou 3 t\u00e9cnicos que ficar\u00e3o lotados no escrit\u00f3rio regional de Porto Velho para atenderem prioritariamente os reassentados, para facilitar os desempenho de suas atividades ter\u00e3o a disposi\u00e7\u00e3o para uso exclusivo, tr\u00eas computadores, uma impressora, um autom\u00f3vel e uma motocicleta.<\/p>\n<p style=\"text-align: justify;\">Texto: Enoque de Oliveira<\/p>\n<p style=\"text-align: justify;\">Fotos: Robson Paiva \/ Santo Ant\u00f4nio Energia<\/p>\n<p>&nbsp;<\/p>\n<p>&nbsp;<\/p>\n","protected":false},"excerpt":{"rendered":"<p>Os agricultores reassentados por causa da forma\u00e7\u00e3o do lago da hidroel\u00e9trica de Santo Antonio receber\u00e3o assist\u00eancia t\u00e9cnica para regulariza\u00e7\u00e3o ambiental de suas propriedades e ter\u00e3o o Cadastro Ambiental Rural (CAR) [&hellip;]<\/p>\n","protected":false},"author":8,"featured_media":1944,"comment_status":"closed","ping_status":"closed","sticky":false,"template":"","format":"standard","meta":[],"categories":[9],"tags":[],"_links":{"self":[{"href":"http:\/\/www.emater.ro.gov.br\/ematerro\/wp-json\/wp\/v2\/posts\/1942"}],"collection":[{"href":"http:\/\/www.emater.ro.gov.br\/ematerro\/wp-json\/wp\/v2\/posts"}],"about":[{"href":"http:\/\/www.emater.ro.gov.br\/ematerro\/wp-json\/wp\/v2\/types\/post"}],"author":[{"embeddable":true,"href":"http:\/\/www.emater.ro.gov.br\/ematerro\/wp-json\/wp\/v2\/users\/8"}],"replies":[{"embeddable":true,"href":"http:\/\/www.emater.ro.gov.br\/ematerro\/wp-json\/wp\/v2\/comments?post=1942"}],"version-history":[{"count":3,"href":"http:\/\/www.emater.ro.gov.br\/ematerro\/wp-json\/wp\/v2\/posts\/1942\/revisions"}],"predecessor-version":[{"id":1949,"href":"http:\/\/www.emater.ro.gov.br\/ematerro\/wp-json\/wp\/v2\/posts\/1942\/revisions\/1949"}],"wp:featuredmedia":[{"embeddable":true,"href":"http:\/\/www.emater.ro.gov.br\/ematerro\/wp-json\/wp\/v2\/media\/1944"}],"wp:attachment":[{"href":"http:\/\/www.emater.ro.gov.br\/ematerro\/wp-json\/wp\/v2\/media?parent=1942"}],"wp:term":[{"taxonomy":"category","embeddable":true,"href":"http:\/\/www.emater.ro.gov.br\/ematerro\/wp-json\/wp\/v2\/categories?post=1942"},{"taxonomy":"post_tag","embeddable":true,"href":"http:\/\/www.emater.ro.gov.br\/ematerro\/wp-json\/wp\/v2\/tags?post=1942"}],"curies":[{"name":"wp","href":"https:\/\/api.w.org\/{rel}","templated":true}]}}