{"id":1934,"date":"2017-01-18T11:50:03","date_gmt":"2017-01-18T15:50:03","guid":{"rendered":"http:\/\/www.emater.ro.gov.br\/ematerro\/?p=1934"},"modified":"2017-01-18T12:51:37","modified_gmt":"2017-01-18T16:51:37","slug":"prefeitos-de-colorado-e-espigao-visitam-a-emater-ro","status":"publish","type":"post","link":"http:\/\/www.emater.ro.gov.br\/ematerro\/2017\/01\/18\/prefeitos-de-colorado-e-espigao-visitam-a-emater-ro\/","title":{"rendered":"Prefeitos de Colorado e Espig\u00e3o visitam a Emater-RO"},"content":{"rendered":"<figure id=\"attachment_1935\" aria-describedby=\"caption-attachment-1935\" style=\"width: 1024px\" class=\"wp-caption aligncenter\"><img decoding=\"async\" loading=\"lazy\" class=\"wp-image-1935 size-large\" src=\"http:\/\/www.emater.ro.gov.br\/ematerro\/wp-content\/uploads\/2017\/01\/DSC_0001-1024x681.jpg\" alt=\"DSC_0001\" width=\"1024\" height=\"681\" srcset=\"http:\/\/www.emater.ro.gov.br\/ematerro\/wp-content\/uploads\/2017\/01\/DSC_0001-1024x681.jpg 1024w, http:\/\/www.emater.ro.gov.br\/ematerro\/wp-content\/uploads\/2017\/01\/DSC_0001-300x199.jpg 300w, http:\/\/www.emater.ro.gov.br\/ematerro\/wp-content\/uploads\/2017\/01\/DSC_0001-768x511.jpg 768w, http:\/\/www.emater.ro.gov.br\/ematerro\/wp-content\/uploads\/2017\/01\/DSC_0001-480x320.jpg 480w\" sizes=\"(max-width: 1024px) 100vw, 1024px\" \/><figcaption id=\"caption-attachment-1935\" class=\"wp-caption-text\">Ao centro o presidente Chiquinho da Emater, a sua direita o vereador Evandro e \u00e0 esquerda o Prefeito de Colorado do Oeste Professor Ribamar.<\/figcaption><\/figure>\n<p>O presidente da Emater-RO Francisco Coutinho( Chiquinho da Emater), abriu sua agenda para receber o prefeito de Colorado do Oeste Professor Ribamar, que estava acompanhado do presidente da c\u00e2mara municipal vereador Evandro da Farm\u00e1cia, e tamb\u00e9m \u00a0recebeu o novo prefeito de Espig\u00e3o do Oeste Nilton Caetano e seu vice Valter Gon\u00e7alves Lara.<\/p>\n<p>Os novos prefeitos dos munic\u00edpios de Rond\u00f4nia tem vindo a capital para estabelecer contatos e rela\u00e7\u00f5es de parceria com as institui\u00e7\u00f5es de interesse p\u00fablico, e nesse contexto a Emater-RO \u00e9 parada obrigat\u00f3ria, admitem os dirigentes municipais.<\/p>\n<p>O presidente Chiquinho tem recebido com muita cortesia, quase todos os dias, prefeitos do interior, e a todos tem demonstrado o interesse da institui\u00e7\u00e3o e estreitar os v\u00ednculos para garantir uma coopera\u00e7\u00e3o mutua, que venha beneficiar os agricultores, em especial os da agricultura familiar.<\/p>\n<p>Todas as diretorias da Emater-RO tem orientado os empregados extensionistas e administrativos para priorizar o atendimento \u00e0s administra\u00e7\u00f5es municipais de modo a fortalecer as parcerias e oferecer mais qualidade no servi\u00e7o de assist\u00eancia ao produtor rural.<\/p>\n<figure id=\"attachment_1936\" aria-describedby=\"caption-attachment-1936\" style=\"width: 1024px\" class=\"wp-caption aligncenter\"><img decoding=\"async\" loading=\"lazy\" class=\"wp-image-1936 size-large\" src=\"http:\/\/www.emater.ro.gov.br\/ematerro\/wp-content\/uploads\/2017\/01\/DSC_0009-1024x681.jpg\" alt=\"DSC_0009\" width=\"1024\" height=\"681\" srcset=\"http:\/\/www.emater.ro.gov.br\/ematerro\/wp-content\/uploads\/2017\/01\/DSC_0009-1024x681.jpg 1024w, http:\/\/www.emater.ro.gov.br\/ematerro\/wp-content\/uploads\/2017\/01\/DSC_0009-300x199.jpg 300w, http:\/\/www.emater.ro.gov.br\/ematerro\/wp-content\/uploads\/2017\/01\/DSC_0009-768x511.jpg 768w, http:\/\/www.emater.ro.gov.br\/ematerro\/wp-content\/uploads\/2017\/01\/DSC_0009-480x320.jpg 480w\" sizes=\"(max-width: 1024px) 100vw, 1024px\" \/><figcaption id=\"caption-attachment-1936\" class=\"wp-caption-text\">Prefeito de Espig\u00e3o do Oeste Nilton Caetano e seu vice Valter Gon\u00e7alves Lara com presidente Francisco Coutinho, da Emater-RO.<\/figcaption><\/figure>\n<p>&nbsp;<\/p>\n","protected":false},"excerpt":{"rendered":"<p>O presidente da Emater-RO Francisco Coutinho( Chiquinho da Emater), abriu sua agenda para receber o prefeito de Colorado do Oeste Professor Ribamar, que estava acompanhado do presidente da c\u00e2mara municipal [&hellip;]<\/p>\n","protected":false},"author":8,"featured_media":1938,"comment_status":"closed","ping_status":"closed","sticky":false,"template":"","format":"standard","meta":[],"categories":[9],"tags":[],"_links":{"self":[{"href":"http:\/\/www.emater.ro.gov.br\/ematerro\/wp-json\/wp\/v2\/posts\/1934"}],"collection":[{"href":"http:\/\/www.emater.ro.gov.br\/ematerro\/wp-json\/wp\/v2\/posts"}],"about":[{"href":"http:\/\/www.emater.ro.gov.br\/ematerro\/wp-json\/wp\/v2\/types\/post"}],"author":[{"embeddable":true,"href":"http:\/\/www.emater.ro.gov.br\/ematerro\/wp-json\/wp\/v2\/users\/8"}],"replies":[{"embeddable":true,"href":"http:\/\/www.emater.ro.gov.br\/ematerro\/wp-json\/wp\/v2\/comments?post=1934"}],"version-history":[{"count":3,"href":"http:\/\/www.emater.ro.gov.br\/ematerro\/wp-json\/wp\/v2\/posts\/1934\/revisions"}],"predecessor-version":[{"id":1941,"href":"http:\/\/www.emater.ro.gov.br\/ematerro\/wp-json\/wp\/v2\/posts\/1934\/revisions\/1941"}],"wp:featuredmedia":[{"embeddable":true,"href":"http:\/\/www.emater.ro.gov.br\/ematerro\/wp-json\/wp\/v2\/media\/1938"}],"wp:attachment":[{"href":"http:\/\/www.emater.ro.gov.br\/ematerro\/wp-json\/wp\/v2\/media?parent=1934"}],"wp:term":[{"taxonomy":"category","embeddable":true,"href":"http:\/\/www.emater.ro.gov.br\/ematerro\/wp-json\/wp\/v2\/categories?post=1934"},{"taxonomy":"post_tag","embeddable":true,"href":"http:\/\/www.emater.ro.gov.br\/ematerro\/wp-json\/wp\/v2\/tags?post=1934"}],"curies":[{"name":"wp","href":"https:\/\/api.w.org\/{rel}","templated":true}]}}