{"id":19327,"date":"2026-03-11T10:30:54","date_gmt":"2026-03-11T14:30:54","guid":{"rendered":"http:\/\/www.emater.ro.gov.br\/ematerro\/?p=19327"},"modified":"2026-03-11T10:30:54","modified_gmt":"2026-03-11T14:30:54","slug":"mulheres-rurais-participam-de-programacao-especial-promovida-pela-emater-ro-em-vale-do-paraiso","status":"publish","type":"post","link":"http:\/\/www.emater.ro.gov.br\/ematerro\/2026\/03\/11\/mulheres-rurais-participam-de-programacao-especial-promovida-pela-emater-ro-em-vale-do-paraiso\/","title":{"rendered":"Mulheres rurais participam de programa\u00e7\u00e3o especial promovida pela Emater-RO em Vale do Para\u00edso"},"content":{"rendered":"\n<p>Cerca de 120 mulheres rurais participaram de um dia especial de integra\u00e7\u00e3o, aprendizado e valoriza\u00e7\u00e3o em Vale do Para\u00edso, durante a programa\u00e7\u00e3o em comemora\u00e7\u00e3o ao Dia Internacional da Mulher. O encontro, promovido pela Entidade Aut\u00e1rquica de Assist\u00eancia T\u00e9cnica e Extens\u00e3o Rural (Emater-RO), foi realizado no dia 6 de mar\u00e7o, na quadra municipal, reunindo agricultoras, profissionais de diversas \u00e1reas e autoridades locais em uma agenda dedicada ao fortalecimento do protagonismo feminino no campo.<\/p>\n\n\n\n<p>A programa\u00e7\u00e3o iniciou com atividades de integra\u00e7\u00e3o entre as participantes e, em seguida, foram realizadas rodas de conversa abordando diversos temas relevantes para o cotidiano das mulheres rurais. O primeiro tema, finan\u00e7as pessoais e documentos rurais cont\u00e1beis, foi apresentado pela contadora Elba Nogueira Polito, que possui ampla experi\u00eancia no segmento. Na sequ\u00eancia, a agente de tr\u00e2nsito do Departamento Estadual de Tr\u00e2nsito de Rond\u00f4nia (Detran), Edilma Delmondes Bastos, abordou o tema educa\u00e7\u00e3o no tr\u00e2nsito, com \u00eanfase nos riscos do transporte de menores em motocicletas, preven\u00e7\u00e3o de acidentes e medidas de seguran\u00e7a.<\/p>\n\n\n\n<p>O associativismo foi outro tema debatido no encontro, conduzido pela propriet\u00e1ria da Agroind\u00fastria Bom Princ\u00edpio, Ros\u00e2ngela Alves Saiter, que tamb\u00e9m atua na Associa\u00e7\u00e3o dos Propriet\u00e1rios de Agroind\u00fastria de Vale do Para\u00edso (Agrovale). Segundo a extensionista social da Emater-RO, Sirley da Silva Lopes, a participa\u00e7\u00e3o feminina em associa\u00e7\u00f5es \u00e9 fundamental para fortalecer a representatividade e ampliar a presen\u00e7a das mulheres nos espa\u00e7os de decis\u00e3o. \u201cA participa\u00e7\u00e3o da mulher em associa\u00e7\u00f5es \u00e9 fundamental para garantir a representatividade, promover a equidade de g\u00eanero e fomentar a diversidade de perspectivas na tomada de decis\u00f5es\u201d, destacou.<\/p>\n\n\n\n<p><strong>DIREITOS DA MULHER<\/strong><br>Outro tema relevante foi o direito de fam\u00edlia, apresentado pela advogada Dra. Loana Carla Marques, que atua na Procuradoria Geral do Munic\u00edpio (PGM) de Vale do Para\u00edso. Durante o debate, foram esclarecidas d\u00favidas relacionadas \u00e0 pens\u00e3o por morte rural e urbana, al\u00e9m dos direitos de pens\u00e3o para menores e c\u00f4njuges.<\/p>\n\n\n\n<p>A sa\u00fade da mulher tamb\u00e9m foi destaque durante o encontro. A enfermeira Maria C\u00edcera F. Andrade, da Unidade B\u00e1sica de Sa\u00fade (UBS) local, falou sobre a Sa\u00fade da Mulher 40+, destacando sintomas e efeitos da menopausa e orienta\u00e7\u00f5es importantes para essa fase da vida. J\u00e1 a equipe de profissionais do Centro de Refer\u00eancia de Assist\u00eancia Social (CRAS) promoveu din\u00e2micas de reflex\u00e3o sobre autoestima e autocuidado, incentivando a participa\u00e7\u00e3o e o fortalecimento pessoal das mulheres presentes.<\/p>\n\n\n\n<p>A extensionista social da Emater-RO, M\u00e1rcia Sandra da Silva, abordou a previd\u00eancia rural, destacando o trabalho da institui\u00e7\u00e3o na orienta\u00e7\u00e3o aos agricultores familiares sobre o acesso \u00e0s pol\u00edticas p\u00fablicas. \u201cOs trabalhos da Emater-RO na \u00e1rea social s\u00e3o desenvolvidos por meio de v\u00e1rias metodologias, como este evento, que tem auxiliado os agricultores familiares no acesso \u00e0s pol\u00edticas p\u00fablicas da agricultura familiar e tamb\u00e9m \u00e0 previd\u00eancia social\u201d, explicou. Encerrando os debates, a agricultora Luzia Talk compartilhou sua experi\u00eancia como mulher rural aut\u00f4noma, respons\u00e1vel pela gest\u00e3o da produ\u00e7\u00e3o e pelos desafios di\u00e1rios de conciliar o trabalho no campo com a administra\u00e7\u00e3o da propriedade.<\/p>\n\n\n\n<p><strong>VALORIZA\u00c7\u00c3O E AUTONOMIA DA MULHER RURAL<\/strong><br>Para o diretor-presidente da Emater-RO, Luiz Cl\u00e1udio Pereira Alves, iniciativas como essa refor\u00e7am o compromisso da institui\u00e7\u00e3o com o fortalecimento das mulheres rurais. \u201cA Emater-RO tem um papel fundamental no fortalecimento da agricultura familiar e isso passa, necessariamente, pela valoriza\u00e7\u00e3o da mulher rural\u201d, ressaltou.<\/p>\n\n\n\n<p>O governador de Rond\u00f4nia, Marcos Rocha, tamb\u00e9m destacou a import\u00e2ncia das mulheres para o desenvolvimento do estado. \u201cAs mulheres do campo desempenham um papel essencial no desenvolvimento de Rond\u00f4nia. S\u00e3o produtoras, gestoras, l\u00edderes em suas comunidades e fundamentais para o fortalecimento da agricultura familiar\u201d, afirmou.<\/p>\n\n\n\n<p>Durante o evento, as participantes tamb\u00e9m desfrutaram de um caf\u00e9 da manh\u00e3 especial, proporcionando um momento de descontra\u00e7\u00e3o ao som de m\u00fasicas voltadas \u00e0 valoriza\u00e7\u00e3o da mulher. A iniciativa refor\u00e7a o compromisso da Emater-RO e do Governo de Rond\u00f4nia com a promo\u00e7\u00e3o da cidadania, inclus\u00e3o social e fortalecimento da agricultura familiar, reconhecendo o papel das mulheres no desenvolvimento sustent\u00e1vel do estado. O encerramento contou com a presen\u00e7a de autoridades locais que prestigiaram o evento.<\/p>\n\n\n\n<p class=\"has-text-align-right\"><strong><em><sup>Texto: Wania Ressutti<br>Jornalista \u2013 MTE-1744\/RO<br>Fotos: <strong><em><sup>Sirley da Silva Lopes<\/sup><\/em><\/strong><br>EMATER-RO<\/sup><\/em><\/strong><\/p>\n\n\n\n<figure class=\"wp-block-gallery has-nested-images columns-default is-cropped wp-block-gallery-1 is-layout-flex\">\n<figure class=\"wp-block-image size-large\"><img decoding=\"async\" loading=\"lazy\" width=\"1024\" height=\"572\" data-id=\"19322\"  src=\"http:\/\/www.emater.ro.gov.br\/ematerro\/wp-content\/uploads\/2026\/03\/20260306-modelo-3-foto-1-1024x572.jpeg\" alt=\"\" class=\"wp-image-19322\" srcset=\"http:\/\/www.emater.ro.gov.br\/ematerro\/wp-content\/uploads\/2026\/03\/20260306-modelo-3-foto-1-1024x572.jpeg 1024w, http:\/\/www.emater.ro.gov.br\/ematerro\/wp-content\/uploads\/2026\/03\/20260306-modelo-3-foto-1-300x167.jpeg 300w, http:\/\/www.emater.ro.gov.br\/ematerro\/wp-content\/uploads\/2026\/03\/20260306-modelo-3-foto-1-768x429.jpeg 768w, http:\/\/www.emater.ro.gov.br\/ematerro\/wp-content\/uploads\/2026\/03\/20260306-modelo-3-foto-1-1536x857.jpeg 1536w, http:\/\/www.emater.ro.gov.br\/ematerro\/wp-content\/uploads\/2026\/03\/20260306-modelo-3-foto-1-2048x1143.jpeg 2048w\" sizes=\"(max-width: 1024px) 100vw, 1024px\" \/><\/figure>\n\n\n\n<figure class=\"wp-block-image size-large\"><img decoding=\"async\" loading=\"lazy\" width=\"1024\" height=\"641\" data-id=\"19340\"  src=\"http:\/\/www.emater.ro.gov.br\/ematerro\/wp-content\/uploads\/2026\/03\/20260311-03mar2026-06-dia-internacional-da-mulher_vale-do-paraiso_sirley-lopes-1-1024x641.jpg\" alt=\"\" class=\"wp-image-19340\" srcset=\"http:\/\/www.emater.ro.gov.br\/ematerro\/wp-content\/uploads\/2026\/03\/20260311-03mar2026-06-dia-internacional-da-mulher_vale-do-paraiso_sirley-lopes-1-1024x641.jpg 1024w, http:\/\/www.emater.ro.gov.br\/ematerro\/wp-content\/uploads\/2026\/03\/20260311-03mar2026-06-dia-internacional-da-mulher_vale-do-paraiso_sirley-lopes-1-300x188.jpg 300w, http:\/\/www.emater.ro.gov.br\/ematerro\/wp-content\/uploads\/2026\/03\/20260311-03mar2026-06-dia-internacional-da-mulher_vale-do-paraiso_sirley-lopes-1-768x481.jpg 768w, http:\/\/www.emater.ro.gov.br\/ematerro\/wp-content\/uploads\/2026\/03\/20260311-03mar2026-06-dia-internacional-da-mulher_vale-do-paraiso_sirley-lopes-1.jpg 1027w\" sizes=\"(max-width: 1024px) 100vw, 1024px\" \/><\/figure>\n\n\n\n<figure class=\"wp-block-image size-large\"><img decoding=\"async\" loading=\"lazy\" width=\"1024\" height=\"640\" data-id=\"19341\"  src=\"http:\/\/www.emater.ro.gov.br\/ematerro\/wp-content\/uploads\/2026\/03\/20260311-03mar2026-06-dia-internacional-da-mulher_vale-do-paraiso_sirley-lopes-2-1024x640.jpg\" alt=\"\" class=\"wp-image-19341\" srcset=\"http:\/\/www.emater.ro.gov.br\/ematerro\/wp-content\/uploads\/2026\/03\/20260311-03mar2026-06-dia-internacional-da-mulher_vale-do-paraiso_sirley-lopes-2-1024x640.jpg 1024w, http:\/\/www.emater.ro.gov.br\/ematerro\/wp-content\/uploads\/2026\/03\/20260311-03mar2026-06-dia-internacional-da-mulher_vale-do-paraiso_sirley-lopes-2-300x188.jpg 300w, http:\/\/www.emater.ro.gov.br\/ematerro\/wp-content\/uploads\/2026\/03\/20260311-03mar2026-06-dia-internacional-da-mulher_vale-do-paraiso_sirley-lopes-2-768x480.jpg 768w, http:\/\/www.emater.ro.gov.br\/ematerro\/wp-content\/uploads\/2026\/03\/20260311-03mar2026-06-dia-internacional-da-mulher_vale-do-paraiso_sirley-lopes-2.jpg 1200w\" sizes=\"(max-width: 1024px) 100vw, 1024px\" \/><\/figure>\n\n\n\n<figure class=\"wp-block-image size-large\"><img decoding=\"async\" loading=\"lazy\" width=\"1024\" height=\"641\" data-id=\"19342\"  src=\"http:\/\/www.emater.ro.gov.br\/ematerro\/wp-content\/uploads\/2026\/03\/20260311-03mar2026-06-dia-internacional-da-mulher_vale-do-paraiso_sirley-lopes-3-1024x641.jpg\" alt=\"\" class=\"wp-image-19342\" srcset=\"http:\/\/www.emater.ro.gov.br\/ematerro\/wp-content\/uploads\/2026\/03\/20260311-03mar2026-06-dia-internacional-da-mulher_vale-do-paraiso_sirley-lopes-3-1024x641.jpg 1024w, http:\/\/www.emater.ro.gov.br\/ematerro\/wp-content\/uploads\/2026\/03\/20260311-03mar2026-06-dia-internacional-da-mulher_vale-do-paraiso_sirley-lopes-3-300x188.jpg 300w, http:\/\/www.emater.ro.gov.br\/ematerro\/wp-content\/uploads\/2026\/03\/20260311-03mar2026-06-dia-internacional-da-mulher_vale-do-paraiso_sirley-lopes-3-768x480.jpg 768w, http:\/\/www.emater.ro.gov.br\/ematerro\/wp-content\/uploads\/2026\/03\/20260311-03mar2026-06-dia-internacional-da-mulher_vale-do-paraiso_sirley-lopes-3.jpg 1178w\" sizes=\"(max-width: 1024px) 100vw, 1024px\" \/><\/figure>\n\n\n\n<figure class=\"wp-block-image size-large\"><img decoding=\"async\" loading=\"lazy\" width=\"1024\" height=\"641\" data-id=\"19343\"  src=\"http:\/\/www.emater.ro.gov.br\/ematerro\/wp-content\/uploads\/2026\/03\/20260311-03mar2026-06-dia-internacional-da-mulher_vale-do-paraiso_sirley-lopes-4-1024x641.jpg\" alt=\"\" class=\"wp-image-19343\" srcset=\"http:\/\/www.emater.ro.gov.br\/ematerro\/wp-content\/uploads\/2026\/03\/20260311-03mar2026-06-dia-internacional-da-mulher_vale-do-paraiso_sirley-lopes-4-1024x641.jpg 1024w, http:\/\/www.emater.ro.gov.br\/ematerro\/wp-content\/uploads\/2026\/03\/20260311-03mar2026-06-dia-internacional-da-mulher_vale-do-paraiso_sirley-lopes-4-300x188.jpg 300w, http:\/\/www.emater.ro.gov.br\/ematerro\/wp-content\/uploads\/2026\/03\/20260311-03mar2026-06-dia-internacional-da-mulher_vale-do-paraiso_sirley-lopes-4-768x481.jpg 768w, http:\/\/www.emater.ro.gov.br\/ematerro\/wp-content\/uploads\/2026\/03\/20260311-03mar2026-06-dia-internacional-da-mulher_vale-do-paraiso_sirley-lopes-4.jpg 1112w\" sizes=\"(max-width: 1024px) 100vw, 1024px\" \/><\/figure>\n\n\n\n<figure class=\"wp-block-image size-large\"><img decoding=\"async\" loading=\"lazy\" width=\"1024\" height=\"640\" data-id=\"19344\"  src=\"http:\/\/www.emater.ro.gov.br\/ematerro\/wp-content\/uploads\/2026\/03\/20260311-03mar2026-06-dia-internacional-da-mulher_vale-do-paraiso_sirley-lopes-5-1024x640.jpg\" alt=\"\" class=\"wp-image-19344\" srcset=\"http:\/\/www.emater.ro.gov.br\/ematerro\/wp-content\/uploads\/2026\/03\/20260311-03mar2026-06-dia-internacional-da-mulher_vale-do-paraiso_sirley-lopes-5-1024x640.jpg 1024w, http:\/\/www.emater.ro.gov.br\/ematerro\/wp-content\/uploads\/2026\/03\/20260311-03mar2026-06-dia-internacional-da-mulher_vale-do-paraiso_sirley-lopes-5-300x188.jpg 300w, http:\/\/www.emater.ro.gov.br\/ematerro\/wp-content\/uploads\/2026\/03\/20260311-03mar2026-06-dia-internacional-da-mulher_vale-do-paraiso_sirley-lopes-5-768x480.jpg 768w, http:\/\/www.emater.ro.gov.br\/ematerro\/wp-content\/uploads\/2026\/03\/20260311-03mar2026-06-dia-internacional-da-mulher_vale-do-paraiso_sirley-lopes-5.jpg 1200w\" sizes=\"(max-width: 1024px) 100vw, 1024px\" \/><\/figure>\n\n\n\n<figure class=\"wp-block-image size-large\"><img decoding=\"async\" loading=\"lazy\" width=\"1024\" height=\"640\" data-id=\"19345\"  src=\"http:\/\/www.emater.ro.gov.br\/ematerro\/wp-content\/uploads\/2026\/03\/20260311-03mar2026-06-dia-internacional-da-mulher_vale-do-paraiso_sirley-lopes-6-1024x640.jpg\" alt=\"\" class=\"wp-image-19345\" srcset=\"http:\/\/www.emater.ro.gov.br\/ematerro\/wp-content\/uploads\/2026\/03\/20260311-03mar2026-06-dia-internacional-da-mulher_vale-do-paraiso_sirley-lopes-6-1024x640.jpg 1024w, http:\/\/www.emater.ro.gov.br\/ematerro\/wp-content\/uploads\/2026\/03\/20260311-03mar2026-06-dia-internacional-da-mulher_vale-do-paraiso_sirley-lopes-6-300x187.jpg 300w, http:\/\/www.emater.ro.gov.br\/ematerro\/wp-content\/uploads\/2026\/03\/20260311-03mar2026-06-dia-internacional-da-mulher_vale-do-paraiso_sirley-lopes-6-768x480.jpg 768w, http:\/\/www.emater.ro.gov.br\/ematerro\/wp-content\/uploads\/2026\/03\/20260311-03mar2026-06-dia-internacional-da-mulher_vale-do-paraiso_sirley-lopes-6.jpg 1461w\" sizes=\"(max-width: 1024px) 100vw, 1024px\" \/><\/figure>\n\n\n\n<figure class=\"wp-block-image size-large\"><img decoding=\"async\" loading=\"lazy\" width=\"1024\" height=\"640\" data-id=\"19346\"  src=\"http:\/\/www.emater.ro.gov.br\/ematerro\/wp-content\/uploads\/2026\/03\/20260311-03mar2026-06-dia-internacional-da-mulher_vale-do-paraiso_sirley-lopes-7-1024x640.jpg\" alt=\"\" class=\"wp-image-19346\" srcset=\"http:\/\/www.emater.ro.gov.br\/ematerro\/wp-content\/uploads\/2026\/03\/20260311-03mar2026-06-dia-internacional-da-mulher_vale-do-paraiso_sirley-lopes-7-1024x640.jpg 1024w, http:\/\/www.emater.ro.gov.br\/ematerro\/wp-content\/uploads\/2026\/03\/20260311-03mar2026-06-dia-internacional-da-mulher_vale-do-paraiso_sirley-lopes-7-300x188.jpg 300w, http:\/\/www.emater.ro.gov.br\/ematerro\/wp-content\/uploads\/2026\/03\/20260311-03mar2026-06-dia-internacional-da-mulher_vale-do-paraiso_sirley-lopes-7-768x480.jpg 768w, http:\/\/www.emater.ro.gov.br\/ematerro\/wp-content\/uploads\/2026\/03\/20260311-03mar2026-06-dia-internacional-da-mulher_vale-do-paraiso_sirley-lopes-7.jpg 1200w\" sizes=\"(max-width: 1024px) 100vw, 1024px\" \/><\/figure>\n\n\n\n<figure class=\"wp-block-image size-large\"><img decoding=\"async\" loading=\"lazy\" width=\"1024\" height=\"640\" data-id=\"19347\"  src=\"http:\/\/www.emater.ro.gov.br\/ematerro\/wp-content\/uploads\/2026\/03\/20260311-03mar2026-06-dia-internacional-da-mulher_vale-do-paraiso_sirley-lopes-8-1024x640.jpg\" alt=\"\" class=\"wp-image-19347\" srcset=\"http:\/\/www.emater.ro.gov.br\/ematerro\/wp-content\/uploads\/2026\/03\/20260311-03mar2026-06-dia-internacional-da-mulher_vale-do-paraiso_sirley-lopes-8-1024x640.jpg 1024w, http:\/\/www.emater.ro.gov.br\/ematerro\/wp-content\/uploads\/2026\/03\/20260311-03mar2026-06-dia-internacional-da-mulher_vale-do-paraiso_sirley-lopes-8-300x188.jpg 300w, http:\/\/www.emater.ro.gov.br\/ematerro\/wp-content\/uploads\/2026\/03\/20260311-03mar2026-06-dia-internacional-da-mulher_vale-do-paraiso_sirley-lopes-8-768x480.jpg 768w, http:\/\/www.emater.ro.gov.br\/ematerro\/wp-content\/uploads\/2026\/03\/20260311-03mar2026-06-dia-internacional-da-mulher_vale-do-paraiso_sirley-lopes-8.jpg 1200w\" sizes=\"(max-width: 1024px) 100vw, 1024px\" \/><\/figure>\n\n\n\n<figure class=\"wp-block-image size-large\"><img decoding=\"async\" loading=\"lazy\" width=\"1024\" height=\"640\" data-id=\"19348\"  src=\"http:\/\/www.emater.ro.gov.br\/ematerro\/wp-content\/uploads\/2026\/03\/20260311-03mar2026-06-dia-internacional-da-mulher_vale-do-paraiso_sirley-lopes-9-1024x640.jpg\" alt=\"\" class=\"wp-image-19348\" srcset=\"http:\/\/www.emater.ro.gov.br\/ematerro\/wp-content\/uploads\/2026\/03\/20260311-03mar2026-06-dia-internacional-da-mulher_vale-do-paraiso_sirley-lopes-9-1024x640.jpg 1024w, http:\/\/www.emater.ro.gov.br\/ematerro\/wp-content\/uploads\/2026\/03\/20260311-03mar2026-06-dia-internacional-da-mulher_vale-do-paraiso_sirley-lopes-9-300x188.jpg 300w, http:\/\/www.emater.ro.gov.br\/ematerro\/wp-content\/uploads\/2026\/03\/20260311-03mar2026-06-dia-internacional-da-mulher_vale-do-paraiso_sirley-lopes-9-768x480.jpg 768w, http:\/\/www.emater.ro.gov.br\/ematerro\/wp-content\/uploads\/2026\/03\/20260311-03mar2026-06-dia-internacional-da-mulher_vale-do-paraiso_sirley-lopes-9-1536x960.jpg 1536w, http:\/\/www.emater.ro.gov.br\/ematerro\/wp-content\/uploads\/2026\/03\/20260311-03mar2026-06-dia-internacional-da-mulher_vale-do-paraiso_sirley-lopes-9.jpg 1600w\" sizes=\"(max-width: 1024px) 100vw, 1024px\" \/><\/figure>\n\n\n\n<figure class=\"wp-block-image size-large\"><img decoding=\"async\" loading=\"lazy\" width=\"1024\" height=\"640\" data-id=\"19349\"  src=\"http:\/\/www.emater.ro.gov.br\/ematerro\/wp-content\/uploads\/2026\/03\/20260311-03mar2026-06-dia-internacional-da-mulher_vale-do-paraiso_sirley-lopes-10-1024x640.jpg\" alt=\"\" class=\"wp-image-19349\" srcset=\"http:\/\/www.emater.ro.gov.br\/ematerro\/wp-content\/uploads\/2026\/03\/20260311-03mar2026-06-dia-internacional-da-mulher_vale-do-paraiso_sirley-lopes-10-1024x640.jpg 1024w, http:\/\/www.emater.ro.gov.br\/ematerro\/wp-content\/uploads\/2026\/03\/20260311-03mar2026-06-dia-internacional-da-mulher_vale-do-paraiso_sirley-lopes-10-300x188.jpg 300w, http:\/\/www.emater.ro.gov.br\/ematerro\/wp-content\/uploads\/2026\/03\/20260311-03mar2026-06-dia-internacional-da-mulher_vale-do-paraiso_sirley-lopes-10-768x480.jpg 768w, http:\/\/www.emater.ro.gov.br\/ematerro\/wp-content\/uploads\/2026\/03\/20260311-03mar2026-06-dia-internacional-da-mulher_vale-do-paraiso_sirley-lopes-10.jpg 1280w\" sizes=\"(max-width: 1024px) 100vw, 1024px\" \/><\/figure>\n<\/figure>\n","protected":false},"excerpt":{"rendered":"<p>A Emater-RO reuniu cerca de 120 mulheres rurais no munic\u00edpio de Vale do Para\u00edso em uma programa\u00e7\u00e3o especial em comemora\u00e7\u00e3o ao Dia Internacional da Mulher, com rodas de conversa, orienta\u00e7\u00f5es sobre finan\u00e7as, sa\u00fade, direitos e previd\u00eancia rural, al\u00e9m de atividades voltadas ao fortalecimento do protagonismo feminino no campo.<\/p>\n","protected":false},"author":9,"featured_media":19346,"comment_status":"closed","ping_status":"closed","sticky":false,"template":"","format":"standard","meta":[],"categories":[10,11,12],"tags":[135,188,222,320,30,45],"_links":{"self":[{"href":"http:\/\/www.emater.ro.gov.br\/ematerro\/wp-json\/wp\/v2\/posts\/19327"}],"collection":[{"href":"http:\/\/www.emater.ro.gov.br\/ematerro\/wp-json\/wp\/v2\/posts"}],"about":[{"href":"http:\/\/www.emater.ro.gov.br\/ematerro\/wp-json\/wp\/v2\/types\/post"}],"author":[{"embeddable":true,"href":"http:\/\/www.emater.ro.gov.br\/ematerro\/wp-json\/wp\/v2\/users\/9"}],"replies":[{"embeddable":true,"href":"http:\/\/www.emater.ro.gov.br\/ematerro\/wp-json\/wp\/v2\/comments?post=19327"}],"version-history":[{"count":4,"href":"http:\/\/www.emater.ro.gov.br\/ematerro\/wp-json\/wp\/v2\/posts\/19327\/revisions"}],"predecessor-version":[{"id":19351,"href":"http:\/\/www.emater.ro.gov.br\/ematerro\/wp-json\/wp\/v2\/posts\/19327\/revisions\/19351"}],"wp:featuredmedia":[{"embeddable":true,"href":"http:\/\/www.emater.ro.gov.br\/ematerro\/wp-json\/wp\/v2\/media\/19346"}],"wp:attachment":[{"href":"http:\/\/www.emater.ro.gov.br\/ematerro\/wp-json\/wp\/v2\/media?parent=19327"}],"wp:term":[{"taxonomy":"category","embeddable":true,"href":"http:\/\/www.emater.ro.gov.br\/ematerro\/wp-json\/wp\/v2\/categories?post=19327"},{"taxonomy":"post_tag","embeddable":true,"href":"http:\/\/www.emater.ro.gov.br\/ematerro\/wp-json\/wp\/v2\/tags?post=19327"}],"curies":[{"name":"wp","href":"https:\/\/api.w.org\/{rel}","templated":true}]}}