{"id":19143,"date":"2026-01-28T10:00:00","date_gmt":"2026-01-28T14:00:00","guid":{"rendered":"http:\/\/www.emater.ro.gov.br\/ematerro\/?p=19143"},"modified":"2026-01-27T11:25:57","modified_gmt":"2026-01-27T15:25:57","slug":"emater-ro-e-faperon-alinham-acoes-para-fortalecer-a-assistencia-tecnica-rural-em-rondonia","status":"publish","type":"post","link":"http:\/\/www.emater.ro.gov.br\/ematerro\/2026\/01\/28\/emater-ro-e-faperon-alinham-acoes-para-fortalecer-a-assistencia-tecnica-rural-em-rondonia\/","title":{"rendered":"Emater-RO e Faperon alinham a\u00e7\u00f5es para fortalecer a assist\u00eancia t\u00e9cnica rural em Rond\u00f4nia"},"content":{"rendered":"<div class=\"wp-block-image\">\n<figure class=\"aligncenter size-large\"><img decoding=\"async\" loading=\"lazy\" width=\"1024\" height=\"640\" src=\"http:\/\/www.emater.ro.gov.br\/ematerro\/wp-content\/uploads\/2026\/01\/20260127-assistencia-tecnica-ater_irene-mendes_mar2021-4-1024x640.jpg\" alt=\"\" class=\"wp-image-19145\" srcset=\"http:\/\/www.emater.ro.gov.br\/ematerro\/wp-content\/uploads\/2026\/01\/20260127-assistencia-tecnica-ater_irene-mendes_mar2021-4-1024x640.jpg 1024w, http:\/\/www.emater.ro.gov.br\/ematerro\/wp-content\/uploads\/2026\/01\/20260127-assistencia-tecnica-ater_irene-mendes_mar2021-4-300x188.jpg 300w, http:\/\/www.emater.ro.gov.br\/ematerro\/wp-content\/uploads\/2026\/01\/20260127-assistencia-tecnica-ater_irene-mendes_mar2021-4-768x480.jpg 768w, http:\/\/www.emater.ro.gov.br\/ematerro\/wp-content\/uploads\/2026\/01\/20260127-assistencia-tecnica-ater_irene-mendes_mar2021-4.jpg 1280w\" sizes=\"(max-width: 1024px) 100vw, 1024px\" \/><figcaption class=\"wp-element-caption\"><strong><em><sup>Os servi\u00e7os de Ater s\u00e3o fundamentais para o desenvolvimento da agricultura familiar<\/sup><\/em><\/strong><\/figcaption><\/figure><\/div>\n\n\n<p>O fortalecimento da assist\u00eancia t\u00e9cnica e da extens\u00e3o rural p\u00fablica em Rond\u00f4nia motivou a Entidade Aut\u00e1rquica de Assist\u00eancia T\u00e9cnica e Extens\u00e3o Rural (Emater-RO) e a Federa\u00e7\u00e3o da Agricultura e Pecu\u00e1ria do Estado de Rond\u00f4nia (Faperon) a promoverem uma agenda de alinhamento institucional voltada ao atendimento de agricultores familiares e produtores rurais em todo o estado. Esse alinhamento ter\u00e1 in\u00edcio no dia 18 de fevereiro, \u00e0s 16 horas, com a realiza\u00e7\u00e3o de uma reuni\u00e3o virtual que contar\u00e1 com a participa\u00e7\u00e3o de todos os supervisores do Servi\u00e7o Nacional de Aprendizagem Rural (Senar) e da Emater-RO. O encontro dever\u00e1 definir estrat\u00e9gias de atua\u00e7\u00e3o e planejar, de forma conjunta, as a\u00e7\u00f5es de assist\u00eancia t\u00e9cnica rural em Rond\u00f4nia.<\/p>\n\n\n\n<p>A iniciativa busca integrar esfor\u00e7os entre institui\u00e7\u00f5es que atuam diretamente no desenvolvimento do meio rural, promovendo orienta\u00e7\u00e3o t\u00e9cnica, capacita\u00e7\u00e3o, gest\u00e3o da propriedade rural, aumento da produtividade e sustentabilidade das atividades agropecu\u00e1rias. As a\u00e7\u00f5es contemplam agricultores familiares, produtores rurais e suas organiza\u00e7\u00f5es em todas as regi\u00f5es do estado.<\/p>\n\n\n<div class=\"wp-block-image\">\n<figure class=\"alignright size-large is-resized\"><img decoding=\"async\" loading=\"lazy\" src=\"http:\/\/www.emater.ro.gov.br\/ematerro\/wp-content\/uploads\/2026\/01\/20260127-01jan2026-27-luis-claudio-e-helio-dias-faperon-691x1024.jpeg\" alt=\"\" class=\"wp-image-19148\" width=\"382\" height=\"566\" srcset=\"http:\/\/www.emater.ro.gov.br\/ematerro\/wp-content\/uploads\/2026\/01\/20260127-01jan2026-27-luis-claudio-e-helio-dias-faperon-691x1024.jpeg 691w, http:\/\/www.emater.ro.gov.br\/ematerro\/wp-content\/uploads\/2026\/01\/20260127-01jan2026-27-luis-claudio-e-helio-dias-faperon-202x300.jpeg 202w, http:\/\/www.emater.ro.gov.br\/ematerro\/wp-content\/uploads\/2026\/01\/20260127-01jan2026-27-luis-claudio-e-helio-dias-faperon-768x1138.jpeg 768w, http:\/\/www.emater.ro.gov.br\/ematerro\/wp-content\/uploads\/2026\/01\/20260127-01jan2026-27-luis-claudio-e-helio-dias-faperon.jpeg 900w\" sizes=\"(max-width: 382px) 100vw, 382px\" \/><figcaption class=\"wp-element-caption\"><strong><em><sup>A articula\u00e7\u00e3o entre as institui\u00e7\u00f5es \u00e9 fundamental para ampliar a efici\u00eancia do atendimento no campo<\/sup><\/em><\/strong><\/figcaption><\/figure><\/div>\n\n\n<p>Para o presidente da Emater-RO, Lu\u00eds Cl\u00e1udio Pereira Alves, a articula\u00e7\u00e3o entre as institui\u00e7\u00f5es \u00e9 fundamental para ampliar a efici\u00eancia do atendimento no campo. \u201cQuando trabalhamos de forma integrada, conseguimos potencializar recursos, evitar a sobreposi\u00e7\u00e3o de a\u00e7\u00f5es e, principalmente, levar um atendimento mais qualificado e efetivo ao produtor rural, que \u00e9 quem move o desenvolvimento do nosso estado\u201d, destacou.<\/p>\n\n\n\n<p>O presidente da Faperon, H\u00e9lio Dias, tamb\u00e9m refor\u00e7ou a import\u00e2ncia da iniciativa para o fortalecimento do setor produtivo rural, ressaltando que a uni\u00e3o entre entidades p\u00fablicas e representativas do agroneg\u00f3cio \u00e9 essencial para garantir avan\u00e7os sustent\u00e1veis no campo.<\/p>\n\n\n\n<p>Na avalia\u00e7\u00e3o do governador de Rond\u00f4nia, Marcos Rocha, a a\u00e7\u00e3o \u00e9 estrat\u00e9gica por estar alinhada \u00e0s pol\u00edticas p\u00fablicas do governo estadual voltadas ao desenvolvimento rural. \u201cNosso compromisso \u00e9 apoiar iniciativas que fortale\u00e7am o produtor rural, promovam gera\u00e7\u00e3o de renda, seguran\u00e7a alimentar e desenvolvimento sustent\u00e1vel. A integra\u00e7\u00e3o entre Emater, Faperon e Senar \u00e9 um passo importante para levar mais oportunidades ao homem e \u00e0 mulher do campo\u201d, afirmou.<\/p>\n\n\n\n<p>A articula\u00e7\u00e3o institucional fortalece a atua\u00e7\u00e3o no meio rural, amplia o alcance das pol\u00edticas p\u00fablicas e contribui para o desenvolvimento econ\u00f4mico e social de Rond\u00f4nia, garantindo mais efici\u00eancia e qualidade no atendimento aos produtores rurais em todo o estado.<\/p>\n\n\n\n<p class=\"has-text-align-right\"><strong><em><sup>Texto: Wania Ressutti<br>Jornalista \u2013 MTE-1744\/RO<br>Fotos: Irene Mendes e Rayne Andrade<br>EMATER-RO<\/sup><\/em><\/strong><\/p>\n","protected":false},"excerpt":{"rendered":"<p>A Emater-RO e a Faperon iniciaram uma articula\u00e7\u00e3o institucional para alinhar estrat\u00e9gias de assist\u00eancia t\u00e9cnica e extens\u00e3o rural em Rond\u00f4nia, com foco no atendimento a agricultores familiares e produtores rurais.<\/p>\n","protected":false},"author":9,"featured_media":14503,"comment_status":"closed","ping_status":"closed","sticky":false,"template":"","format":"standard","meta":[],"categories":[10,9,12],"tags":[],"_links":{"self":[{"href":"http:\/\/www.emater.ro.gov.br\/ematerro\/wp-json\/wp\/v2\/posts\/19143"}],"collection":[{"href":"http:\/\/www.emater.ro.gov.br\/ematerro\/wp-json\/wp\/v2\/posts"}],"about":[{"href":"http:\/\/www.emater.ro.gov.br\/ematerro\/wp-json\/wp\/v2\/types\/post"}],"author":[{"embeddable":true,"href":"http:\/\/www.emater.ro.gov.br\/ematerro\/wp-json\/wp\/v2\/users\/9"}],"replies":[{"embeddable":true,"href":"http:\/\/www.emater.ro.gov.br\/ematerro\/wp-json\/wp\/v2\/comments?post=19143"}],"version-history":[{"count":5,"href":"http:\/\/www.emater.ro.gov.br\/ematerro\/wp-json\/wp\/v2\/posts\/19143\/revisions"}],"predecessor-version":[{"id":19151,"href":"http:\/\/www.emater.ro.gov.br\/ematerro\/wp-json\/wp\/v2\/posts\/19143\/revisions\/19151"}],"wp:featuredmedia":[{"embeddable":true,"href":"http:\/\/www.emater.ro.gov.br\/ematerro\/wp-json\/wp\/v2\/media\/14503"}],"wp:attachment":[{"href":"http:\/\/www.emater.ro.gov.br\/ematerro\/wp-json\/wp\/v2\/media?parent=19143"}],"wp:term":[{"taxonomy":"category","embeddable":true,"href":"http:\/\/www.emater.ro.gov.br\/ematerro\/wp-json\/wp\/v2\/categories?post=19143"},{"taxonomy":"post_tag","embeddable":true,"href":"http:\/\/www.emater.ro.gov.br\/ematerro\/wp-json\/wp\/v2\/tags?post=19143"}],"curies":[{"name":"wp","href":"https:\/\/api.w.org\/{rel}","templated":true}]}}