{"id":19128,"date":"2026-01-27T08:59:49","date_gmt":"2026-01-27T12:59:49","guid":{"rendered":"http:\/\/www.emater.ro.gov.br\/ematerro\/?p=19128"},"modified":"2026-01-27T09:03:08","modified_gmt":"2026-01-27T13:03:08","slug":"agricultores-familiares-recebem-beneficios-sociais-atraves-de-mutirao-do-governo-de-ro","status":"publish","type":"post","link":"http:\/\/www.emater.ro.gov.br\/ematerro\/2026\/01\/27\/agricultores-familiares-recebem-beneficios-sociais-atraves-de-mutirao-do-governo-de-ro\/","title":{"rendered":"Agricultores Familiares recebem benef\u00edcios sociais atrav\u00e9s de mutir\u00e3o do governo de RO"},"content":{"rendered":"<div class=\"wp-block-image\">\n<figure class=\"aligncenter size-full\"><img decoding=\"async\" loading=\"lazy\" width=\"1000\" height=\"675\" src=\"http:\/\/www.emater.ro.gov.br\/ematerro\/wp-content\/uploads\/2026\/01\/20260126-mutirao.jpg\" alt=\"\" class=\"wp-image-19129\" srcset=\"http:\/\/www.emater.ro.gov.br\/ematerro\/wp-content\/uploads\/2026\/01\/20260126-mutirao.jpg 1000w, http:\/\/www.emater.ro.gov.br\/ematerro\/wp-content\/uploads\/2026\/01\/20260126-mutirao-300x203.jpg 300w, http:\/\/www.emater.ro.gov.br\/ematerro\/wp-content\/uploads\/2026\/01\/20260126-mutirao-768x518.jpg 768w\" sizes=\"(max-width: 1000px) 100vw, 1000px\" \/><figcaption class=\"wp-element-caption\"><strong><em><sup>Agricultores encontraram diversos servi\u00e7os de pol\u00edticas publicas do governo de Rond\u00f4nia<\/sup><\/em><\/strong><\/figcaption><\/figure><\/div>\n\n\n<p>A\u00e7\u00e3o conjunta entre a Entidade Aut\u00e1rquica de Assist\u00eancia T\u00e9cnica e Extens\u00e3o Rural (Emater-RO) e parceiros tem facilitado os acesso de agricultores familiares, jovens e mulheres rurais de Porto Velho \u00e0s politicas p\u00fablicas do governos de Rond\u00f4nia, do munic\u00edpio e do governo federal. Esta a\u00e7\u00e3o foi desenvolvida pelos extensionistas dos escrit\u00f3rios locais da Emater-RO, distribu\u00eddos na capital e seus distritos. No munic\u00edpio de Candeias do Jamari, a a\u00e7\u00e3o \u00e9 realizada na forma de mutir\u00e3o com t\u00e9cnicos do Instituto Nacional do Seguro Social (INSS), Secretaria Estadual da Mulher, da Fam\u00edlia, da Assist\u00eancia e do Desenvolvimento Social (Seas), Banco da Amaz\u00f4nia e Centro de Referencia de A\u00e7\u00e3o Social do munic\u00edpio (CRAS).<\/p>\n\n\n\n<p>Aproximadamente 100 pessoas foram atendidas na manh\u00e3 de sexta-feira (23), durante as atividades realizadas nas depend\u00eancias da sede social da Associa\u00e7\u00e3o dos Empregados da Emater-RO (Asser). Os produtores foram beneficiados com servi\u00e7os como: cadastro no INSS para acesso a benef\u00edcios previdenci\u00e1rios, entre eles pedidos de aposentadoria rural e benef\u00edcios por incapacidade tempor\u00e1ria, entre outros.<\/p>\n\n\n<div class=\"wp-block-image\">\n<figure class=\"alignright size-full is-resized\"><img decoding=\"async\" loading=\"lazy\" src=\"http:\/\/www.emater.ro.gov.br\/ematerro\/wp-content\/uploads\/2026\/01\/20260126-berco-mamae-cheguei.jpg\" alt=\"\" class=\"wp-image-19135\" width=\"492\" height=\"331\" srcset=\"http:\/\/www.emater.ro.gov.br\/ematerro\/wp-content\/uploads\/2026\/01\/20260126-berco-mamae-cheguei.jpg 1000w, http:\/\/www.emater.ro.gov.br\/ematerro\/wp-content\/uploads\/2026\/01\/20260126-berco-mamae-cheguei-300x203.jpg 300w, http:\/\/www.emater.ro.gov.br\/ematerro\/wp-content\/uploads\/2026\/01\/20260126-berco-mamae-cheguei-768x518.jpg 768w\" sizes=\"(max-width: 492px) 100vw, 492px\" \/><figcaption class=\"wp-element-caption\"><em><strong><sup>Agente da Seas apresenta o ber\u00e7o com mosquiteiro a m\u00e3e beneficiaria do programa mam\u00e3e cheguei<\/sup><\/strong><\/em><\/figcaption><\/figure><\/div>\n\n\n<p>O agricultor Artur Duarte Raposo, da comunidade Santa Rita, falou de sua satisfa\u00e7\u00e3o com a facilidade que teve para renovar o Beneficio de Presta\u00e7\u00e3o Continuada (BPC) de sua filha, que \u00e9 portadora de necessidade especial. &#8220;Aqui foi tudo muito r\u00e1pido, n\u00e3o precisei enfrentar fila nem esperar pelo agendamento do INSS\u201d, disse o produtor.<\/p>\n\n\n\n<p>Tamb\u00e9m foram realizados cadastros nos programas Prato F\u00e1cil e P\u00e3o Nosso, da Seas. Estes programas atendem pessoas em situa\u00e7\u00e3o de vulnerabilidade e inseguran\u00e7a alimentar, com refei\u00e7\u00f5es servidas em restaurantes subsidiados pelo governo, onde a pessoa paga apenas dois reais por uma refei\u00e7\u00e3o completa.<\/p>\n\n\n\n<p>Para atender diretamente as mulheres, a Seas levou ama equipe do programa Mam\u00e3e Cheguei, que beneficia m\u00e3es e mulheres gr\u00e1vidas com um kit composto por cerca de 20 itens essenciais para rec\u00e9m-nascidos, incluindo um ber\u00e7o port\u00e1til com mosquiteiro, banheira, fraldas (descart\u00e1veis e ecol\u00f3gicas), roupas (conjunto pag\u00e3ozinho, macac\u00f5es, meias), toalha, manta, bolsa e produtos de higiene.<\/p>\n\n\n\n<p>Para incentivar a gera\u00e7\u00e3o de renda na atividade rural, em especial o empreendedorismo por parte de mulheres e jovens rurais, o Banco da Amaz\u00f4nia disponibilizou o acesso ao programa de microcr\u00e9dito para agricultores familiares, atrav\u00e9s do Programa Nacional de Fortalecimento da Agricultura Familiar (Pronaf), na linha B, que financia atividades agropecu\u00e1rias em valores de at\u00e9 15 mil reais, com taxas de juro de meio por cento ao ano, e com desconto de at\u00e9 40% para quem pagar as parcelas em dia. S\u00e3o a\u00e7\u00f5es como estas que confirmam a afirma\u00e7\u00e3o do governador Marcos Rocha, que que diz: \u201cgovernar, pra mim, \u00e9 isso, criar caminhos para que as pessoas possam crescer junto com Rond\u00f4nia\u201d.<\/p>\n\n\n\n<p>O Presidente da Emater-RO, Luiz Cl\u00e1udio Pereira Alves, agradeceu o governador Marcos Rocha por criar oportunidades t\u00e3o relevantes para atender o produtor rural, onde o agricultor pode, em um lugar s\u00f3, encontrar atendimento e receber benef\u00edcios das mais diferentes institui\u00e7\u00f5es p\u00fablicas. Luiz Cl\u00e1udio tamb\u00e9m exaltou o trabalho dos extensionistas enfatizando que \u201ca dedica\u00e7\u00e3o revela o amor desses profissionais pela a agricultura familiar e o desenvolvimento das comunidades rurais\u201d.<\/p>\n\n\n\n<p class=\"has-text-align-right\"><sup><strong><em>Texto: Enoque de Oliveira<br>Fotos: Irene Mendes<br><sub>Emater-RO \/ Ascom<\/sub><\/em><\/strong><\/sup><\/p>\n","protected":false},"excerpt":{"rendered":"<p>A\u00e7\u00e3o conjunta entre a Entidade Aut\u00e1rquica de Assist\u00eancia T\u00e9cnica e Extens\u00e3o Rural (Emater-RO) e parceiros tem facilitado os acesso de agricultores familiares, jovens e mulheres rurais de Porto Velho \u00e0s [&hellip;]<\/p>\n","protected":false},"author":5,"featured_media":19137,"comment_status":"closed","ping_status":"closed","sticky":false,"template":"","format":"standard","meta":[],"categories":[10,9,12],"tags":[],"_links":{"self":[{"href":"http:\/\/www.emater.ro.gov.br\/ematerro\/wp-json\/wp\/v2\/posts\/19128"}],"collection":[{"href":"http:\/\/www.emater.ro.gov.br\/ematerro\/wp-json\/wp\/v2\/posts"}],"about":[{"href":"http:\/\/www.emater.ro.gov.br\/ematerro\/wp-json\/wp\/v2\/types\/post"}],"author":[{"embeddable":true,"href":"http:\/\/www.emater.ro.gov.br\/ematerro\/wp-json\/wp\/v2\/users\/5"}],"replies":[{"embeddable":true,"href":"http:\/\/www.emater.ro.gov.br\/ematerro\/wp-json\/wp\/v2\/comments?post=19128"}],"version-history":[{"count":8,"href":"http:\/\/www.emater.ro.gov.br\/ematerro\/wp-json\/wp\/v2\/posts\/19128\/revisions"}],"predecessor-version":[{"id":19142,"href":"http:\/\/www.emater.ro.gov.br\/ematerro\/wp-json\/wp\/v2\/posts\/19128\/revisions\/19142"}],"wp:featuredmedia":[{"embeddable":true,"href":"http:\/\/www.emater.ro.gov.br\/ematerro\/wp-json\/wp\/v2\/media\/19137"}],"wp:attachment":[{"href":"http:\/\/www.emater.ro.gov.br\/ematerro\/wp-json\/wp\/v2\/media?parent=19128"}],"wp:term":[{"taxonomy":"category","embeddable":true,"href":"http:\/\/www.emater.ro.gov.br\/ematerro\/wp-json\/wp\/v2\/categories?post=19128"},{"taxonomy":"post_tag","embeddable":true,"href":"http:\/\/www.emater.ro.gov.br\/ematerro\/wp-json\/wp\/v2\/tags?post=19128"}],"curies":[{"name":"wp","href":"https:\/\/api.w.org\/{rel}","templated":true}]}}