{"id":19094,"date":"2026-01-26T09:50:41","date_gmt":"2026-01-26T13:50:41","guid":{"rendered":"http:\/\/www.emater.ro.gov.br\/ematerro\/?p=19094"},"modified":"2026-04-01T12:21:43","modified_gmt":"2026-04-01T16:21:43","slug":"microcredito-orientado-pela-emater-ro-prioriza-agricultores-familiares-mulheres-e-jovens-rurais","status":"publish","type":"post","link":"http:\/\/www.emater.ro.gov.br\/ematerro\/2026\/01\/26\/microcredito-orientado-pela-emater-ro-prioriza-agricultores-familiares-mulheres-e-jovens-rurais\/","title":{"rendered":"Microcr\u00e9dito orientado pela Emater-RO prioriza agricultores familiares, mulheres e jovens rurais"},"content":{"rendered":"\n<figure class=\"wp-block-image size-large\"><img decoding=\"async\" loading=\"lazy\" width=\"1024\" height=\"683\" src=\"http:\/\/www.emater.ro.gov.br\/ematerro\/wp-content\/uploads\/2026\/01\/20260126-whatsapp-image-2026-01-21-at-10-26-30-1024x683.jpg\" alt=\"\" class=\"wp-image-19111\" srcset=\"http:\/\/www.emater.ro.gov.br\/ematerro\/wp-content\/uploads\/2026\/01\/20260126-whatsapp-image-2026-01-21-at-10-26-30-1024x683.jpg 1024w, http:\/\/www.emater.ro.gov.br\/ematerro\/wp-content\/uploads\/2026\/01\/20260126-whatsapp-image-2026-01-21-at-10-26-30-300x200.jpg 300w, http:\/\/www.emater.ro.gov.br\/ematerro\/wp-content\/uploads\/2026\/01\/20260126-whatsapp-image-2026-01-21-at-10-26-30-768x512.jpg 768w, http:\/\/www.emater.ro.gov.br\/ematerro\/wp-content\/uploads\/2026\/01\/20260126-whatsapp-image-2026-01-21-at-10-26-30-480x320.jpg 480w, http:\/\/www.emater.ro.gov.br\/ematerro\/wp-content\/uploads\/2026\/01\/20260126-whatsapp-image-2026-01-21-at-10-26-30.jpg 1536w\" sizes=\"(max-width: 1024px) 100vw, 1024px\" \/><figcaption class=\"wp-element-caption\"><em><strong>Os produtos da agricultura familiar est\u00e3o presentes nas mesas de todos os brasileiros<\/strong><\/em><\/figcaption><\/figure>\n\n\n\n<p>Microcr\u00e9dito orientado pela Emater-RO prioriza agricultores familiares, mulheres e jovens rurais<br>Agricultores familiares, jovens e mulheres rurais, e tamb\u00e9m extrativistas, pescadores artesanais e ind\u00edgenas, cuja renda n\u00e3o ultrapasse cinquenta mil reais por ano, t\u00eam prioridade de atendimento da Entidade Aut\u00e1rquica de Assist\u00eancia T\u00e9cnica e Extens\u00e3o Rural de Rond\u00f4nia (Emater-RO) no Programa Nacional da Agricultura Familiar (PRONAF B). Esta popula\u00e7\u00e3o rural se enquadra na modalidade de cadastro da agricultura familiar de classifica\u00e7\u00e3o B (\u201cCAF B\u201d), que os habilita a tomar cr\u00e9dito para a atividade rural com juros zero e desconto de at\u00e9 40% para pagamento em dia.<em><strong>Os produtos da agricultura familiar est\u00e3o presentes nas mesas de todos os brasileiros<\/strong><\/em><\/p>\n\n\n\n<p>O programa prev\u00ea projetos e contratos com clausulas de incentivo ao adimplemento, que resulta em redu\u00e7\u00e3o dos valores a pagar, tanto no capital quanto nos juros, para isto institui taxa de juros de meio por cento ao ano (0,5%aa), e ao mesmo tempo oferece um desconto de at\u00e9 40%, para quem paga em dia. O desconto \u00e9 proporcional ao valor da parcela a pagar, desde que seja efetivamente paga at\u00e9 a data do vencimento.<\/p>\n\n\n\n<p>Para o governo de Rond\u00f4nia, \u00e9 prioridade atender o agricultor familiar em todas as categorias do CAF, para isto a Emater-RO assinou convenio com os agentes financeiros que operam o Pronaf, Cooperativas de Cr\u00e9dito, Banco do Brasil e Banco da Amaz\u00f4nia, A prioridade dada aos portadores do CAF-B, \u201c\u00e9 uma forma de fazer justi\u00e7a social e capacitar estes agricultores com menor renda, facilitando o acesso \u00e0s tecnologias de produ\u00e7\u00e3o para a melhorar a renda familiar.\u201d diz o presidente da Emater-RO, Luiz Claudio Pereira Alves.<\/p>\n\n\n\n<p>QUEM TEM DIREITO<\/p>\n\n\n<div class=\"wp-block-image\">\n<figure class=\"alignleft size-full is-resized\"><img decoding=\"async\" loading=\"lazy\" src=\"http:\/\/www.emater.ro.gov.br\/ematerro\/wp-content\/uploads\/2026\/01\/20260126-producao-ribeirinha-mandioca2.jpg\" alt=\"\" class=\"wp-image-19112\" width=\"383\" height=\"259\" srcset=\"http:\/\/www.emater.ro.gov.br\/ematerro\/wp-content\/uploads\/2026\/01\/20260126-producao-ribeirinha-mandioca2.jpg 1000w, http:\/\/www.emater.ro.gov.br\/ematerro\/wp-content\/uploads\/2026\/01\/20260126-producao-ribeirinha-mandioca2-300x203.jpg 300w, http:\/\/www.emater.ro.gov.br\/ematerro\/wp-content\/uploads\/2026\/01\/20260126-producao-ribeirinha-mandioca2-768x518.jpg 768w\" sizes=\"(max-width: 383px) 100vw, 383px\" \/><figcaption class=\"wp-element-caption\">Apoiar agricultores familiares, ribeirinhos, quilombolas e ind\u00edgenas com pol\u00edticas p\u00fablicas \u00e9 fazer justi\u00e7a social<\/figcaption><\/figure><\/div>\n\n\n<p>Tem direito ao cr\u00e9dito do Pronaf, todos os agricultores familiares, que realizem atividades agr\u00edcolas ou pecu\u00e1rias, extrativistas, pescadores artesanais, e ainda suas mulheres e filhos maiores de idade, os valores do financiamento e as taxas de juros variam conforme o enquadramento do agricultor no CAF.<\/p>\n\n\n\n<p>Os produtores s\u00e3o classificados por grupos de renda e pelo tipo de acesso a terra, os grupos que comp\u00f5em os CAFs, A e AC, s\u00e3o formados por agricultores assentados da reforma agr\u00e1ria, ou benefici\u00e1rios do cr\u00e9dito fundi\u00e1rio. No grupo B est\u00e3o todos os agricultores com renda at\u00e9 50 mil reais, e no grupo V est\u00e3o os agricultores com \u00e1reas de at\u00e9 quatro m\u00f3dulos fiscais e renda at\u00e9 500 mil reais ao ano, este \u00faltimo grupo pode financiar at\u00e9 250 mil reais, mas, em algumas atividades este valor pode chegar a 500 mil.<\/p>\n\n\n\n<p>COMO ACESSAR<\/p>\n\n\n\n<p>Para ter acesso ao financiamento \u00e9 necess\u00e1rio que o agricultor proponente do cr\u00e9dito v\u00e1 a um escrit\u00f3rio local Emater-RO, e fa\u00e7a o Cadastro de Agricultor Familiar (CAF) para elaborar o projeto de cr\u00e9dito. O agricultor pode financiar a compra de animais, equipamentos para produ\u00e7\u00e3o de energia, internet, irriga\u00e7\u00e3o, insumos agropecu\u00e1rios e outros como: apetrechos de pesca, embarca\u00e7\u00e3o, ferramentas e EPIs.<\/p>\n\n\n\n<p>Para o governador de Rond\u00f4nia coronel Marcos Rocha, oferecer cr\u00e9dito de qualidade para a agricultura familiar \u00e9 a melhor forma de valorizar o produtor, criando condi\u00e7\u00f5es de perman\u00eancia no campo, evitando o \u00eaxodo dos jovens rurais, ao mesmo tempo em que incentiva uma sucess\u00e3o tranquila e eficaz na administra\u00e7\u00e3o da propriedade rural familiar.<\/p>\n\n\n\n<div class=\"wp-block-group is-layout-constrained\"><div class=\"wp-block-group__inner-container\">\n<div class=\"wp-block-group is-layout-constrained\"><div class=\"wp-block-group__inner-container\">\n<p class=\"has-text-align-right\">   Texto: Enoque de Oliveira<\/p>\n\n\n\n<p class=\"has-text-align-right\">Fotos: Irene Mendes<br>Emater-RO \/ Ascom<\/p>\n<\/div><\/div>\n<\/div><\/div>\n","protected":false},"excerpt":{"rendered":"<p>Microcr\u00e9dito orientado pela Emater-RO prioriza agricultores familiares, mulheres e jovens ruraisAgricultores familiares, jovens e mulheres rurais, e tamb\u00e9m extrativistas, pescadores artesanais e ind\u00edgenas, cuja renda n\u00e3o ultrapasse cinquenta mil reais [&hellip;]<\/p>\n","protected":false},"author":5,"featured_media":19114,"comment_status":"closed","ping_status":"closed","sticky":false,"template":"","format":"standard","meta":[],"categories":[10,9,12],"tags":[],"_links":{"self":[{"href":"http:\/\/www.emater.ro.gov.br\/ematerro\/wp-json\/wp\/v2\/posts\/19094"}],"collection":[{"href":"http:\/\/www.emater.ro.gov.br\/ematerro\/wp-json\/wp\/v2\/posts"}],"about":[{"href":"http:\/\/www.emater.ro.gov.br\/ematerro\/wp-json\/wp\/v2\/types\/post"}],"author":[{"embeddable":true,"href":"http:\/\/www.emater.ro.gov.br\/ematerro\/wp-json\/wp\/v2\/users\/5"}],"replies":[{"embeddable":true,"href":"http:\/\/www.emater.ro.gov.br\/ematerro\/wp-json\/wp\/v2\/comments?post=19094"}],"version-history":[{"count":1,"href":"http:\/\/www.emater.ro.gov.br\/ematerro\/wp-json\/wp\/v2\/posts\/19094\/revisions"}],"predecessor-version":[{"id":19115,"href":"http:\/\/www.emater.ro.gov.br\/ematerro\/wp-json\/wp\/v2\/posts\/19094\/revisions\/19115"}],"wp:featuredmedia":[{"embeddable":true,"href":"http:\/\/www.emater.ro.gov.br\/ematerro\/wp-json\/wp\/v2\/media\/19114"}],"wp:attachment":[{"href":"http:\/\/www.emater.ro.gov.br\/ematerro\/wp-json\/wp\/v2\/media?parent=19094"}],"wp:term":[{"taxonomy":"category","embeddable":true,"href":"http:\/\/www.emater.ro.gov.br\/ematerro\/wp-json\/wp\/v2\/categories?post=19094"},{"taxonomy":"post_tag","embeddable":true,"href":"http:\/\/www.emater.ro.gov.br\/ematerro\/wp-json\/wp\/v2\/tags?post=19094"}],"curies":[{"name":"wp","href":"https:\/\/api.w.org\/{rel}","templated":true}]}}