{"id":18743,"date":"2025-12-10T10:19:33","date_gmt":"2025-12-10T14:19:33","guid":{"rendered":"http:\/\/www.emater.ro.gov.br\/ematerro\/?p=18743"},"modified":"2025-12-22T10:33:16","modified_gmt":"2025-12-22T14:33:16","slug":"emater-ro-recebe-39-estagiarios","status":"publish","type":"post","link":"http:\/\/www.emater.ro.gov.br\/ematerro\/2025\/12\/10\/emater-ro-recebe-39-estagiarios\/","title":{"rendered":"Emater-RO recebe novos estagi\u00e1rios para fortalecer equipes t\u00e9cnicas e administrativas"},"content":{"rendered":"\n<p><\/p>\n\n\n\n<p>Na manh\u00e3 de 09 de dezembro, a dire\u00e7\u00e3o da Entidade de Assist\u00eancia T\u00e9cnica e Extens\u00e3o Rural (Emater-RO) recepcionou um grupo de jovens talentos que agora se somam as equipes de extensionistas dos escrit\u00f3rios locais e t\u00e9cnicos da administra\u00e7\u00e3o na sede estadual. S\u00e3o jovens estagi\u00e1rios, graduandos de diversas \u00e1reas, entre elas ci\u00eancias agr\u00e1rias, tecnol\u00f3gicas, econ\u00f4micas e da administra\u00e7\u00e3o, que chegam na qualidade de estagi\u00e1rios.<\/p>\n\n\n\n<p>A Diretoria de Desenvolvimento de Pessoal (Didep) da Emater-RO acolheu os novos colaboradores numa reuni\u00e3o para as apresenta\u00e7\u00f5es e conhecimento da estrutura da Autarquia. Na ocasi\u00e3o o presidente Luiz Claudio Pereira Alves recepcionou a equipe dando as boas vindas, oferecendo amplo apoio e seu empenho pessoal para que todos consigam seus objetivos no desenvolvimento profissional e conquista das experi\u00eancias fundamentais neste in\u00edcio de carreira.<\/p>\n\n\n\n<p>Neste primeiro momento foram integrados \u00e0s atividades da Emater-RO 39 estagi\u00e1rios, sendo 22 para atuarem no Centro Gerencial, em Porto Velho, e 17 em escrit\u00f3rios locais distribu\u00eddos nas sete regi\u00f5es administrativas da Emater-RO no Estado. Em janeiro ser\u00e3o recebidos mais 18 estagi\u00e1rios.<\/p>\n\n\n\n<p>Todos passaram pelo processo de sele\u00e7\u00e3o, que incluiu provas e entrevistas, al\u00e9m de estarem enquadrados nos crit\u00e9rios estabelecidos pelo decreto que rege a contrata\u00e7\u00e3o de estagi\u00e1rios. O processo foi conduzido pela empresa parceira Usina de Talentos e foi exigido dos candidatos que estivessem cursando o quarto per\u00edodo ou mais do ensino superior. A partir de agora esses estagi\u00e1rios receber\u00e3o tutoria e supervis\u00e3o dos gestores de cada setor onde foram lotados.<\/p>\n\n\n\n<figure class=\"wp-block-gallery has-nested-images columns-default is-cropped wp-block-gallery-1 is-layout-flex\">\n<figure class=\"wp-block-image size-large\"><img decoding=\"async\" loading=\"lazy\" width=\"1000\" height=\"675\" data-id=\"18752\"  src=\"http:\/\/www.emater.ro.gov.br\/ematerro\/wp-content\/uploads\/2025\/12\/20251210-est-5-1.jpg\" alt=\"\" class=\"wp-image-18752\" srcset=\"http:\/\/www.emater.ro.gov.br\/ematerro\/wp-content\/uploads\/2025\/12\/20251210-est-5-1.jpg 1000w, http:\/\/www.emater.ro.gov.br\/ematerro\/wp-content\/uploads\/2025\/12\/20251210-est-5-1-300x203.jpg 300w, http:\/\/www.emater.ro.gov.br\/ematerro\/wp-content\/uploads\/2025\/12\/20251210-est-5-1-768x518.jpg 768w\" sizes=\"(max-width: 1000px) 100vw, 1000px\" \/><\/figure>\n\n\n\n<figure class=\"wp-block-image size-large\"><img decoding=\"async\" loading=\"lazy\" width=\"1000\" height=\"675\" data-id=\"18753\"  src=\"http:\/\/www.emater.ro.gov.br\/ematerro\/wp-content\/uploads\/2025\/12\/20251210-estag-1-1.jpg\" alt=\"\" class=\"wp-image-18753\" srcset=\"http:\/\/www.emater.ro.gov.br\/ematerro\/wp-content\/uploads\/2025\/12\/20251210-estag-1-1.jpg 1000w, http:\/\/www.emater.ro.gov.br\/ematerro\/wp-content\/uploads\/2025\/12\/20251210-estag-1-1-300x203.jpg 300w, http:\/\/www.emater.ro.gov.br\/ematerro\/wp-content\/uploads\/2025\/12\/20251210-estag-1-1-768x518.jpg 768w\" sizes=\"(max-width: 1000px) 100vw, 1000px\" \/><\/figure>\n\n\n\n<figure class=\"wp-block-image size-large is-style-default\"><img decoding=\"async\" loading=\"lazy\" width=\"1000\" height=\"675\" data-id=\"18754\"  src=\"http:\/\/www.emater.ro.gov.br\/ematerro\/wp-content\/uploads\/2025\/12\/20251210-estag-2-1.jpg\" alt=\"\" class=\"wp-image-18754\" srcset=\"http:\/\/www.emater.ro.gov.br\/ematerro\/wp-content\/uploads\/2025\/12\/20251210-estag-2-1.jpg 1000w, http:\/\/www.emater.ro.gov.br\/ematerro\/wp-content\/uploads\/2025\/12\/20251210-estag-2-1-300x203.jpg 300w, http:\/\/www.emater.ro.gov.br\/ematerro\/wp-content\/uploads\/2025\/12\/20251210-estag-2-1-768x518.jpg 768w\" sizes=\"(max-width: 1000px) 100vw, 1000px\" \/><\/figure>\n\n\n\n<figure class=\"wp-block-image size-large\"><img decoding=\"async\" loading=\"lazy\" width=\"1000\" height=\"675\" data-id=\"18755\"  src=\"http:\/\/www.emater.ro.gov.br\/ematerro\/wp-content\/uploads\/2025\/12\/20251210-estag-3-1.jpg\" alt=\"\" class=\"wp-image-18755\" srcset=\"http:\/\/www.emater.ro.gov.br\/ematerro\/wp-content\/uploads\/2025\/12\/20251210-estag-3-1.jpg 1000w, http:\/\/www.emater.ro.gov.br\/ematerro\/wp-content\/uploads\/2025\/12\/20251210-estag-3-1-300x203.jpg 300w, http:\/\/www.emater.ro.gov.br\/ematerro\/wp-content\/uploads\/2025\/12\/20251210-estag-3-1-768x518.jpg 768w\" sizes=\"(max-width: 1000px) 100vw, 1000px\" \/><\/figure>\n\n\n\n<figure class=\"wp-block-image size-large\"><img decoding=\"async\" loading=\"lazy\" width=\"1000\" height=\"675\" data-id=\"18756\"  src=\"http:\/\/www.emater.ro.gov.br\/ematerro\/wp-content\/uploads\/2025\/12\/20251210-estag-4-1.jpg\" alt=\"\" class=\"wp-image-18756\" srcset=\"http:\/\/www.emater.ro.gov.br\/ematerro\/wp-content\/uploads\/2025\/12\/20251210-estag-4-1.jpg 1000w, http:\/\/www.emater.ro.gov.br\/ematerro\/wp-content\/uploads\/2025\/12\/20251210-estag-4-1-300x203.jpg 300w, http:\/\/www.emater.ro.gov.br\/ematerro\/wp-content\/uploads\/2025\/12\/20251210-estag-4-1-768x518.jpg 768w\" sizes=\"(max-width: 1000px) 100vw, 1000px\" \/><\/figure>\n\n\n\n<figure class=\"wp-block-image size-large\"><img decoding=\"async\" loading=\"lazy\" width=\"1000\" height=\"675\" data-id=\"18757\"  src=\"http:\/\/www.emater.ro.gov.br\/ematerro\/wp-content\/uploads\/2025\/12\/20251210-estag-6-1.jpg\" alt=\"\" class=\"wp-image-18757\" srcset=\"http:\/\/www.emater.ro.gov.br\/ematerro\/wp-content\/uploads\/2025\/12\/20251210-estag-6-1.jpg 1000w, http:\/\/www.emater.ro.gov.br\/ematerro\/wp-content\/uploads\/2025\/12\/20251210-estag-6-1-300x203.jpg 300w, http:\/\/www.emater.ro.gov.br\/ematerro\/wp-content\/uploads\/2025\/12\/20251210-estag-6-1-768x518.jpg 768w\" sizes=\"(max-width: 1000px) 100vw, 1000px\" \/><\/figure>\n\n\n\n<figure class=\"wp-block-image size-large\"><img decoding=\"async\" loading=\"lazy\" width=\"1000\" height=\"675\" data-id=\"18758\"  src=\"http:\/\/www.emater.ro.gov.br\/ematerro\/wp-content\/uploads\/2025\/12\/20251210-estag-7-1.jpg\" alt=\"\" class=\"wp-image-18758\" srcset=\"http:\/\/www.emater.ro.gov.br\/ematerro\/wp-content\/uploads\/2025\/12\/20251210-estag-7-1.jpg 1000w, http:\/\/www.emater.ro.gov.br\/ematerro\/wp-content\/uploads\/2025\/12\/20251210-estag-7-1-300x203.jpg 300w, http:\/\/www.emater.ro.gov.br\/ematerro\/wp-content\/uploads\/2025\/12\/20251210-estag-7-1-768x518.jpg 768w\" sizes=\"(max-width: 1000px) 100vw, 1000px\" \/><\/figure>\n\n\n\n<figure class=\"wp-block-image size-large\"><img decoding=\"async\" loading=\"lazy\" width=\"1000\" height=\"675\" data-id=\"18759\"  src=\"http:\/\/www.emater.ro.gov.br\/ematerro\/wp-content\/uploads\/2025\/12\/20251210-estag-5.jpg\" alt=\"\" class=\"wp-image-18759\" srcset=\"http:\/\/www.emater.ro.gov.br\/ematerro\/wp-content\/uploads\/2025\/12\/20251210-estag-5.jpg 1000w, http:\/\/www.emater.ro.gov.br\/ematerro\/wp-content\/uploads\/2025\/12\/20251210-estag-5-300x203.jpg 300w, http:\/\/www.emater.ro.gov.br\/ematerro\/wp-content\/uploads\/2025\/12\/20251210-estag-5-768x518.jpg 768w\" sizes=\"(max-width: 1000px) 100vw, 1000px\" \/><\/figure>\n<\/figure>\n","protected":false},"excerpt":{"rendered":"<p>Na manh\u00e3 de 09 de dezembro, a dire\u00e7\u00e3o da Entidade de Assist\u00eancia T\u00e9cnica e Extens\u00e3o Rural (Emater-RO) recepcionou um grupo de jovens talentos que agora se somam as equipes de [&hellip;]<\/p>\n","protected":false},"author":5,"featured_media":18758,"comment_status":"closed","ping_status":"closed","sticky":false,"template":"","format":"standard","meta":[],"categories":[10,11],"tags":[],"_links":{"self":[{"href":"http:\/\/www.emater.ro.gov.br\/ematerro\/wp-json\/wp\/v2\/posts\/18743"}],"collection":[{"href":"http:\/\/www.emater.ro.gov.br\/ematerro\/wp-json\/wp\/v2\/posts"}],"about":[{"href":"http:\/\/www.emater.ro.gov.br\/ematerro\/wp-json\/wp\/v2\/types\/post"}],"author":[{"embeddable":true,"href":"http:\/\/www.emater.ro.gov.br\/ematerro\/wp-json\/wp\/v2\/users\/5"}],"replies":[{"embeddable":true,"href":"http:\/\/www.emater.ro.gov.br\/ematerro\/wp-json\/wp\/v2\/comments?post=18743"}],"version-history":[{"count":3,"href":"http:\/\/www.emater.ro.gov.br\/ematerro\/wp-json\/wp\/v2\/posts\/18743\/revisions"}],"predecessor-version":[{"id":18837,"href":"http:\/\/www.emater.ro.gov.br\/ematerro\/wp-json\/wp\/v2\/posts\/18743\/revisions\/18837"}],"wp:featuredmedia":[{"embeddable":true,"href":"http:\/\/www.emater.ro.gov.br\/ematerro\/wp-json\/wp\/v2\/media\/18758"}],"wp:attachment":[{"href":"http:\/\/www.emater.ro.gov.br\/ematerro\/wp-json\/wp\/v2\/media?parent=18743"}],"wp:term":[{"taxonomy":"category","embeddable":true,"href":"http:\/\/www.emater.ro.gov.br\/ematerro\/wp-json\/wp\/v2\/categories?post=18743"},{"taxonomy":"post_tag","embeddable":true,"href":"http:\/\/www.emater.ro.gov.br\/ematerro\/wp-json\/wp\/v2\/tags?post=18743"}],"curies":[{"name":"wp","href":"https:\/\/api.w.org\/{rel}","templated":true}]}}