{"id":18498,"date":"2025-10-30T15:16:00","date_gmt":"2025-10-30T19:16:00","guid":{"rendered":"http:\/\/www.emater.ro.gov.br\/ematerro\/?p=18498"},"modified":"2025-10-31T11:18:16","modified_gmt":"2025-10-31T15:18:16","slug":"sitio-monte-siao-e-destaque-no-programa-consultec-leite-e-se-torna-referencia-em-produtividade-em-cacoal","status":"publish","type":"post","link":"http:\/\/www.emater.ro.gov.br\/ematerro\/2025\/10\/30\/sitio-monte-siao-e-destaque-no-programa-consultec-leite-e-se-torna-referencia-em-produtividade-em-cacoal\/","title":{"rendered":"S\u00edtio Monte Si\u00e3o \u00e9 destaque no programa Consultec-leite e se torna refer\u00eancia em produtividade em Cacoal"},"content":{"rendered":"\n<p class=\"has-text-align-center\"><em><strong><sup>Produ\u00e7\u00e3o de leite salta de 64 para 402 litros di\u00e1rios com gest\u00e3o eficiente e assist\u00eancia t\u00e9cnica da Emater-RO<\/sup><\/strong><\/em><\/p>\n\n\n<div class=\"wp-block-image\">\n<figure class=\"aligncenter size-large\"><img decoding=\"async\" loading=\"lazy\" width=\"1024\" height=\"682\" src=\"http:\/\/www.emater.ro.gov.br\/ematerro\/wp-content\/uploads\/2025\/10\/20251031-10out2025-22-consultec_irene-mendes-8-1024x682.jpeg\" alt=\"\" class=\"wp-image-18502\" srcset=\"http:\/\/www.emater.ro.gov.br\/ematerro\/wp-content\/uploads\/2025\/10\/20251031-10out2025-22-consultec_irene-mendes-8-1024x682.jpeg 1024w, http:\/\/www.emater.ro.gov.br\/ematerro\/wp-content\/uploads\/2025\/10\/20251031-10out2025-22-consultec_irene-mendes-8-300x200.jpeg 300w, http:\/\/www.emater.ro.gov.br\/ematerro\/wp-content\/uploads\/2025\/10\/20251031-10out2025-22-consultec_irene-mendes-8-768x512.jpeg 768w, http:\/\/www.emater.ro.gov.br\/ematerro\/wp-content\/uploads\/2025\/10\/20251031-10out2025-22-consultec_irene-mendes-8-1536x1023.jpeg 1536w, http:\/\/www.emater.ro.gov.br\/ematerro\/wp-content\/uploads\/2025\/10\/20251031-10out2025-22-consultec_irene-mendes-8-480x320.jpeg 480w, http:\/\/www.emater.ro.gov.br\/ematerro\/wp-content\/uploads\/2025\/10\/20251031-10out2025-22-consultec_irene-mendes-8.jpeg 1600w\" sizes=\"(max-width: 1024px) 100vw, 1024px\" \/><figcaption class=\"wp-element-caption\"><em><strong><sup>O piqueteamento \u00e9 uma das pr\u00e1ticas orientadas pela Emater-RO e adotadas pelo casal<\/sup><\/strong><\/em><\/figcaption><\/figure><\/div>\n\n\n<p>O Governo de Rond\u00f4nia, por meio da Entidade Aut\u00e1rquica de Assist\u00eancia T\u00e9cnica e Extens\u00e3o Rural (Emater-RO) e do Programa de Consultoria T\u00e9cnica e Gerencial para Produtor Rural da Pecu\u00e1ria Leiteira (Consultec-Leite), tem promovido uma verdadeira transforma\u00e7\u00e3o na bovinocultura de leite em todo o estado. Entre os destaques dessa revolu\u00e7\u00e3o no campo est\u00e1 o casal Rog\u00e9rio Kiester de Andrade e Nicoli Lopes de Castro, propriet\u00e1rios do S\u00edtio Monte Si\u00e3o, no munic\u00edpio de Cacoal, que se tornou exemplo de produtividade, gest\u00e3o e sustentabilidade.<\/p>\n\n\n\n<p>A fam\u00edlia \u00e9 acompanhada pela Emater-RO desde 2020 e, em 2022, foi selecionada para participar do programa Consulte-Leite &#8211; uma iniciativa que leva assist\u00eancia t\u00e9cnica personalizada, consultoria de gest\u00e3o e apoio direto em manejo e alimenta\u00e7\u00e3o animal \u00e0s propriedades rurais. Com apenas 10 hectares de \u00e1rea, o S\u00edtio Monte Si\u00e3o se transformou em refer\u00eancia de efici\u00eancia produtiva.<\/p>\n\n\n<div class=\"wp-block-image\">\n<figure class=\"alignright size-large is-resized\"><img decoding=\"async\" loading=\"lazy\" src=\"http:\/\/www.emater.ro.gov.br\/ematerro\/wp-content\/uploads\/2025\/10\/20251031-10out2025-28-sitio-monte-siao_cacoal_irene-mendes-19-1024x692.jpg\" alt=\"\" class=\"wp-image-18503\" width=\"434\" height=\"294\" srcset=\"http:\/\/www.emater.ro.gov.br\/ematerro\/wp-content\/uploads\/2025\/10\/20251031-10out2025-28-sitio-monte-siao_cacoal_irene-mendes-19-1024x692.jpg 1024w, http:\/\/www.emater.ro.gov.br\/ematerro\/wp-content\/uploads\/2025\/10\/20251031-10out2025-28-sitio-monte-siao_cacoal_irene-mendes-19-300x203.jpg 300w, http:\/\/www.emater.ro.gov.br\/ematerro\/wp-content\/uploads\/2025\/10\/20251031-10out2025-28-sitio-monte-siao_cacoal_irene-mendes-19-768x519.jpg 768w, http:\/\/www.emater.ro.gov.br\/ematerro\/wp-content\/uploads\/2025\/10\/20251031-10out2025-28-sitio-monte-siao_cacoal_irene-mendes-19-1536x1037.jpg 1536w, http:\/\/www.emater.ro.gov.br\/ematerro\/wp-content\/uploads\/2025\/10\/20251031-10out2025-28-sitio-monte-siao_cacoal_irene-mendes-19.jpg 1574w\" sizes=\"(max-width: 434px) 100vw, 434px\" \/><figcaption class=\"wp-element-caption\"><strong><em><sup>O casal Rog\u00e9rio e Nicoli j\u00e1 trabalham para alcan\u00e7ar a marca de 600 litros de leite\/dia<\/sup><\/em><\/strong><\/figcaption><\/figure><\/div>\n\n\n<p>Antes da ades\u00e3o ao programa, a fam\u00edlia produzia cerca de 64 litros de leite por dia, em uma \u00e1rea de 10 hectares. Ap\u00f3s a ado\u00e7\u00e3o de pr\u00e1ticas orientadas pela equipe t\u00e9cnica da Emater-RO, como o manejo de pastagens em sistema de piqueteamento, a implementa\u00e7\u00e3o de boas pr\u00e1ticas de tratos culturais e a oferta de alimenta\u00e7\u00e3o balanceada ao rebanho &#8211; a produ\u00e7\u00e3o saltou, na mesma \u00e1rea, para 402 litros di\u00e1rios, um aumento superior a 500%.<\/p>\n\n\n\n<p><strong>RENDA EST\u00c1VEL E LUCRO GARANTIDO<\/strong><br>Atualmente, todas as 21 vacas da propriedade est\u00e3o em lacta\u00e7\u00e3o, e o leite entregue ao latic\u00ednio garante renda est\u00e1vel, pagamento das despesas e lucro ao produtor. Para o casal, o resultado \u00e9 motivo de orgulho e motiva\u00e7\u00e3o para continuar crescendo. \u201cHoje, o leite paga as contas e ainda sobra dinheiro no bolso do produtor\u201d, afirmam Rog\u00e9rio e Nicoli.<\/p>\n\n\n\n<p>Al\u00e9m do sucesso econ\u00f4mico, o casal, que tem dois filhos: Pietra e Theodoro &#8211; representa o novo perfil de produtores rurais de Rond\u00f4nia, fam\u00edlias que acreditam no poder do conhecimento, da tecnologia e da gest\u00e3o eficiente como pilares para o desenvolvimento sustent\u00e1vel no campo. O pr\u00f3ximo objetivo da fam\u00edlia para o S\u00edtio Monte Si\u00e3o \u00e9 alcan\u00e7ar a marca de 600 litros de leite por dia, consolidando-se como exemplo de sucesso na agricultura familiar rondoniense.<\/p>\n\n\n<div class=\"wp-block-image\">\n<figure class=\"alignleft size-large is-resized\"><img decoding=\"async\" loading=\"lazy\" src=\"http:\/\/www.emater.ro.gov.br\/ematerro\/wp-content\/uploads\/2025\/10\/20251031-10out2025-28-sitio-monte-siao_cacoal_irene-mendes-2-1024x691.jpg\" alt=\"\" class=\"wp-image-18504\" width=\"471\" height=\"317\" srcset=\"http:\/\/www.emater.ro.gov.br\/ematerro\/wp-content\/uploads\/2025\/10\/20251031-10out2025-28-sitio-monte-siao_cacoal_irene-mendes-2-1024x691.jpg 1024w, http:\/\/www.emater.ro.gov.br\/ematerro\/wp-content\/uploads\/2025\/10\/20251031-10out2025-28-sitio-monte-siao_cacoal_irene-mendes-2-300x202.jpg 300w, http:\/\/www.emater.ro.gov.br\/ematerro\/wp-content\/uploads\/2025\/10\/20251031-10out2025-28-sitio-monte-siao_cacoal_irene-mendes-2-768x518.jpg 768w, http:\/\/www.emater.ro.gov.br\/ematerro\/wp-content\/uploads\/2025\/10\/20251031-10out2025-28-sitio-monte-siao_cacoal_irene-mendes-2-1536x1037.jpg 1536w, http:\/\/www.emater.ro.gov.br\/ematerro\/wp-content\/uploads\/2025\/10\/20251031-10out2025-28-sitio-monte-siao_cacoal_irene-mendes-2.jpg 1575w\" sizes=\"(max-width: 471px) 100vw, 471px\" \/><figcaption class=\"wp-element-caption\"><strong><em><sup>T\u00e9cnicas de manejo e boas pr\u00e1ticas de tratos culturais s\u00e3o orientadas pela Emater-RO<\/sup><\/em><\/strong><\/figcaption><\/figure><\/div>\n\n\n<p>Para o governador Marcos Rocha, programas como o Consultec-Leite \u00e9 a prova de que, pol\u00edticas p\u00fablicas que levam o conhecimento transforma o campo e garante prosperidade para as fam\u00edlias rurais. \u201cEm Rond\u00f4nia, o leite \u00e9 sin\u00f4nimo de dignidade, renda e futuro e hist\u00f3rias como a do casal Rog\u00e9rio e Nicoli, de Cacoal, mostram que quando o governo investe em assist\u00eancia t\u00e9cnica e inova\u00e7\u00e3o, os resultados aparecem.\u201d.<\/p>\n\n\n\n<p>Com iniciativas como essa, o Governo de Rond\u00f4nia, por meio da Secretaria de Estado da Agricultura (Seagri) e da Emater-RO, reafirma seu compromisso com o fortalecimento da agricultura familiar, a valoriza\u00e7\u00e3o do produtor rural e a sustentabilidade da cadeia leiteira, pilares fundamentais para o desenvolvimento econ\u00f4mico e social do estado.<\/p>\n\n\n\n<p class=\"has-text-align-right\"><strong><em><sup>Texto: Wania Ressutti<br>Jornalista \u2013 MTE-1744\/RO<br>Fotos: Irene Mendes<br>Rep\u00f3rter fotogr\u00e1fica \u2013 MTE-368\/RO<br>EMATER-RO<\/sup><\/em><\/strong><\/p>\n","protected":false},"excerpt":{"rendered":"<p>Produ\u00e7\u00e3o de leite salta de 64 para 402 litros di\u00e1rios com gest\u00e3o eficiente e assist\u00eancia t\u00e9cnica da Emater-RO O Governo de Rond\u00f4nia, por meio da Entidade Aut\u00e1rquica de Assist\u00eancia T\u00e9cnica [&hellip;]<\/p>\n","protected":false},"author":9,"featured_media":18508,"comment_status":"closed","ping_status":"closed","sticky":false,"template":"","format":"standard","meta":[],"categories":[10,9,12],"tags":[173,188,30,45],"_links":{"self":[{"href":"http:\/\/www.emater.ro.gov.br\/ematerro\/wp-json\/wp\/v2\/posts\/18498"}],"collection":[{"href":"http:\/\/www.emater.ro.gov.br\/ematerro\/wp-json\/wp\/v2\/posts"}],"about":[{"href":"http:\/\/www.emater.ro.gov.br\/ematerro\/wp-json\/wp\/v2\/types\/post"}],"author":[{"embeddable":true,"href":"http:\/\/www.emater.ro.gov.br\/ematerro\/wp-json\/wp\/v2\/users\/9"}],"replies":[{"embeddable":true,"href":"http:\/\/www.emater.ro.gov.br\/ematerro\/wp-json\/wp\/v2\/comments?post=18498"}],"version-history":[{"count":6,"href":"http:\/\/www.emater.ro.gov.br\/ematerro\/wp-json\/wp\/v2\/posts\/18498\/revisions"}],"predecessor-version":[{"id":18509,"href":"http:\/\/www.emater.ro.gov.br\/ematerro\/wp-json\/wp\/v2\/posts\/18498\/revisions\/18509"}],"wp:featuredmedia":[{"embeddable":true,"href":"http:\/\/www.emater.ro.gov.br\/ematerro\/wp-json\/wp\/v2\/media\/18508"}],"wp:attachment":[{"href":"http:\/\/www.emater.ro.gov.br\/ematerro\/wp-json\/wp\/v2\/media?parent=18498"}],"wp:term":[{"taxonomy":"category","embeddable":true,"href":"http:\/\/www.emater.ro.gov.br\/ematerro\/wp-json\/wp\/v2\/categories?post=18498"},{"taxonomy":"post_tag","embeddable":true,"href":"http:\/\/www.emater.ro.gov.br\/ematerro\/wp-json\/wp\/v2\/tags?post=18498"}],"curies":[{"name":"wp","href":"https:\/\/api.w.org\/{rel}","templated":true}]}}