{"id":18495,"date":"2025-10-28T07:54:30","date_gmt":"2025-10-28T11:54:30","guid":{"rendered":"http:\/\/www.emater.ro.gov.br\/ematerro\/?p=18495"},"modified":"2025-10-28T07:54:30","modified_gmt":"2025-10-28T11:54:30","slug":"feira-robustas-amazonicos-bate-recorde-de-publico-e-consolida-rondonia-como-potencia-na-cafeicultura","status":"publish","type":"post","link":"http:\/\/www.emater.ro.gov.br\/ematerro\/2025\/10\/28\/feira-robustas-amazonicos-bate-recorde-de-publico-e-consolida-rondonia-como-potencia-na-cafeicultura\/","title":{"rendered":"Feira Robustas Amaz\u00f4nicos bate recorde de p\u00fablico e consolida Rond\u00f4nia como pot\u00eancia na cafeicultura"},"content":{"rendered":"<div class=\"wp-block-image\">\n<figure class=\"aligncenter size-large\"><img decoding=\"async\" loading=\"lazy\" width=\"1024\" height=\"576\" src=\"http:\/\/www.emater.ro.gov.br\/ematerro\/wp-content\/uploads\/2025\/10\/20251024-img_1127-1024x576.jpeg\" alt=\"\" class=\"wp-image-18429\" srcset=\"http:\/\/www.emater.ro.gov.br\/ematerro\/wp-content\/uploads\/2025\/10\/20251024-img_1127-1024x576.jpeg 1024w, http:\/\/www.emater.ro.gov.br\/ematerro\/wp-content\/uploads\/2025\/10\/20251024-img_1127-300x169.jpeg 300w, http:\/\/www.emater.ro.gov.br\/ematerro\/wp-content\/uploads\/2025\/10\/20251024-img_1127-768x432.jpeg 768w, http:\/\/www.emater.ro.gov.br\/ematerro\/wp-content\/uploads\/2025\/10\/20251024-img_1127.jpeg 1280w\" sizes=\"(max-width: 1024px) 100vw, 1024px\" \/><figcaption class=\"wp-element-caption\"><em><strong><sup>Com recorde de p\u00fablico, mais de 2.100 visitantes e premia\u00e7\u00e3o hist\u00f3rica superior a R$ 400 mil, a feira reafirma Rond\u00f4nia como uma das principais refer\u00eancias na produ\u00e7\u00e3o de caf\u00e9 robusta <\/sup><\/strong><\/em><\/figcaption><\/figure><\/div>\n\n\n<p>A capital do caf\u00e9, como \u00e9 conhecido o munic\u00edpio de Cacoal, \u00e9 palco da 2\u00aa Feira Robustas Amaz\u00f4nicos, evento que acontece desde quinta-feira (23), celebra a for\u00e7a do caf\u00e9 rondoniense e marca um novo cap\u00edtulo na hist\u00f3ria da cafeicultura amaz\u00f4nica. Com recorde de p\u00fablico, mais de 2.100 visitantes e premia\u00e7\u00e3o hist\u00f3rica superior a R$ 400 mil, a feira reafirma Rond\u00f4nia como uma das principais refer\u00eancias na produ\u00e7\u00e3o de caf\u00e9 robusta de qualidade no Brasil. Na primeira edi\u00e7\u00e3o o p\u00fablico total foi de 1.200 participantes.<\/p>\n\n\n\n<p>Ao todo, 16 agroind\u00fastrias de caf\u00e9 participam do evento, que tamb\u00e9m conta com estandes de empresas e institui\u00e7\u00f5es financeiras voltadas ao fechamento de neg\u00f3cios e parcerias estrat\u00e9gicas. A feira, realizada pela Secretaria de Estado da Agricultura (Seagri), em parceria com Entidade Aut\u00e1rquica de Assist\u00eancia T\u00e9cnica e Extens\u00e3o Rural do Estado de Rond\u00f4nia (Emater-RO), Ag\u00eancia de Defesa Sanit\u00e1ria Agrosilvopastoril (Idaron) e Secretaria de Estado do Desenvolvimento Econ\u00f4mico (Sedec), tamb\u00e9m executa o 10\u00ba Concurso de Qualidade e Sustentabilidade do Caf\u00e9 de Rond\u00f4nia (Concaf\u00e9), que re\u00fane produtores de diversas regi\u00f5es de todo o estado, apresentando amostras que destacam o potencial produtivo.<\/p>\n\n\n<div class=\"wp-block-image\">\n<figure class=\"alignright size-large is-resized\"><img decoding=\"async\" loading=\"lazy\" src=\"http:\/\/www.emater.ro.gov.br\/ematerro\/wp-content\/uploads\/2025\/10\/20251024-2a-feira-robustas-amazonicos-10o-concafe_jessica-ocampo_23_10_2025-18-1024x768.jpg\" alt=\"\" class=\"wp-image-18425\" width=\"445\" height=\"332\"\/><figcaption class=\"wp-element-caption\"><em><strong><sup>Ao todo, 16 agroind\u00fastrias de caf\u00e9 participam do evento<\/sup><\/strong><\/em><\/figcaption><\/figure><\/div>\n\n\n<p>Para o governador de Rond\u00f4nia, Marcos Rocha, o sucesso do evento refor\u00e7a o compromisso do estado com o setor. \u201cEstamos investindo cada vez mais na moderniza\u00e7\u00e3o da agricultura e principalmente na cafeicultura, na capacita\u00e7\u00e3o dos produtores e na valoriza\u00e7\u00e3o do caf\u00e9 robusta amaz\u00f4nico. Rond\u00f4nia \u00e9 hoje um exemplo de produtividade, e isso \u00e9 motivo de orgulho para todos n\u00f3s\u201d, evidenciou.<\/p>\n\n\n\n<p><strong>2\u00aa EDI\u00c7\u00c3O DA FEIRA<\/strong><br>\u201cHoje a gente consegue vender o nosso caf\u00e9 com um valor agregado. \u00c9 satisfat\u00f3rio quando voc\u00ea chega em primeiro lugar e escuta: nossa que caf\u00e9 bom! Isso valoriza a dedica\u00e7\u00e3o, o amor e o carinho como reconhecimento\u201d, disse o cafeicultor Altivo Berdes, ganhador do primeiro lugar da 9\u00aa edi\u00e7\u00e3o do Concaf\u00e9, que aprendeu o valor da vida no campo. Filho de produtor, ele relembra que cresceu acompanhando o trabalho do pai nas lavouras, na \u00e9poca era um caf\u00e9 comum, e que hoje v\u00ea seu caf\u00e9 ter valoriza\u00e7\u00e3o dobrada devido o reconhecimento.<\/p>\n\n\n\n<p>Al\u00e9m da exposi\u00e7\u00e3o dos produtos, a feira \u00e9 um espa\u00e7o de aprendizado, troca de experi\u00eancias e fortalecimento de parcerias. Pesquisadores, investidores e representantes de cooperativas participam de rodadas de neg\u00f3cios, palestras e demonstra\u00e7\u00f5es de tecnologia, promovendo o desenvolvimento da cadeia produtiva do caf\u00e9 no estado.<\/p>\n\n\n\n<p><strong>INOVA\u00c7\u00c3O E SUSTENTABILIDADE<\/strong><br>Com aroma de caf\u00e9 fresco e esp\u00edrito de celebra\u00e7\u00e3o, a 2\u00aa edi\u00e7\u00e3o da feira se consolida como o maior evento da cafeicultura rondoniense: a feira de caf\u00e9 robustas do Brasil, unindo tradi\u00e7\u00e3o, inova\u00e7\u00e3o e sustentabilidade em um s\u00f3 lugar e mostrando que o caf\u00e9 produzido na Amaz\u00f4nia tem sabor de excel\u00eancia e de futuro.<\/p>\n\n\n<div class=\"wp-block-image\">\n<figure class=\"alignleft size-full is-resized\"><img decoding=\"async\" loading=\"lazy\" src=\"http:\/\/www.emater.ro.gov.br\/ematerro\/wp-content\/uploads\/2025\/10\/20251024-2a-feira-robustas-amazonicos-10o-concafe_jessica-ocampo_23_10_2025-3-370x247-1.jpg\" alt=\"\" class=\"wp-image-18426\" width=\"431\" height=\"288\" srcset=\"http:\/\/www.emater.ro.gov.br\/ematerro\/wp-content\/uploads\/2025\/10\/20251024-2a-feira-robustas-amazonicos-10o-concafe_jessica-ocampo_23_10_2025-3-370x247-1.jpg 370w, http:\/\/www.emater.ro.gov.br\/ematerro\/wp-content\/uploads\/2025\/10\/20251024-2a-feira-robustas-amazonicos-10o-concafe_jessica-ocampo_23_10_2025-3-370x247-1-300x200.jpg 300w\" sizes=\"(max-width: 431px) 100vw, 431px\" \/><figcaption class=\"wp-element-caption\"><strong><em><sup>Cafeicultores veem feira como oportunidade de alavancar vendas<\/sup><\/em><\/strong><\/figcaption><\/figure><\/div>\n\n\n<p>Segundo o secret\u00e1rio da Seagri, Luiz Paulo da Silva Batista, a feira simboliza o resultado da uni\u00e3o e do trabalho conjunto entre os \u00f3rg\u00e3os p\u00fablicos. \u201cA realiza\u00e7\u00e3o deste evento \u00e9 fruto da parceria entre Seagri, Emater e Idaron, juntamente com institui\u00e7\u00f5es p\u00fablicas e privadas, que caminham lado a lado para fortalecer o produtor, incentivar boas pr\u00e1ticas e promover a qualidade do nosso caf\u00e9. Quando o poder p\u00fablico atua de forma integrada, os resultados aparecem em campo e nas conquistas dos nossos agricultores\u201d, destacou.<\/p>\n\n\n\n<p><strong>PARCEIROS<\/strong><br>A realiza\u00e7\u00e3o do evento \u00e9 coordenada pela Seagri, Emater-RO, Idaron e Sedec, e conta com o apoio de institui\u00e7\u00f5es p\u00fablicas e privadas, incluindo C\u00e2mara Setorial do Caf\u00e9, Servi\u00e7o Nacional de Aprendizagem Rural (Senar), Federa\u00e7\u00e3o da Agricultura e Pecu\u00e1ria do Estado de Rond\u00f4nia (Faperon), Servi\u00e7o Brasileiro de Apoio \u00e0s Micro e Pequenas Empresas (Sebrae), Instituto Federal de Educa\u00e7\u00e3o, Ci\u00eancia e Tecnologia de Rond\u00f4nia (Ifro), Empresa Brasileira de Pesquisa Agropecu\u00e1ria (Embrapa), Minist\u00e9rio da Agricultura e Pecu\u00e1ria (Mapa), e cooperativas como Cafeicultores Associados da Regi\u00e3o das Matas de Rond\u00f4nia (Caferon) e Cooperativa dos Agricultores Familiares da Amaz\u00f4nia (Lacoop).<\/p>\n\n\n\n<p class=\"has-text-align-right\"><strong><em><sup>Texto: Maximus Vargas<br>Fotos: J\u00e9ssica Ocampo<br>Secom &#8211; Governo de Rond\u00f4nia<\/sup><\/em><\/strong><\/p>\n","protected":false},"excerpt":{"rendered":"<p>A capital do caf\u00e9, como \u00e9 conhecido o munic\u00edpio de Cacoal, \u00e9 palco da 2\u00aa Feira Robustas Amaz\u00f4nicos, evento que acontece desde quinta-feira (23), celebra a for\u00e7a do caf\u00e9 rondoniense [&hellip;]<\/p>\n","protected":false},"author":9,"featured_media":18428,"comment_status":"closed","ping_status":"closed","sticky":false,"template":"","format":"standard","meta":[],"categories":[10,9,12],"tags":[135,188,48,65,30,45],"_links":{"self":[{"href":"http:\/\/www.emater.ro.gov.br\/ematerro\/wp-json\/wp\/v2\/posts\/18495"}],"collection":[{"href":"http:\/\/www.emater.ro.gov.br\/ematerro\/wp-json\/wp\/v2\/posts"}],"about":[{"href":"http:\/\/www.emater.ro.gov.br\/ematerro\/wp-json\/wp\/v2\/types\/post"}],"author":[{"embeddable":true,"href":"http:\/\/www.emater.ro.gov.br\/ematerro\/wp-json\/wp\/v2\/users\/9"}],"replies":[{"embeddable":true,"href":"http:\/\/www.emater.ro.gov.br\/ematerro\/wp-json\/wp\/v2\/comments?post=18495"}],"version-history":[{"count":1,"href":"http:\/\/www.emater.ro.gov.br\/ematerro\/wp-json\/wp\/v2\/posts\/18495\/revisions"}],"predecessor-version":[{"id":18496,"href":"http:\/\/www.emater.ro.gov.br\/ematerro\/wp-json\/wp\/v2\/posts\/18495\/revisions\/18496"}],"wp:featuredmedia":[{"embeddable":true,"href":"http:\/\/www.emater.ro.gov.br\/ematerro\/wp-json\/wp\/v2\/media\/18428"}],"wp:attachment":[{"href":"http:\/\/www.emater.ro.gov.br\/ematerro\/wp-json\/wp\/v2\/media?parent=18495"}],"wp:term":[{"taxonomy":"category","embeddable":true,"href":"http:\/\/www.emater.ro.gov.br\/ematerro\/wp-json\/wp\/v2\/categories?post=18495"},{"taxonomy":"post_tag","embeddable":true,"href":"http:\/\/www.emater.ro.gov.br\/ematerro\/wp-json\/wp\/v2\/tags?post=18495"}],"curies":[{"name":"wp","href":"https:\/\/api.w.org\/{rel}","templated":true}]}}