{"id":18061,"date":"2025-09-15T09:03:29","date_gmt":"2025-09-15T13:03:29","guid":{"rendered":"http:\/\/www.emater.ro.gov.br\/ematerro\/?p=18061"},"modified":"2025-09-15T09:03:29","modified_gmt":"2025-09-15T13:03:29","slug":"emater-ro-promove-dia-especial-de-acao-social-e-cidadania-em-sao-domingos-do-guapore","status":"publish","type":"post","link":"http:\/\/www.emater.ro.gov.br\/ematerro\/2025\/09\/15\/emater-ro-promove-dia-especial-de-acao-social-e-cidadania-em-sao-domingos-do-guapore\/","title":{"rendered":"Emater-RO promove Dia Especial de A\u00e7\u00e3o Social e Cidadania em S\u00e3o Domingos do Guapor\u00e9"},"content":{"rendered":"\n<p>A Entidade Aut\u00e1rquica de Assist\u00eancia T\u00e9cnica e Extens\u00e3o Rural do Estado de Rond\u00f4nia (Emater-RO), realizou, no dia 3 de setembro, o Dia Especial de A\u00e7\u00e3o Social e Cidadania. Realizado na sede local da Emater-RO, o evento reuniu agricultores familiares, gestantes e moradores da comunidade oferecendo diversas atividades com foco no fortalecimento da agricultura familiar, capacita\u00e7\u00e3o produtiva e promo\u00e7\u00e3o do desenvolvimento social. A a\u00e7\u00e3o contou com a parceria da Secretaria de Estado da Mulher, da Fam\u00edlia, da Assist\u00eancia e do Desenvolvimento Social (Seas) e a Prefeitura de Costa Marques.<\/p>\n\n\n\n<p>Um dos destaques do Dia Especial foi a integra\u00e7\u00e3o do Programa Mam\u00e3e Cheguei, da Seas, que garantiu atendimento especial a gestantes e suas fam\u00edlias. As participantes receberam kits e cestas de alimentos do Programa de Aquisi\u00e7\u00e3o de Alimentos (PAA), refor\u00e7ando a seguran\u00e7a alimentar e valorizando a produ\u00e7\u00e3o local.<\/p>\n\n\n\n<p>Para a gerente regional da Emater-RO Vale do Guapor\u00e9, Jaqueline Ribeiro Rosa, a iniciativa vai al\u00e9m do incentivo \u00e0 produ\u00e7\u00e3o agr\u00edcola. \u201cA Emater-RO trabalha para levar n\u00e3o apenas tecnologia e assist\u00eancia t\u00e9cnica, mas tamb\u00e9m cidadania, sa\u00fade e dignidade \u00e0s fam\u00edlias rurais\u201d, afirmou.<\/p>\n\n\n\n<p>Wagner Borges de Oliveira, gerente local da Emater-RO em S\u00e3o Domingos do Guapor\u00e9, destaca que a participa\u00e7\u00e3o da comunidade \u00e9 muito importante para o sucesso da a\u00e7\u00e3o. \u201cVer as fam\u00edlias recebendo apoio e orienta\u00e7\u00e3o nos mostra que estamos no caminho certo\u201d, disse.<\/p>\n\n\n\n<p>A a\u00e7\u00e3o refor\u00e7ou o compromisso da Emater-RO em unir assist\u00eancia t\u00e9cnica, inclus\u00e3o social e desenvolvimento humano no Vale do Guapor\u00e9.<\/p>\n\n\n\n<figure class=\"wp-block-gallery has-nested-images columns-default is-cropped wp-block-gallery-1 is-layout-flex\">\n<figure class=\"wp-block-image size-large\"><img decoding=\"async\" loading=\"lazy\" width=\"1024\" height=\"691\" data-id=\"18062\"  src=\"http:\/\/www.emater.ro.gov.br\/ematerro\/wp-content\/uploads\/2025\/09\/20250915-09set2025-03-de-acao-social-e-cidadania-sdguapore_001-1024x691.jpg\" alt=\"\" class=\"wp-image-18062\" srcset=\"http:\/\/www.emater.ro.gov.br\/ematerro\/wp-content\/uploads\/2025\/09\/20250915-09set2025-03-de-acao-social-e-cidadania-sdguapore_001-1024x691.jpg 1024w, http:\/\/www.emater.ro.gov.br\/ematerro\/wp-content\/uploads\/2025\/09\/20250915-09set2025-03-de-acao-social-e-cidadania-sdguapore_001-300x203.jpg 300w, http:\/\/www.emater.ro.gov.br\/ematerro\/wp-content\/uploads\/2025\/09\/20250915-09set2025-03-de-acao-social-e-cidadania-sdguapore_001-768x518.jpg 768w, http:\/\/www.emater.ro.gov.br\/ematerro\/wp-content\/uploads\/2025\/09\/20250915-09set2025-03-de-acao-social-e-cidadania-sdguapore_001-1536x1037.jpg 1536w, http:\/\/www.emater.ro.gov.br\/ematerro\/wp-content\/uploads\/2025\/09\/20250915-09set2025-03-de-acao-social-e-cidadania-sdguapore_001.jpg 1600w\" sizes=\"(max-width: 1024px) 100vw, 1024px\" \/><\/figure>\n\n\n\n<figure class=\"wp-block-image size-large\"><img decoding=\"async\" loading=\"lazy\" width=\"1024\" height=\"691\" data-id=\"18063\"  src=\"http:\/\/www.emater.ro.gov.br\/ematerro\/wp-content\/uploads\/2025\/09\/20250915-09set2025-03-de-acao-social-e-cidadania-sdguapore_002-1024x691.jpg\" alt=\"\" class=\"wp-image-18063\" srcset=\"http:\/\/www.emater.ro.gov.br\/ematerro\/wp-content\/uploads\/2025\/09\/20250915-09set2025-03-de-acao-social-e-cidadania-sdguapore_002-1024x691.jpg 1024w, http:\/\/www.emater.ro.gov.br\/ematerro\/wp-content\/uploads\/2025\/09\/20250915-09set2025-03-de-acao-social-e-cidadania-sdguapore_002-300x203.jpg 300w, http:\/\/www.emater.ro.gov.br\/ematerro\/wp-content\/uploads\/2025\/09\/20250915-09set2025-03-de-acao-social-e-cidadania-sdguapore_002-768x518.jpg 768w, http:\/\/www.emater.ro.gov.br\/ematerro\/wp-content\/uploads\/2025\/09\/20250915-09set2025-03-de-acao-social-e-cidadania-sdguapore_002.jpg 1200w\" sizes=\"(max-width: 1024px) 100vw, 1024px\" \/><\/figure>\n\n\n\n<figure class=\"wp-block-image size-large\"><img decoding=\"async\" loading=\"lazy\" width=\"1024\" height=\"691\" data-id=\"18064\"  src=\"http:\/\/www.emater.ro.gov.br\/ematerro\/wp-content\/uploads\/2025\/09\/20250915-09set2025-03-de-acao-social-e-cidadania-sdguapore_003-1024x691.jpg\" alt=\"\" class=\"wp-image-18064\" srcset=\"http:\/\/www.emater.ro.gov.br\/ematerro\/wp-content\/uploads\/2025\/09\/20250915-09set2025-03-de-acao-social-e-cidadania-sdguapore_003-1024x691.jpg 1024w, http:\/\/www.emater.ro.gov.br\/ematerro\/wp-content\/uploads\/2025\/09\/20250915-09set2025-03-de-acao-social-e-cidadania-sdguapore_003-300x203.jpg 300w, http:\/\/www.emater.ro.gov.br\/ematerro\/wp-content\/uploads\/2025\/09\/20250915-09set2025-03-de-acao-social-e-cidadania-sdguapore_003-768x518.jpg 768w, http:\/\/www.emater.ro.gov.br\/ematerro\/wp-content\/uploads\/2025\/09\/20250915-09set2025-03-de-acao-social-e-cidadania-sdguapore_003-1536x1037.jpg 1536w, http:\/\/www.emater.ro.gov.br\/ematerro\/wp-content\/uploads\/2025\/09\/20250915-09set2025-03-de-acao-social-e-cidadania-sdguapore_003.jpg 1600w\" sizes=\"(max-width: 1024px) 100vw, 1024px\" \/><\/figure>\n\n\n\n<figure class=\"wp-block-image size-large\"><img decoding=\"async\" loading=\"lazy\" width=\"1024\" height=\"692\" data-id=\"18065\"  src=\"http:\/\/www.emater.ro.gov.br\/ematerro\/wp-content\/uploads\/2025\/09\/20250915-09set2025-03-de-acao-social-e-cidadania-sdguapore_004-1024x692.jpg\" alt=\"\" class=\"wp-image-18065\" srcset=\"http:\/\/www.emater.ro.gov.br\/ematerro\/wp-content\/uploads\/2025\/09\/20250915-09set2025-03-de-acao-social-e-cidadania-sdguapore_004-1024x692.jpg 1024w, http:\/\/www.emater.ro.gov.br\/ematerro\/wp-content\/uploads\/2025\/09\/20250915-09set2025-03-de-acao-social-e-cidadania-sdguapore_004-300x203.jpg 300w, http:\/\/www.emater.ro.gov.br\/ematerro\/wp-content\/uploads\/2025\/09\/20250915-09set2025-03-de-acao-social-e-cidadania-sdguapore_004-768x519.jpg 768w, http:\/\/www.emater.ro.gov.br\/ematerro\/wp-content\/uploads\/2025\/09\/20250915-09set2025-03-de-acao-social-e-cidadania-sdguapore_004.jpg 1158w\" sizes=\"(max-width: 1024px) 100vw, 1024px\" \/><\/figure>\n\n\n\n<figure class=\"wp-block-image size-large\"><img decoding=\"async\" loading=\"lazy\" width=\"1024\" height=\"691\" data-id=\"18066\"  src=\"http:\/\/www.emater.ro.gov.br\/ematerro\/wp-content\/uploads\/2025\/09\/20250915-09set2025-03-de-acao-social-e-cidadania-sdguapore_005-1024x691.jpg\" alt=\"\" class=\"wp-image-18066\" srcset=\"http:\/\/www.emater.ro.gov.br\/ematerro\/wp-content\/uploads\/2025\/09\/20250915-09set2025-03-de-acao-social-e-cidadania-sdguapore_005-1024x691.jpg 1024w, http:\/\/www.emater.ro.gov.br\/ematerro\/wp-content\/uploads\/2025\/09\/20250915-09set2025-03-de-acao-social-e-cidadania-sdguapore_005-300x203.jpg 300w, http:\/\/www.emater.ro.gov.br\/ematerro\/wp-content\/uploads\/2025\/09\/20250915-09set2025-03-de-acao-social-e-cidadania-sdguapore_005-768x518.jpg 768w, http:\/\/www.emater.ro.gov.br\/ematerro\/wp-content\/uploads\/2025\/09\/20250915-09set2025-03-de-acao-social-e-cidadania-sdguapore_005.jpg 1200w\" sizes=\"(max-width: 1024px) 100vw, 1024px\" \/><\/figure>\n<\/figure>\n","protected":false},"excerpt":{"rendered":"<p>A Entidade Aut\u00e1rquica de Assist\u00eancia T\u00e9cnica e Extens\u00e3o Rural do Estado de Rond\u00f4nia (Emater-RO), realizou, no dia 3 de setembro, o Dia Especial de A\u00e7\u00e3o Social e Cidadania. Realizado na [&hellip;]<\/p>\n","protected":false},"author":9,"featured_media":18066,"comment_status":"closed","ping_status":"closed","sticky":false,"template":"","format":"standard","meta":[],"categories":[10,11,12],"tags":[135,188,45],"_links":{"self":[{"href":"http:\/\/www.emater.ro.gov.br\/ematerro\/wp-json\/wp\/v2\/posts\/18061"}],"collection":[{"href":"http:\/\/www.emater.ro.gov.br\/ematerro\/wp-json\/wp\/v2\/posts"}],"about":[{"href":"http:\/\/www.emater.ro.gov.br\/ematerro\/wp-json\/wp\/v2\/types\/post"}],"author":[{"embeddable":true,"href":"http:\/\/www.emater.ro.gov.br\/ematerro\/wp-json\/wp\/v2\/users\/9"}],"replies":[{"embeddable":true,"href":"http:\/\/www.emater.ro.gov.br\/ematerro\/wp-json\/wp\/v2\/comments?post=18061"}],"version-history":[{"count":1,"href":"http:\/\/www.emater.ro.gov.br\/ematerro\/wp-json\/wp\/v2\/posts\/18061\/revisions"}],"predecessor-version":[{"id":18067,"href":"http:\/\/www.emater.ro.gov.br\/ematerro\/wp-json\/wp\/v2\/posts\/18061\/revisions\/18067"}],"wp:featuredmedia":[{"embeddable":true,"href":"http:\/\/www.emater.ro.gov.br\/ematerro\/wp-json\/wp\/v2\/media\/18066"}],"wp:attachment":[{"href":"http:\/\/www.emater.ro.gov.br\/ematerro\/wp-json\/wp\/v2\/media?parent=18061"}],"wp:term":[{"taxonomy":"category","embeddable":true,"href":"http:\/\/www.emater.ro.gov.br\/ematerro\/wp-json\/wp\/v2\/categories?post=18061"},{"taxonomy":"post_tag","embeddable":true,"href":"http:\/\/www.emater.ro.gov.br\/ematerro\/wp-json\/wp\/v2\/tags?post=18061"}],"curies":[{"name":"wp","href":"https:\/\/api.w.org\/{rel}","templated":true}]}}