{"id":17704,"date":"2025-07-22T11:14:44","date_gmt":"2025-07-22T15:14:44","guid":{"rendered":"http:\/\/www.emater.ro.gov.br\/ematerro\/?p=17704"},"modified":"2025-07-22T11:18:50","modified_gmt":"2025-07-22T15:18:50","slug":"municipio-na-zona-da-mata-esta-mais-produtivo-e-desenvolvido-com-investimentos-do-governo-de-ro","status":"publish","type":"post","link":"http:\/\/www.emater.ro.gov.br\/ematerro\/2025\/07\/22\/municipio-na-zona-da-mata-esta-mais-produtivo-e-desenvolvido-com-investimentos-do-governo-de-ro\/","title":{"rendered":"Munic\u00edpio na Zona da Mata est\u00e1 mais produtivo e desenvolvido com investimentos do governo de RO"},"content":{"rendered":"<div class=\"wp-block-image\">\n<figure class=\"aligncenter size-large\"><img decoding=\"async\" loading=\"lazy\" width=\"1024\" height=\"683\" src=\"http:\/\/www.emater.ro.gov.br\/ematerro\/wp-content\/uploads\/2025\/07\/20250722-emater_alta-floresta-doeste_10072025_fotos-frank-nery-79-1024x683.jpg\" alt=\"\" class=\"wp-image-17705\" srcset=\"http:\/\/www.emater.ro.gov.br\/ematerro\/wp-content\/uploads\/2025\/07\/20250722-emater_alta-floresta-doeste_10072025_fotos-frank-nery-79-1024x683.jpg 1024w, http:\/\/www.emater.ro.gov.br\/ematerro\/wp-content\/uploads\/2025\/07\/20250722-emater_alta-floresta-doeste_10072025_fotos-frank-nery-79-300x200.jpg 300w, http:\/\/www.emater.ro.gov.br\/ematerro\/wp-content\/uploads\/2025\/07\/20250722-emater_alta-floresta-doeste_10072025_fotos-frank-nery-79-768x512.jpg 768w, http:\/\/www.emater.ro.gov.br\/ematerro\/wp-content\/uploads\/2025\/07\/20250722-emater_alta-floresta-doeste_10072025_fotos-frank-nery-79-480x320.jpg 480w, http:\/\/www.emater.ro.gov.br\/ematerro\/wp-content\/uploads\/2025\/07\/20250722-emater_alta-floresta-doeste_10072025_fotos-frank-nery-79.jpg 1280w\" sizes=\"(max-width: 1024px) 100vw, 1024px\" \/><figcaption class=\"wp-element-caption\"><strong><em><sup>Alta Floresta d\u2019 Oeste est\u00e1 localizado na zona da Mata, pr\u00f3ximo a cidade de Rolim de Moura, \u00e9 uma das potencialidades da agropecu\u00e1ria<\/sup><\/em><\/strong><\/figcaption><\/figure><\/div>\n\n\n<p>O munic\u00edpio de Alta Floresta d\u2019 Oeste \u00e9 um dos beneficiados pela miss\u00e3o do governo de Rond\u00f4nia de revolucionar o desenvolvimento e qualidade de vida nos munic\u00edpios. Na \u00faltima semana, a cidade recebeu uma comitiva liderada pelo governo do estado, com entregas importantes: novo escrit\u00f3rio da Entidade Aut\u00e1rquica de Assist\u00eancia T\u00e9cnica e Extens\u00e3o Rural do Estado de Rond\u00f4nia (Emater-RO), carta de aposentadoria rural e ainda a visita institucional para conferir a obra de reforma geral da Escola Municipal Boa Esperan\u00e7a no distrito de Vila Marc\u00e3o.<\/p>\n\n\n\n<p>O governador de Rond\u00f4nia, Marcos Rocha, destacou a transforma\u00e7\u00e3o da cidade com apoio do governo de Rond\u00f4nia. \u2018\u2018Essas novas entregas fazem parte de uma sequ\u00eancia de investimentos feitos pelo governo do estado para melhorar a qualidade de vida e o desenvolvimento de Alta Floresta d\u2019Oeste. Observamos o quanto a cidade evoluiu. Ruas foram asfaltadas, \u00e1reas de lazer receberam melhorias, e diversas a\u00e7\u00f5es feitas para impulsionar as cadeias produtivas, Educa\u00e7\u00e3o, Sa\u00fade, Economia, entre tantas que s\u00e3o realizadas para tornar o munic\u00edpio ainda melhor para se viver\u201d.<\/p>\n\n\n<div class=\"wp-block-image\">\n<figure class=\"alignright size-full is-resized\"><img decoding=\"async\" loading=\"lazy\" src=\"http:\/\/www.emater.ro.gov.br\/ematerro\/wp-content\/uploads\/2025\/07\/20250722-entrega-do-predio-da-emater_alta-floresta_foto-frank-nery-1-570x380-1.jpg\" alt=\"\" class=\"wp-image-17706\" width=\"454\" height=\"303\" srcset=\"http:\/\/www.emater.ro.gov.br\/ematerro\/wp-content\/uploads\/2025\/07\/20250722-entrega-do-predio-da-emater_alta-floresta_foto-frank-nery-1-570x380-1.jpg 570w, http:\/\/www.emater.ro.gov.br\/ematerro\/wp-content\/uploads\/2025\/07\/20250722-entrega-do-predio-da-emater_alta-floresta_foto-frank-nery-1-570x380-1-300x200.jpg 300w, http:\/\/www.emater.ro.gov.br\/ematerro\/wp-content\/uploads\/2025\/07\/20250722-entrega-do-predio-da-emater_alta-floresta_foto-frank-nery-1-570x380-1-480x320.jpg 480w\" sizes=\"(max-width: 454px) 100vw, 454px\" \/><figcaption class=\"wp-element-caption\"><strong><em><sup>Novos investimentos do Governo de Rond\u00f4nia ajudam cidade a se desenvolver<\/sup><\/em><\/strong><\/figcaption><\/figure><\/div>\n\n\n<p><strong>NOVOS INVESTIMENTOS<\/strong><br>O governo de Rond\u00f4nia entregou o <a href=\"https:\/\/rondonia.ro.gov.br\/nova-sede-da-emater-entregue-pelo-governo-de-ro-em-alta-floresta-doeste-une-tecnologia-e-apoio-direto-ao-produtor\/\" target=\"_blank\" rel=\"noreferrer noopener\">novo pr\u00e9dio da Emater-RO em Alta Floresta<\/a> d\u2019Oeste. Com uma recep\u00e7\u00e3o acolhedora, sala ampla para atendimento, audit\u00f3rio e ambiente para reuni\u00f5es climatizados, o local \u00e9 mais adequado para os trabalhadores e para o atendimento aos produtores rurais de todo o munic\u00edpio, contribuindo com o desenvolvimento da cidade, que \u00e9 repleto de cadeias produtivas, com destaque para a cafeicultura, bovinocultura, piscicultura e agroindustrializa\u00e7\u00e3o.<\/p>\n\n\n\n<p>A cerim\u00f4nia foi marcada pela entrega da carta de <a href=\"https:\/\/rondonia.ro.gov.br\/com-aposentadoria-rural-em-alta-floresta-doeste-governo-de-ro-fortalece-beneficios-previdenciarios-para-produtores-rurais\/\" target=\"_blank\" rel=\"noreferrer noopener\">concess\u00e3o de aposentadoria por idade<\/a>. Desde abril deste ano, a assist\u00eancia para benef\u00edcios previdenci\u00e1rios transformou-se em mais um servi\u00e7o do governo, desenvolvido por meio da Emater-RO. Uma iniciativa pioneira de Rond\u00f4nia, que ocorre por meio de coopera\u00e7\u00e3o t\u00e9cnica com Instituto Nacional de Seguridade Social (INSS). Tamb\u00e9m houve a visita institucional a <a href=\"https:\/\/rondonia.ro.gov.br\/investimento-do-governo-de-ro-em-reforma-de-escola-beneficia-comunidade-do-distrito-de-vila-marcao\/\" target=\"_blank\" rel=\"noreferrer noopener\">Escola Municipal Boa Esperan\u00e7a no distrito de Vila Marc\u00e3o<\/a>, que com apoio do governo de Rond\u00f4nia passa por reforma geral, as mudan\u00e7as s\u00e3o profundas, do piso ao teto.<\/p>\n\n\n\n<p><strong>MAIS PROGRESSO<\/strong><br>Alta Floresta d\u2019 Oeste est\u00e1 localizado na zona da Mata, pr\u00f3ximo a cidade de Rolim de Moura, \u00e9 uma das <a href=\"https:\/\/rondonia.ro.gov.br\/perseveranca-dedicacao-e-apoio-do-governo-de-ro-transformam-a-vida-de-cafeicultores-no-estado\/\" target=\"_blank\" rel=\"noreferrer noopener\">potencialidades da agropecu\u00e1ria de Rond\u00f4nia<\/a>, com \u00e1reas florestais incr\u00edveis, territ\u00f3rios ind\u00edgenas, e banhado pelo rio Guapor\u00e9, inclusive, faz parte do roteiro do Plano de Desenvolvimento da Pesca Esportiva do governo de Rond\u00f4nia, lan\u00e7ado este m\u00eas. Na cidade, o governo de Rond\u00f4nia j\u00e1 asfaltou e recapeou mais de 17km, melhorando a infraestrutura do munic\u00edpio. E ainda investiu na Reforma do Gin\u00e1sio Expedito, adquiriu lumin\u00e1rias p\u00fablicas de LED, tr\u00eas playgrounds infantis e duas academias de sa\u00fade ao ar livre. O que o torna mais atrativo para os moradores, turistas e neg\u00f3cios. O governo tamb\u00e9m investe na pavimenta\u00e7\u00e3o de um cantinho especial do munic\u00edpio, o distrito de Vila Marc\u00e3o, o local \u00e9 pequeno, mas n\u00e3o passou despercebido aos olhos do governo do estado.<\/p>\n\n\n<div class=\"wp-block-image\">\n<figure class=\"alignleft size-large is-resized\"><img decoding=\"async\" loading=\"lazy\" src=\"http:\/\/www.emater.ro.gov.br\/ematerro\/wp-content\/uploads\/2025\/07\/20250722-cafe-alta-floresta_osmar-alcantara-1024x691.jpg\" alt=\"\" class=\"wp-image-17710\" width=\"438\" height=\"295\" srcset=\"http:\/\/www.emater.ro.gov.br\/ematerro\/wp-content\/uploads\/2025\/07\/20250722-cafe-alta-floresta_osmar-alcantara-1024x691.jpg 1024w, http:\/\/www.emater.ro.gov.br\/ematerro\/wp-content\/uploads\/2025\/07\/20250722-cafe-alta-floresta_osmar-alcantara-300x203.jpg 300w, http:\/\/www.emater.ro.gov.br\/ematerro\/wp-content\/uploads\/2025\/07\/20250722-cafe-alta-floresta_osmar-alcantara-768x518.jpg 768w, http:\/\/www.emater.ro.gov.br\/ematerro\/wp-content\/uploads\/2025\/07\/20250722-cafe-alta-floresta_osmar-alcantara.jpg 1200w\" sizes=\"(max-width: 438px) 100vw, 438px\" \/><figcaption class=\"wp-element-caption\"><em><strong><sup>Alta Floresta d\u2019 Oeste destaca-se na produ\u00e7\u00e3o de caf\u00e9<\/sup><\/strong><\/em><\/figcaption><\/figure><\/div>\n\n\n<p><strong>MAIS APOIO<\/strong><br>De 2019 a 2025, j\u00e1 realizou 89 compras dos produtores rurais por meio do Programa de Aquisi\u00e7\u00e3o de Alimentos \u2013 PAA Estadual, com investimento de mais R$ 378.7 mil. Distribuiu 114.719 sementes, mudas e material propagativo para os produtores de agricultura familiar. Tamb\u00e9m realizou diversas entregas de equipamentos e insumos para beneficiar os agricultores familiares. E recentemente, realizou a entrega de um kit de equipamentos na aldeia Aru\u00e1, contendo 01 trator agr\u00edcola de pneus; 01 grade aradora; e 01 carreta agr\u00edcola.<\/p>\n\n\n\n<p><strong>MAIS PARCERIA<\/strong><br>Rond\u00f4nia tem a sexta melhor educa\u00e7\u00e3o do Brasil e avan\u00e7a em investimentos em escolas estaduais e tamb\u00e9m municipais. Em Alta Floresta do Oeste, 11 escolas, entre estaduais e municipais, foram contempladas com reforma e constru\u00e7\u00e3o de bloco de salas de aula; pinturas; instala\u00e7\u00f5es el\u00e9tricas, entre outras melhorias. De 2023 at\u00e9 2025, j\u00e1 foram feitos conv\u00eanios com mais de R$ 13 milh\u00f5es para beneficiar todas as escolas municipais. Al\u00e9m de mais de R$ 10,8 destinados a aquisi\u00e7\u00e3o de equipamentos, materiais did\u00e1ticos, pedag\u00f3gicos, paradid\u00e1ticos e mobili\u00e1rios para as escolas do munic\u00edpio.<\/p>\n\n\n<div class=\"wp-block-image\">\n<figure class=\"alignright size-full is-resized\"><img decoding=\"async\" loading=\"lazy\" src=\"http:\/\/www.emater.ro.gov.br\/ematerro\/wp-content\/uploads\/2025\/07\/20250722-visita-institucional-reforma_escola-boa-esperanca_distrito-de-vila-marcao_alta-floresta_fotos-frank-nery-29-570x380-1.jpg\" alt=\"\" class=\"wp-image-17708\" width=\"434\" height=\"289\" srcset=\"http:\/\/www.emater.ro.gov.br\/ematerro\/wp-content\/uploads\/2025\/07\/20250722-visita-institucional-reforma_escola-boa-esperanca_distrito-de-vila-marcao_alta-floresta_fotos-frank-nery-29-570x380-1.jpg 570w, http:\/\/www.emater.ro.gov.br\/ematerro\/wp-content\/uploads\/2025\/07\/20250722-visita-institucional-reforma_escola-boa-esperanca_distrito-de-vila-marcao_alta-floresta_fotos-frank-nery-29-570x380-1-300x200.jpg 300w, http:\/\/www.emater.ro.gov.br\/ematerro\/wp-content\/uploads\/2025\/07\/20250722-visita-institucional-reforma_escola-boa-esperanca_distrito-de-vila-marcao_alta-floresta_fotos-frank-nery-29-570x380-1-480x320.jpg 480w\" sizes=\"(max-width: 434px) 100vw, 434px\" \/><figcaption class=\"wp-element-caption\"><strong><em><sup>At\u00e9 escolas municipais recebem investimentos do Governo de Rond\u00f4nia<\/sup><\/em><\/strong><\/figcaption><\/figure><\/div>\n\n\n<p><strong>MAIS ACOLHEDOR<\/strong><br>O munic\u00edpio tamb\u00e9m foi atendido com a\u00e7\u00f5es no Eixo da Sa\u00fade, a exemplo do Programa Compartilhando Sa\u00fade, voltado a realizar, mais pr\u00f3ximo da popula\u00e7\u00e3o, cirurgias eletivas. E os diversos programas de Assist\u00eancia Social, com destaque para o Mam\u00e3e Cheguei (385), Crescendo Bem (278), Rond\u00f4nia Cidad\u00e3 (539); Mulher Protegida (63); e constru\u00e7\u00e3o de Centro de Refer\u00eancia de Assist\u00eancia Social (CRAS) em 2022.<\/p>\n\n\n\n<p><strong>MAIS PR\u00d3SPERO<\/strong><br>O munic\u00edpio tamb\u00e9m recebe apoio para os neg\u00f3cios prosperarem, R$ 9.605.436,00 foram liberados por meio do Programa de Microcr\u00e9dito Produtivo Orientado de Rond\u00f4nia (Proampe), e o n\u00famero de novas empresas abertas aumenta a cada ano. Foram registradas a abertura de 128 empresas, nos primeiros cinco meses deste ano. Crescimento de 29,29% em compara\u00e7\u00e3o ao mesmo per\u00edodo de 2024. A Educa\u00e7\u00e3o Profissional tamb\u00e9m est\u00e1 em alta no munic\u00edpio, com cursos do Instituto Estadual de Desenvolvimento da Educa\u00e7\u00e3o Profissional (Idep), dando oportunidade para a popula\u00e7\u00e3o prosperar, 162 matr\u00edculas realizadas, em 31 cursos. Alta Floresta experimenta uma fase de desenvolvimento e melhor qualidade de vida, com o apoio do governo de Rond\u00f4nia.<\/p>\n\n\n\n<p class=\"has-text-align-right\"><strong><em><sup>Texto: Vanessa Moura<br>Fotos: Frank N\u00e9ry, Osmar Alc\u00e2ntara e Irene Mendes<br>Secom &#8211; Governo de Rond\u00f4nia<\/sup><\/em><\/strong><\/p>\n","protected":false},"excerpt":{"rendered":"<p>O munic\u00edpio de Alta Floresta d\u2019 Oeste \u00e9 um dos beneficiados pela miss\u00e3o do governo de Rond\u00f4nia de revolucionar o desenvolvimento e qualidade de vida nos munic\u00edpios. Na \u00faltima semana, [&hellip;]<\/p>\n","protected":false},"author":9,"featured_media":13293,"comment_status":"closed","ping_status":"closed","sticky":false,"template":"","format":"standard","meta":[],"categories":[10,9,12],"tags":[],"_links":{"self":[{"href":"http:\/\/www.emater.ro.gov.br\/ematerro\/wp-json\/wp\/v2\/posts\/17704"}],"collection":[{"href":"http:\/\/www.emater.ro.gov.br\/ematerro\/wp-json\/wp\/v2\/posts"}],"about":[{"href":"http:\/\/www.emater.ro.gov.br\/ematerro\/wp-json\/wp\/v2\/types\/post"}],"author":[{"embeddable":true,"href":"http:\/\/www.emater.ro.gov.br\/ematerro\/wp-json\/wp\/v2\/users\/9"}],"replies":[{"embeddable":true,"href":"http:\/\/www.emater.ro.gov.br\/ematerro\/wp-json\/wp\/v2\/comments?post=17704"}],"version-history":[{"count":4,"href":"http:\/\/www.emater.ro.gov.br\/ematerro\/wp-json\/wp\/v2\/posts\/17704\/revisions"}],"predecessor-version":[{"id":17713,"href":"http:\/\/www.emater.ro.gov.br\/ematerro\/wp-json\/wp\/v2\/posts\/17704\/revisions\/17713"}],"wp:featuredmedia":[{"embeddable":true,"href":"http:\/\/www.emater.ro.gov.br\/ematerro\/wp-json\/wp\/v2\/media\/13293"}],"wp:attachment":[{"href":"http:\/\/www.emater.ro.gov.br\/ematerro\/wp-json\/wp\/v2\/media?parent=17704"}],"wp:term":[{"taxonomy":"category","embeddable":true,"href":"http:\/\/www.emater.ro.gov.br\/ematerro\/wp-json\/wp\/v2\/categories?post=17704"},{"taxonomy":"post_tag","embeddable":true,"href":"http:\/\/www.emater.ro.gov.br\/ematerro\/wp-json\/wp\/v2\/tags?post=17704"}],"curies":[{"name":"wp","href":"https:\/\/api.w.org\/{rel}","templated":true}]}}