{"id":17684,"date":"2025-07-18T09:56:41","date_gmt":"2025-07-18T13:56:41","guid":{"rendered":"http:\/\/www.emater.ro.gov.br\/ematerro\/?p=17684"},"modified":"2025-07-18T09:56:41","modified_gmt":"2025-07-18T13:56:41","slug":"vacas-produzem-mais-leite-em-rondonia-com-alimentacao-diferenciada-e-mudam-realidade-do-campo","status":"publish","type":"post","link":"http:\/\/www.emater.ro.gov.br\/ematerro\/2025\/07\/18\/vacas-produzem-mais-leite-em-rondonia-com-alimentacao-diferenciada-e-mudam-realidade-do-campo\/","title":{"rendered":"Vacas produzem mais leite em Rond\u00f4nia com alimenta\u00e7\u00e3o diferenciada e mudam realidade do campo"},"content":{"rendered":"<div class=\"wp-block-image\">\n<figure class=\"aligncenter size-large\"><img decoding=\"async\" loading=\"lazy\" width=\"1024\" height=\"683\" src=\"http:\/\/www.emater.ro.gov.br\/ematerro\/wp-content\/uploads\/2025\/07\/20250718-emater_alta-floresta-doeste_10072025_fotos-frank-nery-50-1024x683.jpg\" alt=\"\" class=\"wp-image-17685\" srcset=\"http:\/\/www.emater.ro.gov.br\/ematerro\/wp-content\/uploads\/2025\/07\/20250718-emater_alta-floresta-doeste_10072025_fotos-frank-nery-50-1024x683.jpg 1024w, http:\/\/www.emater.ro.gov.br\/ematerro\/wp-content\/uploads\/2025\/07\/20250718-emater_alta-floresta-doeste_10072025_fotos-frank-nery-50-300x200.jpg 300w, http:\/\/www.emater.ro.gov.br\/ematerro\/wp-content\/uploads\/2025\/07\/20250718-emater_alta-floresta-doeste_10072025_fotos-frank-nery-50-768x512.jpg 768w, http:\/\/www.emater.ro.gov.br\/ematerro\/wp-content\/uploads\/2025\/07\/20250718-emater_alta-floresta-doeste_10072025_fotos-frank-nery-50-480x320.jpg 480w, http:\/\/www.emater.ro.gov.br\/ematerro\/wp-content\/uploads\/2025\/07\/20250718-emater_alta-floresta-doeste_10072025_fotos-frank-nery-50.jpg 1280w\" sizes=\"(max-width: 1024px) 100vw, 1024px\" \/><figcaption class=\"wp-element-caption\"><strong><em><sup>Ademar Eggert \u00e9 aluno do projeto do governo de Rond\u00f4nia, Consultec Leite, que fortalece a produ\u00e7\u00e3o de leite do estado<\/sup><\/em><\/strong><\/figcaption><\/figure><\/div>\n\n\n<p>H\u00e1 uns quatro anos faltava leite para abastecer a agroind\u00fastria de iogurtes do produtor rural Ademar Eggert e sua fam\u00edlia. As vacas s\u00f3 davam de 8 a no m\u00e1ximo 12 litros de leite por dia, a\u00ed era uma correria para comprar leite dos vizinhos e manter a produ\u00e7\u00e3o. Agora, com o suport do governo de Rond\u00f4nia, tem vaca produzindo at\u00e9 22 litros. A quantidade de leite abastece a agroind\u00fastria e ainda sobra para a venda na cidade e nos munic\u00edpios vizinhos. S\u00e3o produzidos de 3.600 a 4 mil litros de leite por m\u00eas. Saltou de 45 para 160 litros de leite por dia.<\/p>\n\n\n\n<p>O governador de Rond\u00f4nia, Marcos Rocha, ressaltou que aumentar a produ\u00e7\u00e3o de leite no estado \u00e9 um compromisso constante do governo, que j\u00e1 conseguiu bons resultados, como \u00e9 o caso da propriedade do seu Ademar, mas que continua em busca de inova\u00e7\u00f5es. O tema foi inclusive uma das pautas da miss\u00e3o governamental em Israel, recentemente, pois o pa\u00eds tem vacas que chegam a produzir at\u00e9 80 litros de leite por dia.<\/p>\n\n\n<div class=\"wp-block-image\">\n<figure class=\"alignright size-large is-resized\"><img decoding=\"async\" loading=\"lazy\" src=\"http:\/\/www.emater.ro.gov.br\/ematerro\/wp-content\/uploads\/2025\/07\/20250718-emater_alta-floresta-doeste_10072025_fotos-frank-nery-5-1-1024x683.jpg\" alt=\"\" class=\"wp-image-17686\" width=\"432\" height=\"288\" srcset=\"http:\/\/www.emater.ro.gov.br\/ematerro\/wp-content\/uploads\/2025\/07\/20250718-emater_alta-floresta-doeste_10072025_fotos-frank-nery-5-1-1024x683.jpg 1024w, http:\/\/www.emater.ro.gov.br\/ematerro\/wp-content\/uploads\/2025\/07\/20250718-emater_alta-floresta-doeste_10072025_fotos-frank-nery-5-1-300x200.jpg 300w, http:\/\/www.emater.ro.gov.br\/ematerro\/wp-content\/uploads\/2025\/07\/20250718-emater_alta-floresta-doeste_10072025_fotos-frank-nery-5-1-768x512.jpg 768w, http:\/\/www.emater.ro.gov.br\/ematerro\/wp-content\/uploads\/2025\/07\/20250718-emater_alta-floresta-doeste_10072025_fotos-frank-nery-5-1-480x320.jpg 480w, http:\/\/www.emater.ro.gov.br\/ematerro\/wp-content\/uploads\/2025\/07\/20250718-emater_alta-floresta-doeste_10072025_fotos-frank-nery-5-1.jpg 1280w\" sizes=\"(max-width: 432px) 100vw, 432px\" \/><figcaption class=\"wp-element-caption\"><em><strong><sup>A vaca malhada produz at\u00e9 22 litros de leite por dia<\/sup><\/strong><\/em><\/figcaption><\/figure><\/div>\n\n\n<p>\u2018\u2018O governo de Rond\u00f4nia reconhece o quanto as t\u00e9cnicas e tecnologias podem transformar a vida dos produtores e da produ\u00e7\u00e3o de alimentos de Rond\u00f4nia, por isso investe em a\u00e7\u00f5es estrat\u00e9gicas para apoio da pecu\u00e1ria de leite. Rond\u00f4nia \u00e9 o maior produtor de leite da Regi\u00e3o Norte e o s\u00e9timo maior do Brasil. Estamos em busca da alta produtividade para trazer ainda mais qualidade de vida e desenvolvimento\u2019\u2019, enfatizou o governador de Rond\u00f4nia.<\/p>\n\n\n\n<p><strong>A\u00c7\u00d5ES DE APOIO<\/strong><br>O governo do estado lan\u00e7ou, em maio deste ano, o Concurso Estadual de Produ\u00e7\u00e3o de Leite de Rond\u00f4nia (ConLeite), enfatizando a valoriza\u00e7\u00e3o dessa cadeia produtiva. Tamb\u00e9m est\u00e1 presente dentro das propriedades de pecu\u00e1ria de leite, o projeto Rufi\u00e3o M\u00f3vel, que destaca o cuidado com a sa\u00fade ginecol\u00f3gica das matrizes (vacas destinadas a reprodu\u00e7\u00e3o), utilizando a tecnologia da ultrassonografia, e com consultoria t\u00e9cnica para apoiar os produtores na gest\u00e3o da propriedade e no manejo alimentar e nutricional do rebanho, por meio do Consultec Leite.<\/p>\n\n\n\n<p><strong>EXEMPLO DE PROPRIEDADE<\/strong><br>Ademar Eggert \u00e9 um bom aluno do projeto do governo de Rond\u00f4nia, Consultec Leite, desenvolvido pela Entidade Aut\u00e1rquica de Assist\u00eancia T\u00e9cnica e Extens\u00e3o Rural do Estado de Rond\u00f4nia (Emater-RO). A propriedade rural da fam\u00edlia est\u00e1 localizada no munic\u00edpio de Alta Floresta d\u2019Oeste e \u00e9 uma unidade demonstrativa de sucesso do Consultec, um exemplo a ser replicado em outras propriedades do estado.<\/p>\n\n\n<div class=\"wp-block-image\">\n<figure class=\"alignleft size-large is-resized\"><img decoding=\"async\" loading=\"lazy\" src=\"http:\/\/www.emater.ro.gov.br\/ematerro\/wp-content\/uploads\/2025\/07\/20250718-emater_alta-floresta-doeste_10072025_fotos-frank-nery-100-1024x683.jpg\" alt=\"\" class=\"wp-image-17687\" width=\"432\" height=\"288\" srcset=\"http:\/\/www.emater.ro.gov.br\/ematerro\/wp-content\/uploads\/2025\/07\/20250718-emater_alta-floresta-doeste_10072025_fotos-frank-nery-100-1024x683.jpg 1024w, http:\/\/www.emater.ro.gov.br\/ematerro\/wp-content\/uploads\/2025\/07\/20250718-emater_alta-floresta-doeste_10072025_fotos-frank-nery-100-300x200.jpg 300w, http:\/\/www.emater.ro.gov.br\/ematerro\/wp-content\/uploads\/2025\/07\/20250718-emater_alta-floresta-doeste_10072025_fotos-frank-nery-100-768x512.jpg 768w, http:\/\/www.emater.ro.gov.br\/ematerro\/wp-content\/uploads\/2025\/07\/20250718-emater_alta-floresta-doeste_10072025_fotos-frank-nery-100-480x320.jpg 480w, http:\/\/www.emater.ro.gov.br\/ematerro\/wp-content\/uploads\/2025\/07\/20250718-emater_alta-floresta-doeste_10072025_fotos-frank-nery-100.jpg 1280w\" sizes=\"(max-width: 432px) 100vw, 432px\" \/><figcaption class=\"wp-element-caption\"><strong><em><sup>Casal de produtores se alegra com conquistas para fam\u00edlia<\/sup><\/em><\/strong><\/figcaption><\/figure><\/div>\n\n\n<p>O produtor cumpre muito bem o \u2018\u2018dever de casa\u2019\u2019. \u00c9 poss\u00edvel acompanhar no caderno de campo Consultec Leite fornecido pela Emater-RO, os cuidados e a aten\u00e7\u00e3o dos registros de n\u00famero de animais, ordenhas, produ\u00e7\u00e3o di\u00e1ria, clima, irriga\u00e7\u00e3o e demais anota\u00e7\u00f5es que ajudam a m\u00e9dica veterin\u00e1ria da Emater-RO, Nat\u00e1lia Lira, respons\u00e1vel pela consultoria t\u00e9cnica da propriedade, no desenvolvimento de diagn\u00f3stico mais preciso e elabora\u00e7\u00e3o de plano de a\u00e7\u00e3o eficiente e adaptado a cada realidade.<\/p>\n\n\n\n<p>Com o ajuste da irriga\u00e7\u00e3o e aduba\u00e7\u00e3o do pasto da propriedade da fam\u00edlia, orientado pela Emater-RO, as vacas passaram a se alimentar melhor e a produzir mais, onde antes era um solo duro e compactado. A gest\u00e3o da propriedade tamb\u00e9m passou por aperfei\u00e7oamento. \u2018\u2018Nunca mais o leite fechou no vermelho, agora s\u00f3 fecha no azul, da cor do c\u00e9u que aben\u00e7oa a produ\u00e7\u00e3o, que segue rumo ao progresso a cada dia\u2019\u2019, afirmou o produtor.<\/p>\n\n\n\n<p><strong>VIRANDO A P\u00c1GINA<\/strong><br>O caderninho do Consultec Leite n\u00e3o sai da m\u00e3o do produtor, pois para ele foi um grande incentivador para a \u201cvirada\u201d de p\u00e1gina de uma realidade dif\u00edcil para uma vida com mais conquistas e qualidade. O escrit\u00f3rio dele \u00e9 na varanda de casa, onde analisa com aten\u00e7\u00e3o cada informa\u00e7\u00e3o e orienta\u00e7\u00e3o para colocar em pr\u00e1tica. De l\u00e1 ele tem uma vista privilegiada para a agroind\u00fastria ao lado da resid\u00eancia e o pasto com as vacas leiteiras que, al\u00e9m de ser cercado por um jardim florido para agradar a esposa, que ama flores, \u00e9 ela quem tem nas m\u00e3os o segredo para produzir iogurtes t\u00e3o saborosos.<br>Chac\u00e1ra da Grota<\/p>\n\n\n<div class=\"wp-block-image\">\n<figure class=\"alignright size-large is-resized\"><img decoding=\"async\" loading=\"lazy\" src=\"http:\/\/www.emater.ro.gov.br\/ematerro\/wp-content\/uploads\/2025\/07\/20250718-emater_alta-floresta-doeste_10072025_fotos-frank-nery-90-1024x683.jpg\" alt=\"\" class=\"wp-image-17688\" width=\"435\" height=\"291\" srcset=\"http:\/\/www.emater.ro.gov.br\/ematerro\/wp-content\/uploads\/2025\/07\/20250718-emater_alta-floresta-doeste_10072025_fotos-frank-nery-90-1024x683.jpg 1024w, http:\/\/www.emater.ro.gov.br\/ematerro\/wp-content\/uploads\/2025\/07\/20250718-emater_alta-floresta-doeste_10072025_fotos-frank-nery-90-300x200.jpg 300w, http:\/\/www.emater.ro.gov.br\/ematerro\/wp-content\/uploads\/2025\/07\/20250718-emater_alta-floresta-doeste_10072025_fotos-frank-nery-90-768x512.jpg 768w, http:\/\/www.emater.ro.gov.br\/ematerro\/wp-content\/uploads\/2025\/07\/20250718-emater_alta-floresta-doeste_10072025_fotos-frank-nery-90-480x320.jpg 480w, http:\/\/www.emater.ro.gov.br\/ematerro\/wp-content\/uploads\/2025\/07\/20250718-emater_alta-floresta-doeste_10072025_fotos-frank-nery-90.jpg 1280w\" sizes=\"(max-width: 435px) 100vw, 435px\" \/><figcaption class=\"wp-element-caption\"><em><strong><sup>Ch\u00e1cara da Grota \u00e9 repleta de produ\u00e7\u00f5es incentivadas pela Emater-RO<\/sup><\/strong><\/em><\/figcaption><\/figure><\/div>\n\n\n<p>Ademar Eggert \u00e9 natural do Esp\u00edrito Santo, \u00e9 de fam\u00edlia pomerana, mas tem um carinho especial por Rond\u00f4nia, a terra que acolheu sua fam\u00edlia e deu oportunidades para uma vida melhor. Na ch\u00e1cara da Grota, ele construiu um lugar especial para a esposa e os dois filhos e uma trajet\u00f3ria cheia de alegrias.<\/p>\n\n\n\n<p>Al\u00e9m da pecu\u00e1ria de leite com 23 vacas e um touro, e da agroind\u00fastria, que inclusive recebeu uma iogurteira de doa\u00e7\u00e3o do governo de Rond\u00f4nia, o ambiente \u00e9 cheio de citros, caf\u00e9, cria\u00e7\u00e3o de galinha, porcos e peixes, incentivados pela Emater-RO. \u2018\u2018Quando viemos do Esp\u00edrito Santo n\u00e3o t\u00ednhamos grandes coisas, mas para n\u00f3s foi bom ter vindo h\u00e1 mais de 30 anos para Rond\u00f4nia. Gra\u00e7as a essa terra, o apoio e o nosso esfor\u00e7o estamos em uma situa\u00e7\u00e3o boa\u2019\u2019, disse o produtor.<\/p>\n\n\n\n<p><strong>NOVO ESCRIT\u00d3RIO DA EMATER-RO<\/strong><br>E mais uma conquista para a fam\u00edlia do produtor e para todos que produzem em Alta Floresta d\u2019Oeste aconteceu recentemente com a entrega do novo pr\u00e9dio da Emater-RO, composto de uma estrutura moderna, acess\u00edvel e mais confort\u00e1vel para os servidores e para fortalecer o atendimento aos produtores rurais. O escrit\u00f3rio est\u00e1 localizado na Avenida S\u00e3o Paulo, n\u00ba 4.106, Bairro Santa Felicidade, e conta com uma recep\u00e7\u00e3o acolhedora, sala ampla para atendimento dos produtores, audit\u00f3rio e ambiente para reuni\u00f5es climatizados, evidenciando, assim a valoriza\u00e7\u00e3o do governo de Rond\u00f4nia com quem produz no estado.<\/p>\n\n\n\n<p class=\"has-text-align-right\"><strong><em><sup>Texto: Vanessa Moura<br>Fotos: Frank N\u00e9ry<br>Secom &#8211; Governo de Rond\u00f4nia<\/sup><\/em><\/strong><\/p>\n","protected":false},"excerpt":{"rendered":"<p>H\u00e1 uns quatro anos faltava leite para abastecer a agroind\u00fastria de iogurtes do produtor rural Ademar Eggert e sua fam\u00edlia. As vacas s\u00f3 davam de 8 a no m\u00e1ximo 12 [&hellip;]<\/p>\n","protected":false},"author":9,"featured_media":17689,"comment_status":"closed","ping_status":"closed","sticky":false,"template":"","format":"standard","meta":[],"categories":[10,9,12],"tags":[],"_links":{"self":[{"href":"http:\/\/www.emater.ro.gov.br\/ematerro\/wp-json\/wp\/v2\/posts\/17684"}],"collection":[{"href":"http:\/\/www.emater.ro.gov.br\/ematerro\/wp-json\/wp\/v2\/posts"}],"about":[{"href":"http:\/\/www.emater.ro.gov.br\/ematerro\/wp-json\/wp\/v2\/types\/post"}],"author":[{"embeddable":true,"href":"http:\/\/www.emater.ro.gov.br\/ematerro\/wp-json\/wp\/v2\/users\/9"}],"replies":[{"embeddable":true,"href":"http:\/\/www.emater.ro.gov.br\/ematerro\/wp-json\/wp\/v2\/comments?post=17684"}],"version-history":[{"count":1,"href":"http:\/\/www.emater.ro.gov.br\/ematerro\/wp-json\/wp\/v2\/posts\/17684\/revisions"}],"predecessor-version":[{"id":17690,"href":"http:\/\/www.emater.ro.gov.br\/ematerro\/wp-json\/wp\/v2\/posts\/17684\/revisions\/17690"}],"wp:featuredmedia":[{"embeddable":true,"href":"http:\/\/www.emater.ro.gov.br\/ematerro\/wp-json\/wp\/v2\/media\/17689"}],"wp:attachment":[{"href":"http:\/\/www.emater.ro.gov.br\/ematerro\/wp-json\/wp\/v2\/media?parent=17684"}],"wp:term":[{"taxonomy":"category","embeddable":true,"href":"http:\/\/www.emater.ro.gov.br\/ematerro\/wp-json\/wp\/v2\/categories?post=17684"},{"taxonomy":"post_tag","embeddable":true,"href":"http:\/\/www.emater.ro.gov.br\/ematerro\/wp-json\/wp\/v2\/tags?post=17684"}],"curies":[{"name":"wp","href":"https:\/\/api.w.org\/{rel}","templated":true}]}}