{"id":17602,"date":"2025-07-18T11:37:20","date_gmt":"2025-07-18T15:37:20","guid":{"rendered":"http:\/\/www.emater.ro.gov.br\/ematerro\/?p=17602"},"modified":"2025-07-18T09:33:45","modified_gmt":"2025-07-18T13:33:45","slug":"governo-de-ro-promove-desenvolvimento-social-em-nova-california-com-apoio-da-emater-ro-e-seas","status":"publish","type":"post","link":"http:\/\/www.emater.ro.gov.br\/ematerro\/2025\/07\/18\/governo-de-ro-promove-desenvolvimento-social-em-nova-california-com-apoio-da-emater-ro-e-seas\/","title":{"rendered":"Governo de RO promove desenvolvimento social em Nova Calif\u00f3rnia com apoio da Emater-RO e Seas"},"content":{"rendered":"<div class=\"wp-block-image\">\n<figure class=\"aligncenter size-large\"><img decoding=\"async\" loading=\"lazy\" width=\"1024\" height=\"691\" src=\"http:\/\/www.emater.ro.gov.br\/ematerro\/wp-content\/uploads\/2025\/07\/20250716-07jul2025-11-acao-social_nova-california_rayne-andrade-7-1024x691.jpg\" alt=\"\" class=\"wp-image-17616\" srcset=\"http:\/\/www.emater.ro.gov.br\/ematerro\/wp-content\/uploads\/2025\/07\/20250716-07jul2025-11-acao-social_nova-california_rayne-andrade-7-1024x691.jpg 1024w, http:\/\/www.emater.ro.gov.br\/ematerro\/wp-content\/uploads\/2025\/07\/20250716-07jul2025-11-acao-social_nova-california_rayne-andrade-7-300x203.jpg 300w, http:\/\/www.emater.ro.gov.br\/ematerro\/wp-content\/uploads\/2025\/07\/20250716-07jul2025-11-acao-social_nova-california_rayne-andrade-7-768x519.jpg 768w, http:\/\/www.emater.ro.gov.br\/ematerro\/wp-content\/uploads\/2025\/07\/20250716-07jul2025-11-acao-social_nova-california_rayne-andrade-7.jpg 1333w\" sizes=\"(max-width: 1024px) 100vw, 1024px\" \/><figcaption class=\"wp-element-caption\"><strong><em><sup>Os programas de assist\u00eancia social s\u00e3o muito importantes para o desenvolvimento das fam\u00edlias<\/sup><\/em><\/strong><\/figcaption><\/figure><\/div>\n\n\n<p>Distante mais de 300 quil\u00f4metros da capital Porto Velho, o distrito de Nova Calif\u00f3rnia recebe aten\u00e7\u00e3o especial no atendimento \u00e0s pol\u00edticas p\u00fablicas voltadas para o bem-estar das pessoas que ali vivem. Capitaneada pela Secretaria de Estado da Mulher, da Fam\u00edlia, da Assist\u00eancia e do Desenvolvimento Social (Seas) e executada no campo pela Entidade Aut\u00e1rquica de Assist\u00eancia T\u00e9cnica e Extens\u00e3o Rural (Emater-RO), programas como \u201cmam\u00e3e cheguei\u201d e \u201ccrescendo bem\u201d garantem a dignidade das fam\u00edlias em situa\u00e7\u00e3o de vulnerabilidade.<\/p>\n\n\n\n<p>Durante visita ao distrito realizada no \u00faltimo dia 11 de julho, a secret\u00e1ria da Seas, Luana Rocha, acompanhada de t\u00e9cnicos da Emater-RO, conversou com a comunidade para falar sobre os benef\u00edcios das pol\u00edticas p\u00fablicas de governo para a redu\u00e7\u00e3o das desigualdades e resgate da dignidade humana, principalmente das fam\u00edlias que se encontram em situa\u00e7\u00e3o de risco social. Para a secret\u00e1ria, \u00e9 importantes dar oportunidade para que as pessoas possam prosperar e n\u00e3o precisar mais da assist\u00eancia social. \u201c\u00c9 s\u00f3 um momento de necessidade, uma ajuda para que as pessoas possam ter ajuda e superar essa necessidade\u201d, explica.<\/p>\n\n\n\n<p>Nesse contexto, a Emater-RO tem um papel essencial. Por meio de uma a\u00e7\u00e3o conjunta com as Seas, as fam\u00edlias rurais s\u00e3o beneficiadas com os programas sociais. A extensionista social da Emater-RO em Nova Calif\u00f3rnia, Ang\u00e9lica Copetti, explica que s\u00e3o atendidas fam\u00edlias de extrema necessidade que j\u00e1 se encontram cadastradas no Cad\u00danico, o cadastro \u00fanico para programas sociais. \u201cA Emater faz esse trabalho de atender a comunidade rural com o programa e, devido a regi\u00e3o da ponta do Abun\u00e3 ser distante da capital, n\u00f3s abrimos exce\u00e7\u00e3o e atendemos tamb\u00e9m as fam\u00edlias urbanas.\u201d<\/p>\n\n\n<div class=\"wp-block-image\">\n<figure class=\"alignright size-large is-resized\"><img decoding=\"async\" loading=\"lazy\" src=\"http:\/\/www.emater.ro.gov.br\/ematerro\/wp-content\/uploads\/2025\/07\/20250716-mamaecheguei_novacalifornia_thaissabrandao2-1024x682.jpeg\" alt=\"\" class=\"wp-image-17644\" width=\"479\" height=\"319\" srcset=\"http:\/\/www.emater.ro.gov.br\/ematerro\/wp-content\/uploads\/2025\/07\/20250716-mamaecheguei_novacalifornia_thaissabrandao2-1024x682.jpeg 1024w, http:\/\/www.emater.ro.gov.br\/ematerro\/wp-content\/uploads\/2025\/07\/20250716-mamaecheguei_novacalifornia_thaissabrandao2-300x200.jpeg 300w, http:\/\/www.emater.ro.gov.br\/ematerro\/wp-content\/uploads\/2025\/07\/20250716-mamaecheguei_novacalifornia_thaissabrandao2-768x512.jpeg 768w, http:\/\/www.emater.ro.gov.br\/ematerro\/wp-content\/uploads\/2025\/07\/20250716-mamaecheguei_novacalifornia_thaissabrandao2-480x320.jpeg 480w, http:\/\/www.emater.ro.gov.br\/ematerro\/wp-content\/uploads\/2025\/07\/20250716-mamaecheguei_novacalifornia_thaissabrandao2.jpeg 1280w\" sizes=\"(max-width: 479px) 100vw, 479px\" \/><figcaption class=\"wp-element-caption\"><strong><em><sup>Assist\u00eancia direta \u00e0s mam\u00e3es gestantes com distribui\u00e7\u00e3o de kits para o bem estar do beb\u00ea<\/sup><\/em><\/strong><\/figcaption><\/figure><\/div>\n\n\n<p><strong>POL\u00cdTICAS P\u00daBLICAS<\/strong><br>Os programas de assist\u00eancia social s\u00e3o muito importantes para o desenvolvimento das fam\u00edlias de baixa renda, principalmente nas regi\u00f5es mais distantes, como \u00e9 o caso do distrito de Nova Calif\u00f3rnia. O Programa \u201cMam\u00e3e Cheguei\u201d, por exemplo, presta assist\u00eancia direta \u00e0s mam\u00e3es gestantes com distribui\u00e7\u00e3o de kits que incluem fraldas, roupinhas de beb\u00ea, itens de higiene, uma banheira e outros produtos essenciais para os primeiros dias do beb\u00ea. \u201cNesta visita conseguimos atender 24 mam\u00e3es, inclusive algumas j\u00e1 estavam com beb\u00ea no colo\u201d, mas j\u00e1 entregamos mais de 70 kits aqui\u201d, conta a extensionista.<\/p>\n\n\n\n<p>O programa \u201cCrescendo Bem\u201d \u00e9 outra a\u00e7\u00e3o vinculada \u00e0 Seas que conta com o apoio da Emater-RO para execu\u00e7\u00e3o no campo. Este programa oferece apoio financeiro tempor\u00e1rio a fam\u00edlias em situa\u00e7\u00e3o de vulnerabilidade social e econ\u00f4mica, inseridas em programas de primeira inf\u00e2ncia do Sistema \u00danico da Assist\u00eancia Social (Suas). O programa atende crian\u00e7as de zero a seis anos e gestantes e tem por objetivo promover a melhoria na qualidade de vida das fam\u00edlias principalmente no que se refere ao v\u00ednculo familiar e ao desenvolvimento infantil.<\/p>\n\n\n\n<p>Para o governador de Rond\u00f4nia, Marcos Rocha, proteger as fam\u00edlias em situa\u00e7\u00e3o de vulnerabilidade \u00e9 muito importante para que elas possam se desenvolver com dignidade. \u00c9 preciso garantir tranquilidade e bem-estar \u00e0s futuras mam\u00e3es, e fortalecer o desenvolvimento infantil com pol\u00edticas que promovam a melhoria da qualidade de vida dessas fam\u00edlias\u201d, diz o governador.<\/p>\n\n\n\n<p>A execu\u00e7\u00e3o de pol\u00edticas p\u00fablicas em regi\u00f5es distantes, como Nova Calif\u00f3rnia, refor\u00e7a o compromisso do Governo de Rond\u00f4nia com a inclus\u00e3o social e o cuidado com quem mais precisa. A parceria entre a Seas e a Emater-RO tem sido fundamental para garantir que esses benef\u00edcios cheguem \u00e0s fam\u00edlias, fortalecendo os la\u00e7os comunit\u00e1rios e promovendo um futuro com mais dignidade, seguran\u00e7a e oportunidades. Com a\u00e7\u00f5es como essas, o Governo de Rond\u00f4nia reafirma seu papel como agente de transforma\u00e7\u00e3o social em todo o estado.<\/p>\n\n\n\n<p class=\"has-text-align-right\"><strong><em><sup>Texto: Wania Ressutti<br>Jornalista \u2013 MTE-1744\/RO<br>Fotos: Rayne A. Freire<br>EMATER-RO<\/sup><\/em><\/strong><\/p>\n","protected":false},"excerpt":{"rendered":"<p>Governo de Rond\u00f4nia, por meio da Seas e com apoio da Emater-RO, leva programas voltadas \u00e0 inclus\u00e3o social e ao fortalecimento das fam\u00edlias em situa\u00e7\u00e3o de vulnerabilidade ao distrito de Nova Calif\u00f3rnia, garantindo apoio essencial \u00e0s gestantes, crian\u00e7as em desenvolvimento.<\/p>\n","protected":false},"author":9,"featured_media":17646,"comment_status":"closed","ping_status":"closed","sticky":false,"template":"","format":"standard","meta":[],"categories":[10,9,12],"tags":[],"_links":{"self":[{"href":"http:\/\/www.emater.ro.gov.br\/ematerro\/wp-json\/wp\/v2\/posts\/17602"}],"collection":[{"href":"http:\/\/www.emater.ro.gov.br\/ematerro\/wp-json\/wp\/v2\/posts"}],"about":[{"href":"http:\/\/www.emater.ro.gov.br\/ematerro\/wp-json\/wp\/v2\/types\/post"}],"author":[{"embeddable":true,"href":"http:\/\/www.emater.ro.gov.br\/ematerro\/wp-json\/wp\/v2\/users\/9"}],"replies":[{"embeddable":true,"href":"http:\/\/www.emater.ro.gov.br\/ematerro\/wp-json\/wp\/v2\/comments?post=17602"}],"version-history":[{"count":3,"href":"http:\/\/www.emater.ro.gov.br\/ematerro\/wp-json\/wp\/v2\/posts\/17602\/revisions"}],"predecessor-version":[{"id":17681,"href":"http:\/\/www.emater.ro.gov.br\/ematerro\/wp-json\/wp\/v2\/posts\/17602\/revisions\/17681"}],"wp:featuredmedia":[{"embeddable":true,"href":"http:\/\/www.emater.ro.gov.br\/ematerro\/wp-json\/wp\/v2\/media\/17646"}],"wp:attachment":[{"href":"http:\/\/www.emater.ro.gov.br\/ematerro\/wp-json\/wp\/v2\/media?parent=17602"}],"wp:term":[{"taxonomy":"category","embeddable":true,"href":"http:\/\/www.emater.ro.gov.br\/ematerro\/wp-json\/wp\/v2\/categories?post=17602"},{"taxonomy":"post_tag","embeddable":true,"href":"http:\/\/www.emater.ro.gov.br\/ematerro\/wp-json\/wp\/v2\/tags?post=17602"}],"curies":[{"name":"wp","href":"https:\/\/api.w.org\/{rel}","templated":true}]}}