{"id":17568,"date":"2025-07-14T09:35:19","date_gmt":"2025-07-14T13:35:19","guid":{"rendered":"http:\/\/www.emater.ro.gov.br\/ematerro\/?p=17568"},"modified":"2025-07-14T09:36:03","modified_gmt":"2025-07-14T13:36:03","slug":"governo-de-rondonia-entrega-novo-escritorio-da-emater-ro-em-alta-floresta-do-oeste-e-reforca-apoio-a-agricultura-familiar","status":"publish","type":"post","link":"http:\/\/www.emater.ro.gov.br\/ematerro\/2025\/07\/14\/governo-de-rondonia-entrega-novo-escritorio-da-emater-ro-em-alta-floresta-do-oeste-e-reforca-apoio-a-agricultura-familiar\/","title":{"rendered":"Governo de Rond\u00f4nia entrega novo escrit\u00f3rio da Emater-RO em Alta Floresta do Oeste e refor\u00e7a apoio \u00e0 agricultura familiar"},"content":{"rendered":"<div class=\"wp-block-image\">\n<figure class=\"aligncenter size-large\"><img decoding=\"async\" loading=\"lazy\" width=\"1024\" height=\"683\" src=\"http:\/\/www.emater.ro.gov.br\/ematerro\/wp-content\/uploads\/2025\/07\/20250714-07jul2025-11-inauguracao-novo-esloc-alta-floresta_002_frank-nery-1024x683.jpeg\" alt=\"\" class=\"wp-image-17580\" srcset=\"http:\/\/www.emater.ro.gov.br\/ematerro\/wp-content\/uploads\/2025\/07\/20250714-07jul2025-11-inauguracao-novo-esloc-alta-floresta_002_frank-nery-1024x683.jpeg 1024w, http:\/\/www.emater.ro.gov.br\/ematerro\/wp-content\/uploads\/2025\/07\/20250714-07jul2025-11-inauguracao-novo-esloc-alta-floresta_002_frank-nery-300x200.jpeg 300w, http:\/\/www.emater.ro.gov.br\/ematerro\/wp-content\/uploads\/2025\/07\/20250714-07jul2025-11-inauguracao-novo-esloc-alta-floresta_002_frank-nery-768x512.jpeg 768w, http:\/\/www.emater.ro.gov.br\/ematerro\/wp-content\/uploads\/2025\/07\/20250714-07jul2025-11-inauguracao-novo-esloc-alta-floresta_002_frank-nery-480x320.jpeg 480w, http:\/\/www.emater.ro.gov.br\/ematerro\/wp-content\/uploads\/2025\/07\/20250714-07jul2025-11-inauguracao-novo-esloc-alta-floresta_002_frank-nery.jpeg 1280w\" sizes=\"(max-width: 1024px) 100vw, 1024px\" \/><figcaption class=\"wp-element-caption\"><strong><em><sup>Mais conforto para os servidores e efici\u00eancia no atendimento \u00e0 fam\u00edlia rural<\/sup><\/em><\/strong><\/figcaption><\/figure><\/div>\n\n\n<p>A Entidade Aut\u00e1rquica de Assist\u00eancia T\u00e9cnica e Extens\u00e3o Rural do Estado de Rond\u00f4nia (Emater-RO) ganhou um novo escrit\u00f3rio em Alta Floresta do Oeste, entregue nesta quinta-feira (10) pelo Governo de Rond\u00f4nia. A obra fortalece o apoio \u00e0 agricultura familiar e beneficia mais de 1.500 fam\u00edlias rurais da regi\u00e3o.<\/p>\n\n\n\n<p>Com investimento de R$ 1,6 milh\u00e3o, a nova sede oferece estrutura moderna, acess\u00edvel e climatizada, com recep\u00e7\u00e3o, salas de atendimento, audit\u00f3rio e espa\u00e7os para reuni\u00f5es. Localizado na Avenida S\u00e3o Paulo, n\u00ba 4106, bairro Santa Felicidade, o pr\u00e9dio refor\u00e7a a presen\u00e7a t\u00e9cnica da Emater-RO em uma das regi\u00f5es com maior potencial produtivo do estado, destacando-se pela cafeicultura, bovinocultura, piscicultura e agroindustrializa\u00e7\u00e3o.<\/p>\n\n\n\n<p>Durante a cerim\u00f4nia, o governador Marcos Rocha afirmou que a nova estrutura simboliza o compromisso do Estado com o desenvolvimento rural. \u201cO novo escrit\u00f3rio da Emater em Alta Floresta do Oeste mostra o compromisso do Governo de Rond\u00f4nia em contribuir para prosperar ainda mais com a produ\u00e7\u00e3o de alimentos na cidade, e contribuir com o desenvolvimento do munic\u00edpio e do estado. Estamos fortalecendo a Emater para fortalecer os produtores e as produ\u00e7\u00f5es do campo. Exemplo disso foi a cria\u00e7\u00e3o da lei este ano que permite que a Emater tenha mais recursos para desenvolver as pol\u00edticas p\u00fablicas que fazem a diferen\u00e7a no setor produtivo rondoniense\u201d, destacou.<\/p>\n\n\n\n<p><strong>NOVA ESTRUTURA<\/strong><br>Para o diretor-presidente da Emater-RO, Luciano Brand\u00e3o, a entrega do novo pr\u00e9dio soma-se a uma s\u00e9rie de a\u00e7\u00f5es que v\u00eam modernizando a entidade em todo o estado. \u201cO antigo pr\u00e9dio era velho, prec\u00e1rio e t\u00e3o insalubre que tivemos que alugar outro lugar. Agora, com essa entrega, o governo est\u00e1 fazendo hist\u00f3ria para a agricultura do munic\u00edpio, fortalecendo a assist\u00eancia t\u00e9cnica com novas estruturas, ve\u00edculos, mobili\u00e1rio e gratifica\u00e7\u00f5es aos profissionais\u201d, ressaltou.<\/p>\n\n\n<div class=\"wp-block-image\">\n<figure class=\"alignright size-large is-resized\"><img decoding=\"async\" loading=\"lazy\" src=\"http:\/\/www.emater.ro.gov.br\/ematerro\/wp-content\/uploads\/2025\/07\/20250714-07jul2025-11-inauguracao-novo-esloc-alta-floresta_004_frank-nery-1024x682.jpeg\" alt=\"\" class=\"wp-image-17581\" width=\"461\" height=\"307\" srcset=\"http:\/\/www.emater.ro.gov.br\/ematerro\/wp-content\/uploads\/2025\/07\/20250714-07jul2025-11-inauguracao-novo-esloc-alta-floresta_004_frank-nery-1024x682.jpeg 1024w, http:\/\/www.emater.ro.gov.br\/ematerro\/wp-content\/uploads\/2025\/07\/20250714-07jul2025-11-inauguracao-novo-esloc-alta-floresta_004_frank-nery-300x200.jpeg 300w, http:\/\/www.emater.ro.gov.br\/ematerro\/wp-content\/uploads\/2025\/07\/20250714-07jul2025-11-inauguracao-novo-esloc-alta-floresta_004_frank-nery-768x512.jpeg 768w, http:\/\/www.emater.ro.gov.br\/ematerro\/wp-content\/uploads\/2025\/07\/20250714-07jul2025-11-inauguracao-novo-esloc-alta-floresta_004_frank-nery-480x320.jpeg 480w, http:\/\/www.emater.ro.gov.br\/ematerro\/wp-content\/uploads\/2025\/07\/20250714-07jul2025-11-inauguracao-novo-esloc-alta-floresta_004_frank-nery.jpeg 1280w\" sizes=\"(max-width: 461px) 100vw, 461px\" \/><figcaption class=\"wp-element-caption\"><em><strong><sup>Compromisso do Governo de Rond\u00f4nia com o desenvolvimento da agricultura familiar<\/sup><\/strong><\/em><\/figcaption><\/figure><\/div>\n\n\n<p>O gerente local da Emater-RO, Devanil de Souza, enfatizou o impacto direto da nova estrutura sobre o atendimento aos produtores. \u201cO novo escrit\u00f3rio vem trazer mais conforto para os nossos servidores e agricultores, um melhor atendimento, pois tudo se inicia aqui nesse escrit\u00f3rio\u201d, afirmou.<\/p>\n\n\n\n<p>A cerim\u00f4nia de inaugura\u00e7\u00e3o reuniu produtores, servidores e autoridades, entre elas a primeira-dama Luana Rocha, que destacou o acolhimento oferecido aos agricultores, e o secret\u00e1rio-chefe da Casa Civil e da Secretaria de Estado de Obras e Servi\u00e7os P\u00fablicos (Seosp), Elias Rezende, que classificou a entrega como \u201ca colheita de um pr\u00e9dio novo para a Emater-RO no munic\u00edpio\u201d.<\/p>\n\n\n\n<p>De acordo com o gerente regional da Zona da Mata, Paulo Henrique Cust\u00f3dio, a nova sede representa a realiza\u00e7\u00e3o de um sonho. \u201cN\u00f3s t\u00ednhamos um pr\u00e9dio prec\u00e1rio, onde n\u00e3o havia boas condi\u00e7\u00f5es nem para os servidores e nem para receber os agricultores. O sentimento \u00e9 de muita gratid\u00e3o ao Governo do Estado por proporcionar esse sonho. Com esse pr\u00e9dio maravilhoso, vamos trabalhar todos os programas de pol\u00edticas p\u00fablicas do estado voltados aos produtores rurais, como o Plante Mais, Mais Calc\u00e1rio, Consultec, Ater Ind\u00edgena, entre outras a\u00e7\u00f5es.\u201d<\/p>\n\n\n\n<p><strong>ASSIST\u00caNCIA T\u00c9CNICA VALORIZADA<\/strong><br>O impacto da assist\u00eancia t\u00e9cnica tamb\u00e9m foi destacado por produtores atendidos pela Emater-RO. Ademar Egger, propriet\u00e1rio de uma agroind\u00fastria de iogurtes, contou que o apoio da entidade transformou sua produ\u00e7\u00e3o. \u201cO atendimento era bom, mas o ambiente n\u00e3o era adequado. Agora, o novo pr\u00e9dio est\u00e1 bel\u00edssimo, o m\u00e1ximo, confort\u00e1vel e acess\u00edvel. Com a orienta\u00e7\u00e3o t\u00e9cnica, nossa produ\u00e7\u00e3o de leite quase dobrou\u201d, contou.<\/p>\n\n\n<div class=\"wp-block-image\">\n<figure class=\"alignleft size-large is-resized\"><img decoding=\"async\" loading=\"lazy\" src=\"http:\/\/www.emater.ro.gov.br\/ematerro\/wp-content\/uploads\/2025\/07\/20250714-secagem-001-1024x692.jpg\" alt=\"\" class=\"wp-image-17582\" width=\"455\" height=\"307\" srcset=\"http:\/\/www.emater.ro.gov.br\/ematerro\/wp-content\/uploads\/2025\/07\/20250714-secagem-001-1024x692.jpg 1024w, http:\/\/www.emater.ro.gov.br\/ematerro\/wp-content\/uploads\/2025\/07\/20250714-secagem-001-300x203.jpg 300w, http:\/\/www.emater.ro.gov.br\/ematerro\/wp-content\/uploads\/2025\/07\/20250714-secagem-001-768x519.jpg 768w, http:\/\/www.emater.ro.gov.br\/ematerro\/wp-content\/uploads\/2025\/07\/20250714-secagem-001.jpg 1275w\" sizes=\"(max-width: 455px) 100vw, 455px\" \/><figcaption class=\"wp-element-caption\"><em><strong><sup>Lavouras mais produtivas com apoio das pol\u00edticas p\u00fablicas de governo<\/sup><\/strong><\/em><\/figcaption><\/figure><\/div>\n\n\n<p>J\u00e1 o casal de cafeicultores Silvani Alves Ferreira e Maur\u00edcio Gomes da Concei\u00e7\u00e3o, benefici\u00e1rios do programa Plante Mais, tamb\u00e9m celebra o novo momento. Eles est\u00e3o prosperando com uma cafeicultura cada vez mais produtiva. Uma das lavouras deles \u00e9 proveniente da doa\u00e7\u00e3o de mudas de caf\u00e9s clonais do programa Plante Mais do Governo de Rond\u00f4nia &#8211; desenvolvido pela Secretaria de Estado da Agricultura (Seagri) e levado at\u00e9 o produtor pela Emater-RO. &#8220;Para a gente, a presen\u00e7a da Emater em nossas vidas \u00e9 motivo de alegria, evolu\u00edmos muito com esse apoio do Governo de Rond\u00f4nia\u201d, relataram.<\/p>\n\n\n\n<p>Com a entrega, o Governo de Rond\u00f4nia reafirma seu compromisso com o fortalecimento da agricultura familiar e o desenvolvimento rural sustent\u00e1vel, garantindo aos produtores acesso qualificado a pol\u00edticas p\u00fablicas, inova\u00e7\u00e3o e tecnologias que impulsionam o setor agropecu\u00e1rio.<\/p>\n\n\n\n<p class=\"has-text-align-right\"><strong><em><sup>Texto: Wania Ressutti<br>Jornalista \u2013 MTE-1744\/RO<br>Fotos: Frank Neri<br>EMATER-RO<\/sup><\/em><\/strong><\/p>\n","protected":false},"excerpt":{"rendered":"<p>Com investimento de mais de R$ 1,5 milh\u00e3o, o Governo de Rond\u00f4nia entregou \u00e0 popula\u00e7\u00e3o o novo escrit\u00f3rio da Emater-RO em Alta Floresta do Oeste, refor\u00e7ando o compromisso com o fortalecimento da agricultura familiar. A nova estrutura vai atender com mais qualidade as mais de 1.500 fam\u00edlias rurais da regi\u00e3o, oferecendo um espa\u00e7o moderno, funcional e voltado \u00e0 promo\u00e7\u00e3o do desenvolvimento sustent\u00e1vel no campo.<\/p>\n","protected":false},"author":9,"featured_media":17584,"comment_status":"closed","ping_status":"closed","sticky":false,"template":"","format":"standard","meta":[],"categories":[10,9,12],"tags":[],"_links":{"self":[{"href":"http:\/\/www.emater.ro.gov.br\/ematerro\/wp-json\/wp\/v2\/posts\/17568"}],"collection":[{"href":"http:\/\/www.emater.ro.gov.br\/ematerro\/wp-json\/wp\/v2\/posts"}],"about":[{"href":"http:\/\/www.emater.ro.gov.br\/ematerro\/wp-json\/wp\/v2\/types\/post"}],"author":[{"embeddable":true,"href":"http:\/\/www.emater.ro.gov.br\/ematerro\/wp-json\/wp\/v2\/users\/9"}],"replies":[{"embeddable":true,"href":"http:\/\/www.emater.ro.gov.br\/ematerro\/wp-json\/wp\/v2\/comments?post=17568"}],"version-history":[{"count":8,"href":"http:\/\/www.emater.ro.gov.br\/ematerro\/wp-json\/wp\/v2\/posts\/17568\/revisions"}],"predecessor-version":[{"id":17585,"href":"http:\/\/www.emater.ro.gov.br\/ematerro\/wp-json\/wp\/v2\/posts\/17568\/revisions\/17585"}],"wp:featuredmedia":[{"embeddable":true,"href":"http:\/\/www.emater.ro.gov.br\/ematerro\/wp-json\/wp\/v2\/media\/17584"}],"wp:attachment":[{"href":"http:\/\/www.emater.ro.gov.br\/ematerro\/wp-json\/wp\/v2\/media?parent=17568"}],"wp:term":[{"taxonomy":"category","embeddable":true,"href":"http:\/\/www.emater.ro.gov.br\/ematerro\/wp-json\/wp\/v2\/categories?post=17568"},{"taxonomy":"post_tag","embeddable":true,"href":"http:\/\/www.emater.ro.gov.br\/ematerro\/wp-json\/wp\/v2\/tags?post=17568"}],"curies":[{"name":"wp","href":"https:\/\/api.w.org\/{rel}","templated":true}]}}