{"id":17557,"date":"2025-07-11T12:20:00","date_gmt":"2025-07-11T16:20:00","guid":{"rendered":"http:\/\/www.emater.ro.gov.br\/ematerro\/?p=17557"},"modified":"2025-07-11T09:14:19","modified_gmt":"2025-07-11T13:14:19","slug":"emater-ro-promove-capacitacao-em-manejo-de-gado-de-leite-com-foco-em-tecnologia-e-sustentabilidade","status":"publish","type":"post","link":"http:\/\/www.emater.ro.gov.br\/ematerro\/2025\/07\/11\/emater-ro-promove-capacitacao-em-manejo-de-gado-de-leite-com-foco-em-tecnologia-e-sustentabilidade\/","title":{"rendered":"Emater-RO promove capacita\u00e7\u00e3o em manejo de gado de leite com foco em tecnologia e sustentabilidade"},"content":{"rendered":"<div class=\"wp-block-image\">\n<figure class=\"aligncenter size-large\"><img decoding=\"async\" loading=\"lazy\" width=\"1024\" height=\"691\" src=\"http:\/\/www.emater.ro.gov.br\/ematerro\/wp-content\/uploads\/2025\/07\/20250710-07jul2025-7a11-curso-manejo-de-gado-de-leite_rayne-andrade-8-1024x691.jpg\" alt=\"\" class=\"wp-image-17560\" srcset=\"http:\/\/www.emater.ro.gov.br\/ematerro\/wp-content\/uploads\/2025\/07\/20250710-07jul2025-7a11-curso-manejo-de-gado-de-leite_rayne-andrade-8-1024x691.jpg 1024w, http:\/\/www.emater.ro.gov.br\/ematerro\/wp-content\/uploads\/2025\/07\/20250710-07jul2025-7a11-curso-manejo-de-gado-de-leite_rayne-andrade-8-300x203.jpg 300w, http:\/\/www.emater.ro.gov.br\/ematerro\/wp-content\/uploads\/2025\/07\/20250710-07jul2025-7a11-curso-manejo-de-gado-de-leite_rayne-andrade-8-768x518.jpg 768w, http:\/\/www.emater.ro.gov.br\/ematerro\/wp-content\/uploads\/2025\/07\/20250710-07jul2025-7a11-curso-manejo-de-gado-de-leite_rayne-andrade-8.jpg 1231w\" sizes=\"(max-width: 1024px) 100vw, 1024px\" \/><figcaption class=\"wp-element-caption\"><em><strong><sup>Capacitar \u00e9 investir no fortalecimento da agricultura familiar<\/sup><\/strong><\/em><\/figcaption><\/figure><\/div>\n\n\n<p>Com o compromisso de oferecer assist\u00eancia t\u00e9cnica cada vez mais qualificada ao produtor rural, a Entidade Aut\u00e1rquica de Assist\u00eancia T\u00e9cnica e Extens\u00e3o Rural (Emater-RO) realiza, entre os dias 7 e 11 de julho, um curso de capacita\u00e7\u00e3o voltado ao manejo de gado leiteiro. A atividade, realizada no Centro de Treinamento da Emater (Centrer-RO), em Ouro Preto do Oeste, reuniu extensionistas de todo o estado, entre m\u00e9dicos veterin\u00e1rios, zootecnistas e t\u00e9cnicos da \u00e1rea.<\/p>\n\n\n\n<p>O curso faz parte do projeto Consultec Leite, voltado \u00e0 consultoria t\u00e9cnica especializada oferecida pelo governo de Rond\u00f4nia por meio da Emater-RO para fortalecer o desenvolvimento da produ\u00e7\u00e3o leiteira rondoniense. Com aulas ministradas pelo zootecnista Jo\u00e3o Rosseto Ribeiro Junior, da empresa Agro Din\u00e2mica, a capacita\u00e7\u00e3o abordou temas fundamentais da pecu\u00e1ria leiteira, como lacta\u00e7\u00e3o, reprodu\u00e7\u00e3o, composi\u00e7\u00e3o do rebanho, manejo e nutri\u00e7\u00e3o animal.<\/p>\n\n\n<div class=\"wp-block-image\">\n<figure class=\"alignright size-large is-resized\"><img decoding=\"async\" loading=\"lazy\" src=\"http:\/\/www.emater.ro.gov.br\/ematerro\/wp-content\/uploads\/2025\/07\/20250711-07jul2025-7a11-visita-a-fazenda-kkau-leite_rayne-andrade-1-1024x692.jpg\" alt=\"\" class=\"wp-image-17566\" width=\"474\" height=\"316\"\/><figcaption class=\"wp-element-caption\"><strong><em><sup>A fazenda Kkau Leite \u00e9 refer\u00eancia na produ\u00e7\u00e3o leiteira com tecnologia de ponta<\/sup><\/em><\/strong><\/figcaption><\/figure><\/div>\n\n\n<p>Durante a abertura, o diretor-presidente da Emater-RO, Luciano Brand\u00e3o, destacou a import\u00e2ncia de manter os profissionais da extens\u00e3o rural constantemente atualizados para garantir um atendimento eficiente e moderno aos produtores rondonienses. \u201cCapacitar \u00e9 investir no fortalecimento da agricultura familiar\u201d, frisou.<\/p>\n\n\n\n<p>O governador de Rond\u00f4nia, Marcos Rocha, tamb\u00e9m destacou a relev\u00e2ncia da iniciativa para o avan\u00e7o do setor agropecu\u00e1rio no estado. \u201cInvestir na qualifica\u00e7\u00e3o t\u00e9cnica dos nossos profissionais \u00e9 preparar Rond\u00f4nia para um futuro de mais produtividade, sustentabilidade e gera\u00e7\u00e3o de renda no campo. O Governo do Estado est\u00e1 comprometido em apoiar a\u00e7\u00f5es que transformem a vida dos nossos produtores e fortale\u00e7am a economia rural\u201d, afirmou.<\/p>\n\n\n\n<p>Um dos pontos altos da programa\u00e7\u00e3o foi a visita t\u00e9cnica \u00e0 Fazenda Kkau Leite, em Cacaul\u00e2ndia, considerada refer\u00eancia na produ\u00e7\u00e3o leiteira com tecnologia de ponta. A propriedade trabalha com animais da ra\u00e7a Girolando e utiliza o sistema <em><a rel=\"noreferrer noopener\" href=\"https:\/\/www.embrapa.br\/busca-de-projetos\/-\/projeto\/209863\/sistema-compost-barn-caracterizacao-dos-parametros-de-qualidade-do-leite-e-mastite-reprodutivos-bem-estar-animal-do-composto-e-economicos-em-condicoes-tropicais#:~:text=O%20sistema%20de%20instala%C3%A7%C3%A3o%20Compost,coberto%20para%20descanso%20das%20vacas.\" target=\"_blank\">Compost Barn<\/a><\/em>, alcan\u00e7ando uma produ\u00e7\u00e3o de 6.800 litros de leite por dia, com m\u00e9dia de 29 kg por vaca. A fazenda demonstra, na pr\u00e1tica, como o manejo adequado aliado \u00e0 inova\u00e7\u00e3o pode resultar em alta produtividade com bem-estar animal.<\/p>\n\n\n<div class=\"wp-block-image\">\n<figure class=\"alignleft size-large is-resized\"><img decoding=\"async\" loading=\"lazy\" src=\"http:\/\/www.emater.ro.gov.br\/ematerro\/wp-content\/uploads\/2025\/07\/20250710-07jul2025-7a11-curso-manejo-de-gado-de-leite_rayne-andrade-2-1024x692.jpg\" alt=\"\" class=\"wp-image-17562\" width=\"463\" height=\"313\" srcset=\"http:\/\/www.emater.ro.gov.br\/ematerro\/wp-content\/uploads\/2025\/07\/20250710-07jul2025-7a11-curso-manejo-de-gado-de-leite_rayne-andrade-2-1024x692.jpg 1024w, http:\/\/www.emater.ro.gov.br\/ematerro\/wp-content\/uploads\/2025\/07\/20250710-07jul2025-7a11-curso-manejo-de-gado-de-leite_rayne-andrade-2-300x203.jpg 300w, http:\/\/www.emater.ro.gov.br\/ematerro\/wp-content\/uploads\/2025\/07\/20250710-07jul2025-7a11-curso-manejo-de-gado-de-leite_rayne-andrade-2-768x519.jpg 768w, http:\/\/www.emater.ro.gov.br\/ematerro\/wp-content\/uploads\/2025\/07\/20250710-07jul2025-7a11-curso-manejo-de-gado-de-leite_rayne-andrade-2.jpg 1066w\" sizes=\"(max-width: 463px) 100vw, 463px\" \/><figcaption class=\"wp-element-caption\"><strong><em><sup>O monitoramento das a\u00e7\u00f5es garante um acompanhamento mais eficiente<\/sup><\/em><\/strong><\/figcaption><\/figure><\/div>\n\n\n<p>O encerramento do curso se dar\u00e1 na sexta-feira (11) com uma palestra da Embrapa sobre a pecu\u00e1ria de baixo carbono e a apresenta\u00e7\u00e3o da calculadora desenvolvida para medir e reduzir as emiss\u00f5es de gases de efeito estufa na atividade leiteira, um passo importante rumo \u00e0 sustentabilidade do setor.<\/p>\n\n\n\n<p>Como instrumento pr\u00e1tico de acompanhamento, os t\u00e9cnicos tamb\u00e9m receberam um caderno de campo da Emater-RO, que ficar\u00e3o com os produtores rurais assistidos, onde ser\u00e3o registradas informa\u00e7\u00f5es t\u00e9cnicas das propriedades: n\u00famero de animais, ordenhas, produ\u00e7\u00e3o di\u00e1ria, clima, irriga\u00e7\u00e3o e demais aspectos que permitir\u00e3o um diagn\u00f3stico mais preciso e um plano de a\u00e7\u00e3o eficiente para cada realidade.<\/p>\n\n\n\n<p>A iniciativa refor\u00e7a o papel da Emater-RO como agente de transforma\u00e7\u00e3o no campo, garantindo n\u00e3o apenas conhecimento aos seus profissionais, mas tamb\u00e9m resultados concretos aos produtores atendidos em todas as regi\u00f5es de Rond\u00f4nia.<\/p>\n\n\n\n<p class=\"has-text-align-right\"><strong><em><sup>Texto: Wania Ressutti<br>Jornalista \u2013 MTE-1744\/RO<br>Fotos: Rayne A. Freire<br>EMATER-RO<\/sup><\/em><\/strong><\/p>\n","protected":false},"excerpt":{"rendered":"<p>Com foco em tecnologia, sustentabilidade e fortalecimento da produ\u00e7\u00e3o leiteira em Rond\u00f4nia, a Emater-RO promove capacita\u00e7\u00e3o para extensionistas de todo o estado, em Ouro Preto do Oeste, como parte do projeto Consultec. A iniciativa inclui palestras t\u00e9cnicas, visita a propriedade modelo e a\u00e7\u00f5es pr\u00e1ticas de monitoramento das propriedades assistidas.<\/p>\n","protected":false},"author":9,"featured_media":17563,"comment_status":"closed","ping_status":"closed","sticky":false,"template":"","format":"standard","meta":[],"categories":[10,9,12],"tags":[],"_links":{"self":[{"href":"http:\/\/www.emater.ro.gov.br\/ematerro\/wp-json\/wp\/v2\/posts\/17557"}],"collection":[{"href":"http:\/\/www.emater.ro.gov.br\/ematerro\/wp-json\/wp\/v2\/posts"}],"about":[{"href":"http:\/\/www.emater.ro.gov.br\/ematerro\/wp-json\/wp\/v2\/types\/post"}],"author":[{"embeddable":true,"href":"http:\/\/www.emater.ro.gov.br\/ematerro\/wp-json\/wp\/v2\/users\/9"}],"replies":[{"embeddable":true,"href":"http:\/\/www.emater.ro.gov.br\/ematerro\/wp-json\/wp\/v2\/comments?post=17557"}],"version-history":[{"count":5,"href":"http:\/\/www.emater.ro.gov.br\/ematerro\/wp-json\/wp\/v2\/posts\/17557\/revisions"}],"predecessor-version":[{"id":17567,"href":"http:\/\/www.emater.ro.gov.br\/ematerro\/wp-json\/wp\/v2\/posts\/17557\/revisions\/17567"}],"wp:featuredmedia":[{"embeddable":true,"href":"http:\/\/www.emater.ro.gov.br\/ematerro\/wp-json\/wp\/v2\/media\/17563"}],"wp:attachment":[{"href":"http:\/\/www.emater.ro.gov.br\/ematerro\/wp-json\/wp\/v2\/media?parent=17557"}],"wp:term":[{"taxonomy":"category","embeddable":true,"href":"http:\/\/www.emater.ro.gov.br\/ematerro\/wp-json\/wp\/v2\/categories?post=17557"},{"taxonomy":"post_tag","embeddable":true,"href":"http:\/\/www.emater.ro.gov.br\/ematerro\/wp-json\/wp\/v2\/tags?post=17557"}],"curies":[{"name":"wp","href":"https:\/\/api.w.org\/{rel}","templated":true}]}}