{"id":17515,"date":"2025-07-04T10:08:21","date_gmt":"2025-07-04T14:08:21","guid":{"rendered":"http:\/\/www.emater.ro.gov.br\/ematerro\/?p=17515"},"modified":"2025-07-04T10:08:21","modified_gmt":"2025-07-04T14:08:21","slug":"proater-2026-emater-ro-estrutura-plano-que-vai-fortalecer-toda-a-cadeia-da-agricultura-em-rondonia","status":"publish","type":"post","link":"http:\/\/www.emater.ro.gov.br\/ematerro\/2025\/07\/04\/proater-2026-emater-ro-estrutura-plano-que-vai-fortalecer-toda-a-cadeia-da-agricultura-em-rondonia\/","title":{"rendered":"PROATER 2026 &#8211; Emater-RO estrutura plano que vai fortalecer toda a cadeia da agricultura em Rond\u00f4nia"},"content":{"rendered":"<div class=\"wp-block-image\">\n<figure class=\"aligncenter size-large\"><img decoding=\"async\" loading=\"lazy\" width=\"1024\" height=\"576\" src=\"http:\/\/www.emater.ro.gov.br\/ematerro\/wp-content\/uploads\/2025\/07\/20250704-07jul2025-02-encontro-de-gestores-centrer_rayne-andrade-4-1024x576.jpg\" alt=\"\" class=\"wp-image-17517\" srcset=\"http:\/\/www.emater.ro.gov.br\/ematerro\/wp-content\/uploads\/2025\/07\/20250704-07jul2025-02-encontro-de-gestores-centrer_rayne-andrade-4-1024x576.jpg 1024w, http:\/\/www.emater.ro.gov.br\/ematerro\/wp-content\/uploads\/2025\/07\/20250704-07jul2025-02-encontro-de-gestores-centrer_rayne-andrade-4-300x169.jpg 300w, http:\/\/www.emater.ro.gov.br\/ematerro\/wp-content\/uploads\/2025\/07\/20250704-07jul2025-02-encontro-de-gestores-centrer_rayne-andrade-4-768x432.jpg 768w, http:\/\/www.emater.ro.gov.br\/ematerro\/wp-content\/uploads\/2025\/07\/20250704-07jul2025-02-encontro-de-gestores-centrer_rayne-andrade-4-1536x864.jpg 1536w, http:\/\/www.emater.ro.gov.br\/ematerro\/wp-content\/uploads\/2025\/07\/20250704-07jul2025-02-encontro-de-gestores-centrer_rayne-andrade-4.jpg 1600w\" sizes=\"(max-width: 1024px) 100vw, 1024px\" \/><figcaption class=\"wp-element-caption\"><em><strong><sup>Gest\u00e3o moderna e comprometida com o futuro<\/sup><\/strong><\/em><\/figcaption><\/figure><\/div>\n\n\n<p>A Entidade Aut\u00e1rquica de Assist\u00eancia T\u00e9cnica e Extens\u00e3o Rural (Emater-RO) avan\u00e7a na consolida\u00e7\u00e3o do Plano de A\u00e7\u00e3o da Assist\u00eancia T\u00e9cnica e Extens\u00e3o Rural (Proater 2026), que est\u00e1 sendo constru\u00eddo com a participa\u00e7\u00e3o de gestores de todas as regi\u00f5es do estado. O trabalho foi intensificado durante encontro estrat\u00e9gico realizado no Centro de Treinamento da institui\u00e7\u00e3o em Ouro Preto do Oeste, reunindo lideran\u00e7as t\u00e9cnicas para alinhar prioridades, desafios e solu\u00e7\u00f5es com foco no desenvolvimento rural sustent\u00e1vel.<\/p>\n\n\n\n<p>Mais que um documento de planejamento, o Proater 2026 nasce como um instrumento estrat\u00e9gico que vai impactar diretamente n\u00e3o s\u00f3 os agricultores familiares, mas toda a economia rondoniense, ao fortalecer cadeias produtivas, garantir apoio t\u00e9cnico qualificado e promover tecnologias no campo.<\/p>\n\n\n\n<p><strong>PARTICIPA\u00c7\u00c3O T\u00c9CNICA E FOCO NA REALIDADE REGIONAL<\/strong><br>Para o diretor-presidente da Emater-RO, Luciano Brand\u00e3o, o plano se diferencia por ser constru\u00eddo a muitas m\u00e3os, por quem vive e conhece a realidade do campo rondoniense. \u201cEstamos elaborando um plano t\u00e9cnico, eficiente e coerente com a realidade de cada regi\u00e3o. O Proater 2026 \u00e9 o reflexo dos avan\u00e7os, das dificuldades e do potencial produtivo que existe em Rond\u00f4nia. \u00c9 a oportunidade de integrar conhecimento t\u00e9cnico com as reais demandas do produtor rural\u201d, destacou Brand\u00e3o.<\/p>\n\n\n<div class=\"wp-block-image\">\n<figure class=\"alignright size-large is-resized\"><img decoding=\"async\" loading=\"lazy\" src=\"http:\/\/www.emater.ro.gov.br\/ematerro\/wp-content\/uploads\/2025\/07\/20250704-07jul2025-02-encontro-de-gestores-centrer_rayne-andrade-5-1024x691.jpg\" alt=\"\" class=\"wp-image-17520\" width=\"471\" height=\"317\" srcset=\"http:\/\/www.emater.ro.gov.br\/ematerro\/wp-content\/uploads\/2025\/07\/20250704-07jul2025-02-encontro-de-gestores-centrer_rayne-andrade-5-1024x691.jpg 1024w, http:\/\/www.emater.ro.gov.br\/ematerro\/wp-content\/uploads\/2025\/07\/20250704-07jul2025-02-encontro-de-gestores-centrer_rayne-andrade-5-300x203.jpg 300w, http:\/\/www.emater.ro.gov.br\/ematerro\/wp-content\/uploads\/2025\/07\/20250704-07jul2025-02-encontro-de-gestores-centrer_rayne-andrade-5-768x519.jpg 768w, http:\/\/www.emater.ro.gov.br\/ematerro\/wp-content\/uploads\/2025\/07\/20250704-07jul2025-02-encontro-de-gestores-centrer_rayne-andrade-5.jpg 1333w\" sizes=\"(max-width: 471px) 100vw, 471px\" \/><figcaption class=\"wp-element-caption\"><strong><em><sup>O plano est\u00e1 sendo formulado com base em diagn\u00f3sticos regionais<\/sup><\/em><\/strong><\/figcaption><\/figure><\/div>\n\n\n<p>O plano est\u00e1 sendo formulado com base em diagn\u00f3sticos regionais, experi\u00eancias exitosas e estrat\u00e9gias pensadas por gestores que atuam diretamente nas \u00e1reas produtivas. Isso garante que o Proater atenda \u00e0s necessidades reais da agricultura familiar e das cadeias que movimentam a economia rural do estado.<\/p>\n\n\n\n<p><strong>VIS\u00c3O DE FUTURO PARA UM ESTADO PRODUTIVO<\/strong><br>O governador de Rond\u00f4nia, Marcos Rocha, refor\u00e7ou a import\u00e2ncia do Proater como pe\u00e7a estrat\u00e9gica do governo para o fortalecimento da economia e gera\u00e7\u00e3o de renda em todas as regi\u00f5es do estado. \u201cSeguimos com uma gest\u00e3o moderna e comprometida com o futuro. A Emater-RO passou por um processo de revitaliza\u00e7\u00e3o e moderniza\u00e7\u00e3o, que vem trazendo resultados concretos para as cadeias produtivas do nosso estado. Valorizamos cada profissional da institui\u00e7\u00e3o, os ematerianos, que s\u00e3o fundamentais nesse processo. O Proater 2026 integra nosso plano de governo e ser\u00e1 uma ferramenta essencial para garantir mais produtividade no campo, inova\u00e7\u00e3o e dignidade aos agricultores. O que est\u00e1 sendo constru\u00eddo aqui \u00e9 para todo o estado de Rond\u00f4nia\u201d, destacou o governador.<\/p>\n\n\n\n<p><strong>DESENVOLVIMENTO RURAL COM RESULTADOS CONCRETOS<\/strong><br>O plano ir\u00e1 nortear a\u00e7\u00f5es da Emater-RO para os pr\u00f3ximos anos, promovendo: amplia\u00e7\u00e3o da assist\u00eancia t\u00e9cnica com qualidade e agilidade; uso de tecnologias voltadas \u00e0 produ\u00e7\u00e3o sustent\u00e1vel; apoio direto \u00e0s fam\u00edlias agricultoras e \u00e0 comercializa\u00e7\u00e3o dos seus produtos; integra\u00e7\u00e3o com pol\u00edticas p\u00fablicas estaduais e federais; e valoriza\u00e7\u00e3o das boas pr\u00e1ticas e dos casos de sucesso j\u00e1 aplicados em Rond\u00f4nia.<\/p>\n\n\n\n<p><strong>ROND\u00d4NIA EM MOVIMENTO<\/strong><br>O Proater 2026 consolida a atua\u00e7\u00e3o da Emater-RO como institui\u00e7\u00e3o p\u00fablica estrat\u00e9gica no fomento \u00e0 produ\u00e7\u00e3o agr\u00edcola, \u00e0 seguran\u00e7a alimentar e ao fortalecimento da agricultura familiar. Com o esfor\u00e7o coletivo de seus gestores e o apoio do Governo do Estado, Rond\u00f4nia segue em movimento, com um campo mais produtivo, eficiente e preparado para o futuro.<\/p>\n\n\n\n<p class=\"has-text-align-right\"><strong><em><sup>Texto e fotos: Rayne A. Freire<br>Emater-RO<\/sup><\/em><\/strong><\/p>\n","protected":false},"excerpt":{"rendered":"<p>A Entidade Aut\u00e1rquica de Assist\u00eancia T\u00e9cnica e Extens\u00e3o Rural (Emater-RO) avan\u00e7a na consolida\u00e7\u00e3o do Plano de A\u00e7\u00e3o da Assist\u00eancia T\u00e9cnica e Extens\u00e3o Rural (Proater 2026), que est\u00e1 sendo constru\u00eddo com [&hellip;]<\/p>\n","protected":false},"author":13,"featured_media":17519,"comment_status":"closed","ping_status":"closed","sticky":false,"template":"","format":"standard","meta":[],"categories":[10,9,12],"tags":[],"_links":{"self":[{"href":"http:\/\/www.emater.ro.gov.br\/ematerro\/wp-json\/wp\/v2\/posts\/17515"}],"collection":[{"href":"http:\/\/www.emater.ro.gov.br\/ematerro\/wp-json\/wp\/v2\/posts"}],"about":[{"href":"http:\/\/www.emater.ro.gov.br\/ematerro\/wp-json\/wp\/v2\/types\/post"}],"author":[{"embeddable":true,"href":"http:\/\/www.emater.ro.gov.br\/ematerro\/wp-json\/wp\/v2\/users\/13"}],"replies":[{"embeddable":true,"href":"http:\/\/www.emater.ro.gov.br\/ematerro\/wp-json\/wp\/v2\/comments?post=17515"}],"version-history":[{"count":2,"href":"http:\/\/www.emater.ro.gov.br\/ematerro\/wp-json\/wp\/v2\/posts\/17515\/revisions"}],"predecessor-version":[{"id":17521,"href":"http:\/\/www.emater.ro.gov.br\/ematerro\/wp-json\/wp\/v2\/posts\/17515\/revisions\/17521"}],"wp:featuredmedia":[{"embeddable":true,"href":"http:\/\/www.emater.ro.gov.br\/ematerro\/wp-json\/wp\/v2\/media\/17519"}],"wp:attachment":[{"href":"http:\/\/www.emater.ro.gov.br\/ematerro\/wp-json\/wp\/v2\/media?parent=17515"}],"wp:term":[{"taxonomy":"category","embeddable":true,"href":"http:\/\/www.emater.ro.gov.br\/ematerro\/wp-json\/wp\/v2\/categories?post=17515"},{"taxonomy":"post_tag","embeddable":true,"href":"http:\/\/www.emater.ro.gov.br\/ematerro\/wp-json\/wp\/v2\/tags?post=17515"}],"curies":[{"name":"wp","href":"https:\/\/api.w.org\/{rel}","templated":true}]}}