{"id":17106,"date":"2025-05-22T15:30:00","date_gmt":"2025-05-22T19:30:00","guid":{"rendered":"http:\/\/www.emater.ro.gov.br\/ematerro\/?p=17106"},"modified":"2025-05-22T11:49:31","modified_gmt":"2025-05-22T15:49:31","slug":"emater-ro-fortalece-protagonismo-feminino-no-encontro-de-mulheres-tradicionais-em-costa-marques","status":"publish","type":"post","link":"http:\/\/www.emater.ro.gov.br\/ematerro\/2025\/05\/22\/emater-ro-fortalece-protagonismo-feminino-no-encontro-de-mulheres-tradicionais-em-costa-marques\/","title":{"rendered":"Emater-RO fortalece protagonismo feminino no encontro de mulheres tradicionais em Costa Marques"},"content":{"rendered":"<div class=\"wp-block-image\">\n<figure class=\"aligncenter size-large\"><img decoding=\"async\" loading=\"lazy\" width=\"1024\" height=\"691\" src=\"http:\/\/www.emater.ro.gov.br\/ematerro\/wp-content\/uploads\/2025\/05\/20250521-105mai2025-encontro-de-mulheres_costa-marques-_jaqueline-rosa-16-1024x691.jpg\" alt=\"\" class=\"wp-image-17107\" srcset=\"http:\/\/www.emater.ro.gov.br\/ematerro\/wp-content\/uploads\/2025\/05\/20250521-105mai2025-encontro-de-mulheres_costa-marques-_jaqueline-rosa-16-1024x691.jpg 1024w, http:\/\/www.emater.ro.gov.br\/ematerro\/wp-content\/uploads\/2025\/05\/20250521-105mai2025-encontro-de-mulheres_costa-marques-_jaqueline-rosa-16-300x203.jpg 300w, http:\/\/www.emater.ro.gov.br\/ematerro\/wp-content\/uploads\/2025\/05\/20250521-105mai2025-encontro-de-mulheres_costa-marques-_jaqueline-rosa-16-768x518.jpg 768w, http:\/\/www.emater.ro.gov.br\/ematerro\/wp-content\/uploads\/2025\/05\/20250521-105mai2025-encontro-de-mulheres_costa-marques-_jaqueline-rosa-16-1536x1037.jpg 1536w, http:\/\/www.emater.ro.gov.br\/ematerro\/wp-content\/uploads\/2025\/05\/20250521-105mai2025-encontro-de-mulheres_costa-marques-_jaqueline-rosa-16.jpg 1600w\" sizes=\"(max-width: 1024px) 100vw, 1024px\" \/><figcaption class=\"wp-element-caption\"><strong><em><sup>O governo estadual disponibiliza diversas a\u00e7\u00f5es de valoriza\u00e7\u00e3o e fortalecimento da mulher<\/sup><\/em><\/strong><\/figcaption><\/figure><\/div>\n\n\n<p>A Comunidade Quilombola do Forte Pr\u00edncipe da Beira, em Costa Marques, sediou no \u00faltimo dia dia 20, o 1\u00ba Encontro das Mulheres Tradicionais. O encontro in\u00e9dito reuniu mulheres quilombolas, ind\u00edgenas, ribeirinhas e camponesas para promover o di\u00e1logo, a valoriza\u00e7\u00e3o cultural e o empoderamento feminino. O evento foi realizado na sede da Associa\u00e7\u00e3o Quilombola do Forte Pr\u00edncipe da Beira (Asqforte) com foco e contou com palestras que evidenciaram os direitos previdenci\u00e1rios e sa\u00fade preventiva da mulher.<\/p>\n\n\n<div class=\"wp-block-image\">\n<figure class=\"alignright size-large is-resized\"><img decoding=\"async\" loading=\"lazy\" src=\"http:\/\/www.emater.ro.gov.br\/ematerro\/wp-content\/uploads\/2025\/05\/20250521-105mai2025-encontro-de-mulheres_costa-marques-_jaqueline-rosa-3-1024x691.jpg\" alt=\"\" class=\"wp-image-17109\" width=\"436\" height=\"294\" srcset=\"http:\/\/www.emater.ro.gov.br\/ematerro\/wp-content\/uploads\/2025\/05\/20250521-105mai2025-encontro-de-mulheres_costa-marques-_jaqueline-rosa-3-1024x691.jpg 1024w, http:\/\/www.emater.ro.gov.br\/ematerro\/wp-content\/uploads\/2025\/05\/20250521-105mai2025-encontro-de-mulheres_costa-marques-_jaqueline-rosa-3-300x203.jpg 300w, http:\/\/www.emater.ro.gov.br\/ematerro\/wp-content\/uploads\/2025\/05\/20250521-105mai2025-encontro-de-mulheres_costa-marques-_jaqueline-rosa-3-768x518.jpg 768w, http:\/\/www.emater.ro.gov.br\/ematerro\/wp-content\/uploads\/2025\/05\/20250521-105mai2025-encontro-de-mulheres_costa-marques-_jaqueline-rosa-3-1536x1037.jpg 1536w, http:\/\/www.emater.ro.gov.br\/ematerro\/wp-content\/uploads\/2025\/05\/20250521-105mai2025-encontro-de-mulheres_costa-marques-_jaqueline-rosa-3.jpg 1600w\" sizes=\"(max-width: 436px) 100vw, 436px\" \/><figcaption class=\"wp-element-caption\"><strong><em><sup>As a\u00e7\u00f5es de governo confirmam o compromisso da assist\u00eancia t\u00e9cnica e da extens\u00e3o rural na transforma\u00e7\u00e3o social<\/sup><\/em><\/strong><\/figcaption><\/figure><\/div>\n\n\n<p>O Encontro foi realizado pelo Governo estadual, por meio da Entidade Aut\u00e1rquica de Assist\u00eancia T\u00e9cnica e Extens\u00e3o Rural (Emater-RO) e apoio da Secretaria de Estado da Agricultura (Seagri) e da Prefeitura de Costa Marques. Segundo Jaqueline Rosa, gerente regional da Emater-RO na regi\u00e3o no Vale do Guapor\u00e9, a iniciativa foi muito importante para as mulheres tradicionais. \u201cEste encontro \u00e9 um marco para as mulheres da regi\u00e3o, que s\u00e3o protagonistas no desenvolvimento sustent\u00e1vel e na preserva\u00e7\u00e3o cultural de seus territ\u00f3rios\u201d, disse a gerente.<\/p>\n\n\n<div class=\"wp-block-image\">\n<figure class=\"alignleft size-full is-resized\"><img decoding=\"async\" loading=\"lazy\" src=\"http:\/\/www.emater.ro.gov.br\/ematerro\/wp-content\/uploads\/2025\/05\/20250521-05mai2025-encontro-de-mulheres_costa-marques-_jaqueline-rosa-2-.jpg\" alt=\"\" class=\"wp-image-17112\" width=\"300\" height=\"439\"\/><figcaption class=\"wp-element-caption\"><strong><em><sup>A Emater-RO leva conhecimento sobre direitos e dignidade para a mulher<\/sup><\/em><\/strong><\/figcaption><\/figure><\/div>\n\n\n<p>A Emater-RO tem demonstrado grande sensibilidade e comprometimento ao levar informa\u00e7\u00e3o e orienta\u00e7\u00e3o de forma acess\u00edvel, contribuindo para a autonomia e conscientiza\u00e7\u00e3o dos direitos das mulheres no campo. Para o diretor-presidente da autarquia, Luciano Brand\u00e3o, s\u00e3o a\u00e7\u00f5es que confirmam a import\u00e2ncia da assist\u00eancia t\u00e9cnica e da extens\u00e3o rural na transforma\u00e7\u00e3o social. \u201cA Emater-RO tem levado conhecimento, direitos e dignidade para quem mais precisa, e o sucesso deste encontro traz o reflexo do nosso trabalho comprometido com o fortalecimento das comunidades e com o desenvolvimento das pessoas que vivem no campo.\u201d.<\/p>\n\n\n\n<p>Para o governador Marcos Rocha, a participa\u00e7\u00e3o ativa dessas mulheres em eventos que evidenciam o seu papel na preserva\u00e7\u00e3o da cultura e na sustentabilidade das comunidades locais refor\u00e7a o compromisso coletivo com a valoriza\u00e7\u00e3o das identidades tradicionais. \u201cEventos como este mostram que estamos no caminho certo ao promover inclus\u00e3o, conhecimento e autonomia para quem tem papel essencial na hist\u00f3ria e no futuro do nosso estado\u201d diz o governador.<\/p>\n\n\n\n<p>As a\u00e7\u00f5es disponibilizadas pelo Governo s\u00e3o essenciais para a valoriza\u00e7\u00e3o e prote\u00e7\u00e3o \u00e0 mulher, com destaque para os programas \u201cMulher Protegida\u201d, \u201c Proample Delas\u201d, \u201cMam\u00e3e Cheguei\u201d e \u201cCrian\u00e7a Feliz\u201d, al\u00e9m dos programas voltados para desenvolvimento da mulher rural como o \u201cAter Mulher\u201d, \u201cSa\u00fade da Mulher\u201d e \u201cPronaf Mulher\u201d, entre outros, sempre com a participa\u00e7\u00e3o da Emater-RO, respons\u00e1vel por levar essas a\u00e7\u00f5es ao campo. Com isso, o Encontro realizado em Costa Marques tornou-se um marco de reconhecimento, escuta e fortalecimento da luta feminina em Rond\u00f4nia, evidenciando o papel essencial das mulheres tradicionais no presente e no futuro do estado.<\/p>\n\n\n\n<p class=\"has-text-align-right\"><strong><em><sup>Texto: Wania Ressutti<br>Jornalista \u2013 MTE-1744\/RO<br>Fotos: Jaqueline Rosa<br>EMATER-RO<\/sup><\/em><\/strong><\/p>\n","protected":false},"excerpt":{"rendered":"<p>A Emater-RO promoveu no dia 20 de maio, o 1\u00ba Encontro das Mulheres Tradicionais de Costa Marques para promover o di\u00e1logo, a valoriza\u00e7\u00e3o cultural e o empoderamento feminino.<\/p>\n","protected":false},"author":9,"featured_media":17108,"comment_status":"closed","ping_status":"closed","sticky":false,"template":"","format":"standard","meta":[],"categories":[10,9,12],"tags":[],"_links":{"self":[{"href":"http:\/\/www.emater.ro.gov.br\/ematerro\/wp-json\/wp\/v2\/posts\/17106"}],"collection":[{"href":"http:\/\/www.emater.ro.gov.br\/ematerro\/wp-json\/wp\/v2\/posts"}],"about":[{"href":"http:\/\/www.emater.ro.gov.br\/ematerro\/wp-json\/wp\/v2\/types\/post"}],"author":[{"embeddable":true,"href":"http:\/\/www.emater.ro.gov.br\/ematerro\/wp-json\/wp\/v2\/users\/9"}],"replies":[{"embeddable":true,"href":"http:\/\/www.emater.ro.gov.br\/ematerro\/wp-json\/wp\/v2\/comments?post=17106"}],"version-history":[{"count":7,"href":"http:\/\/www.emater.ro.gov.br\/ematerro\/wp-json\/wp\/v2\/posts\/17106\/revisions"}],"predecessor-version":[{"id":17120,"href":"http:\/\/www.emater.ro.gov.br\/ematerro\/wp-json\/wp\/v2\/posts\/17106\/revisions\/17120"}],"wp:featuredmedia":[{"embeddable":true,"href":"http:\/\/www.emater.ro.gov.br\/ematerro\/wp-json\/wp\/v2\/media\/17108"}],"wp:attachment":[{"href":"http:\/\/www.emater.ro.gov.br\/ematerro\/wp-json\/wp\/v2\/media?parent=17106"}],"wp:term":[{"taxonomy":"category","embeddable":true,"href":"http:\/\/www.emater.ro.gov.br\/ematerro\/wp-json\/wp\/v2\/categories?post=17106"},{"taxonomy":"post_tag","embeddable":true,"href":"http:\/\/www.emater.ro.gov.br\/ematerro\/wp-json\/wp\/v2\/tags?post=17106"}],"curies":[{"name":"wp","href":"https:\/\/api.w.org\/{rel}","templated":true}]}}