{"id":17097,"date":"2025-05-21T08:23:34","date_gmt":"2025-05-21T12:23:34","guid":{"rendered":"http:\/\/www.emater.ro.gov.br\/ematerro\/?p=17097"},"modified":"2025-05-21T08:23:34","modified_gmt":"2025-05-21T12:23:34","slug":"abertura-da-colheita-do-cafe-reforca-compromisso-da-emater-ro-com-cafeicultores-de-uniao-bandeirantes","status":"publish","type":"post","link":"http:\/\/www.emater.ro.gov.br\/ematerro\/2025\/05\/21\/abertura-da-colheita-do-cafe-reforca-compromisso-da-emater-ro-com-cafeicultores-de-uniao-bandeirantes\/","title":{"rendered":"Abertura da colheita do caf\u00e9 refor\u00e7a compromisso da Emater-RO com cafeicultores de Uni\u00e3o Bandeirantes"},"content":{"rendered":"\n<p>No \u00faltimo dia 16 de maio, a Entidade Aut\u00e1rquica de Assist\u00eancia T\u00e9cnica e Extens\u00e3o Rural (Emater-RO) realizou um Dia Especial sobre cafeicultura, dando in\u00edcio \u00e0 colheita do caf\u00e9 para a safra 2025.<\/p>\n\n\n\n<p>O evento foi realizado no Km 6, da Linha 1\u2070 de maio, no s\u00edtio S\u00e3o Jos\u00e9, de propriedade do produtor rural Luiz Carlos Lubiana e contou com a parceria de organismos voltados para o desenvolvimento da agricultura no estado, como o Servi\u00e7o Nacional de Aprendizagem (Senar), o Servi\u00e7o Brasileiro de Apoio \u00e0s Micro e Pequenas Empresas (Sebrae), al\u00e9m d Prefeitura, por meio da Secretaria Municipal de Agricultura local e institui\u00e7\u00f5es financeiras como o Sistema de Cooperativas de Cr\u00e9dito do Brasil (Sicoob) e a Cooperativa de Cr\u00e9dito do Sistema Credisis.<\/p>\n\n\n\n<p>O dia 14 de maio foi definido como o marco inicial da colheita do caf\u00e9 Robustas Amaz\u00f4nicos em Rond\u00f4nia com o objetivo de incentivar os cafeicultores a iniciarem a colheita quando pelo menos 80% dos gr\u00e3os estiverem maduros, visando melhorar a qualidade do caf\u00e9 produzido no estado.<\/p>\n\n\n\n<p>O gr\u00e3o colhido nesse est\u00e1gio \u00e9 considerado o ponto ideal de matura\u00e7\u00e3o, podendo resultar em maior rendimento e qualidade do produto final. Com isso, o produtor conseguir\u00e1 um aumento de 20% na sua lucratividade.<\/p>\n\n\n\n<p>De acordo com a gerente do escrit\u00f3rio local da Emater-RO em Uni\u00e3o Bandeirante, Rosangela Veiga. o Dia Especial de abertura da colheita do caf\u00e9 em \u00e9 muito importante para o desenvolvimento da cafeicultura local refor\u00e7ando o compromisso do governo estadual e da Emater-RO com os cafeicultores de Rond\u00f4nia e deste para com o estado.<\/p>\n\n\n\n<p class=\"has-text-align-right\"><em><strong><sup>Texto: Wania Ressutti<br>Jornalista \u2013 MTE-1744\/RO<br>Fotos: Rosangela Veiga<br>EMATER-RO<\/sup><\/strong><\/em><\/p>\n\n\n\n<figure class=\"wp-block-gallery has-nested-images columns-default is-cropped wp-block-gallery-1 is-layout-flex\">\n<figure class=\"wp-block-image size-large\"><img decoding=\"async\" loading=\"lazy\" width=\"1024\" height=\"691\" data-id=\"17098\"  src=\"http:\/\/www.emater.ro.gov.br\/ematerro\/wp-content\/uploads\/2025\/05\/20250521-05maio2025-16-de-abertura-da-colheita-do-cafe-uniao-bandeirantes-1-1024x691.jpg\" alt=\"\" class=\"wp-image-17098\" srcset=\"http:\/\/www.emater.ro.gov.br\/ematerro\/wp-content\/uploads\/2025\/05\/20250521-05maio2025-16-de-abertura-da-colheita-do-cafe-uniao-bandeirantes-1-1024x691.jpg 1024w, http:\/\/www.emater.ro.gov.br\/ematerro\/wp-content\/uploads\/2025\/05\/20250521-05maio2025-16-de-abertura-da-colheita-do-cafe-uniao-bandeirantes-1-300x202.jpg 300w, http:\/\/www.emater.ro.gov.br\/ematerro\/wp-content\/uploads\/2025\/05\/20250521-05maio2025-16-de-abertura-da-colheita-do-cafe-uniao-bandeirantes-1-768x518.jpg 768w, http:\/\/www.emater.ro.gov.br\/ematerro\/wp-content\/uploads\/2025\/05\/20250521-05maio2025-16-de-abertura-da-colheita-do-cafe-uniao-bandeirantes-1.jpg 1165w\" sizes=\"(max-width: 1024px) 100vw, 1024px\" \/><\/figure>\n\n\n\n<figure class=\"wp-block-image size-large\"><img decoding=\"async\" loading=\"lazy\" width=\"1024\" height=\"691\" data-id=\"17099\"  src=\"http:\/\/www.emater.ro.gov.br\/ematerro\/wp-content\/uploads\/2025\/05\/20250521-05maio2025-16-de-abertura-da-colheita-do-cafe-uniao-bandeirantes-2-1024x691.jpg\" alt=\"\" class=\"wp-image-17099\" srcset=\"http:\/\/www.emater.ro.gov.br\/ematerro\/wp-content\/uploads\/2025\/05\/20250521-05maio2025-16-de-abertura-da-colheita-do-cafe-uniao-bandeirantes-2-1024x691.jpg 1024w, http:\/\/www.emater.ro.gov.br\/ematerro\/wp-content\/uploads\/2025\/05\/20250521-05maio2025-16-de-abertura-da-colheita-do-cafe-uniao-bandeirantes-2-300x203.jpg 300w, http:\/\/www.emater.ro.gov.br\/ematerro\/wp-content\/uploads\/2025\/05\/20250521-05maio2025-16-de-abertura-da-colheita-do-cafe-uniao-bandeirantes-2-768x518.jpg 768w, http:\/\/www.emater.ro.gov.br\/ematerro\/wp-content\/uploads\/2025\/05\/20250521-05maio2025-16-de-abertura-da-colheita-do-cafe-uniao-bandeirantes-2.jpg 1280w\" sizes=\"(max-width: 1024px) 100vw, 1024px\" \/><\/figure>\n\n\n\n<figure class=\"wp-block-image size-large\"><img decoding=\"async\" loading=\"lazy\" width=\"1024\" height=\"692\" data-id=\"17100\"  src=\"http:\/\/www.emater.ro.gov.br\/ematerro\/wp-content\/uploads\/2025\/05\/20250521-05maio2025-16-de-abertura-da-colheita-do-cafe-uniao-bandeirantes-3-1024x692.jpg\" alt=\"\" class=\"wp-image-17100\" srcset=\"http:\/\/www.emater.ro.gov.br\/ematerro\/wp-content\/uploads\/2025\/05\/20250521-05maio2025-16-de-abertura-da-colheita-do-cafe-uniao-bandeirantes-3-1024x692.jpg 1024w, http:\/\/www.emater.ro.gov.br\/ematerro\/wp-content\/uploads\/2025\/05\/20250521-05maio2025-16-de-abertura-da-colheita-do-cafe-uniao-bandeirantes-3-300x203.jpg 300w, http:\/\/www.emater.ro.gov.br\/ematerro\/wp-content\/uploads\/2025\/05\/20250521-05maio2025-16-de-abertura-da-colheita-do-cafe-uniao-bandeirantes-3-768x519.jpg 768w, http:\/\/www.emater.ro.gov.br\/ematerro\/wp-content\/uploads\/2025\/05\/20250521-05maio2025-16-de-abertura-da-colheita-do-cafe-uniao-bandeirantes-3.jpg 1500w\" sizes=\"(max-width: 1024px) 100vw, 1024px\" \/><\/figure>\n\n\n\n<figure class=\"wp-block-image size-large\"><img decoding=\"async\" loading=\"lazy\" width=\"1024\" height=\"691\" data-id=\"17102\"  src=\"http:\/\/www.emater.ro.gov.br\/ematerro\/wp-content\/uploads\/2025\/05\/20250521-05maio2025-16-de-abertura-da-colheita-do-cafe-uniao-bandeirantes-5-1024x691.jpg\" alt=\"\" class=\"wp-image-17102\" srcset=\"http:\/\/www.emater.ro.gov.br\/ematerro\/wp-content\/uploads\/2025\/05\/20250521-05maio2025-16-de-abertura-da-colheita-do-cafe-uniao-bandeirantes-5-1024x691.jpg 1024w, http:\/\/www.emater.ro.gov.br\/ematerro\/wp-content\/uploads\/2025\/05\/20250521-05maio2025-16-de-abertura-da-colheita-do-cafe-uniao-bandeirantes-5-300x203.jpg 300w, http:\/\/www.emater.ro.gov.br\/ematerro\/wp-content\/uploads\/2025\/05\/20250521-05maio2025-16-de-abertura-da-colheita-do-cafe-uniao-bandeirantes-5-768x519.jpg 768w, http:\/\/www.emater.ro.gov.br\/ematerro\/wp-content\/uploads\/2025\/05\/20250521-05maio2025-16-de-abertura-da-colheita-do-cafe-uniao-bandeirantes-5.jpg 1053w\" sizes=\"(max-width: 1024px) 100vw, 1024px\" \/><\/figure>\n\n\n\n<figure class=\"wp-block-image size-large\"><img decoding=\"async\" loading=\"lazy\" width=\"629\" height=\"424\" data-id=\"17103\"  src=\"http:\/\/www.emater.ro.gov.br\/ematerro\/wp-content\/uploads\/2025\/05\/20250521-05maio2025-16-de-abertura-da-colheita-do-cafe-uniao-bandeirantes-6-.jpg\" alt=\"\" class=\"wp-image-17103\" srcset=\"http:\/\/www.emater.ro.gov.br\/ematerro\/wp-content\/uploads\/2025\/05\/20250521-05maio2025-16-de-abertura-da-colheita-do-cafe-uniao-bandeirantes-6-.jpg 629w, http:\/\/www.emater.ro.gov.br\/ematerro\/wp-content\/uploads\/2025\/05\/20250521-05maio2025-16-de-abertura-da-colheita-do-cafe-uniao-bandeirantes-6--300x202.jpg 300w\" sizes=\"(max-width: 629px) 100vw, 629px\" \/><\/figure>\n\n\n\n<figure class=\"wp-block-image size-large\"><img decoding=\"async\" loading=\"lazy\" width=\"772\" height=\"521\" data-id=\"17104\"  src=\"http:\/\/www.emater.ro.gov.br\/ematerro\/wp-content\/uploads\/2025\/05\/20250521-05maio2025-16-de-abertura-da-colheita-do-cafe-uniao-bandeirantes-6.jpg\" alt=\"\" class=\"wp-image-17104\" srcset=\"http:\/\/www.emater.ro.gov.br\/ematerro\/wp-content\/uploads\/2025\/05\/20250521-05maio2025-16-de-abertura-da-colheita-do-cafe-uniao-bandeirantes-6.jpg 772w, http:\/\/www.emater.ro.gov.br\/ematerro\/wp-content\/uploads\/2025\/05\/20250521-05maio2025-16-de-abertura-da-colheita-do-cafe-uniao-bandeirantes-6-300x202.jpg 300w, http:\/\/www.emater.ro.gov.br\/ematerro\/wp-content\/uploads\/2025\/05\/20250521-05maio2025-16-de-abertura-da-colheita-do-cafe-uniao-bandeirantes-6-768x518.jpg 768w\" sizes=\"(max-width: 772px) 100vw, 772px\" \/><\/figure>\n\n\n\n<figure class=\"wp-block-image size-large\"><img decoding=\"async\" loading=\"lazy\" width=\"688\" height=\"465\" data-id=\"17101\"  src=\"http:\/\/www.emater.ro.gov.br\/ematerro\/wp-content\/uploads\/2025\/05\/20250521-05maio2025-16-de-abertura-da-colheita-do-cafe-uniao-bandeirantes-4.jpg\" alt=\"\" class=\"wp-image-17101\" srcset=\"http:\/\/www.emater.ro.gov.br\/ematerro\/wp-content\/uploads\/2025\/05\/20250521-05maio2025-16-de-abertura-da-colheita-do-cafe-uniao-bandeirantes-4.jpg 688w, http:\/\/www.emater.ro.gov.br\/ematerro\/wp-content\/uploads\/2025\/05\/20250521-05maio2025-16-de-abertura-da-colheita-do-cafe-uniao-bandeirantes-4-300x203.jpg 300w\" sizes=\"(max-width: 688px) 100vw, 688px\" \/><\/figure>\n<\/figure>\n","protected":false},"excerpt":{"rendered":"<p>No \u00faltimo dia 16 de maio, a Entidade Aut\u00e1rquica de Assist\u00eancia T\u00e9cnica e Extens\u00e3o Rural (Emater-RO) realizou um Dia Especial sobre cafeicultura, dando in\u00edcio \u00e0 colheita do caf\u00e9 para a [&hellip;]<\/p>\n","protected":false},"author":9,"featured_media":17102,"comment_status":"closed","ping_status":"closed","sticky":false,"template":"","format":"standard","meta":[],"categories":[10,11],"tags":[],"_links":{"self":[{"href":"http:\/\/www.emater.ro.gov.br\/ematerro\/wp-json\/wp\/v2\/posts\/17097"}],"collection":[{"href":"http:\/\/www.emater.ro.gov.br\/ematerro\/wp-json\/wp\/v2\/posts"}],"about":[{"href":"http:\/\/www.emater.ro.gov.br\/ematerro\/wp-json\/wp\/v2\/types\/post"}],"author":[{"embeddable":true,"href":"http:\/\/www.emater.ro.gov.br\/ematerro\/wp-json\/wp\/v2\/users\/9"}],"replies":[{"embeddable":true,"href":"http:\/\/www.emater.ro.gov.br\/ematerro\/wp-json\/wp\/v2\/comments?post=17097"}],"version-history":[{"count":1,"href":"http:\/\/www.emater.ro.gov.br\/ematerro\/wp-json\/wp\/v2\/posts\/17097\/revisions"}],"predecessor-version":[{"id":17105,"href":"http:\/\/www.emater.ro.gov.br\/ematerro\/wp-json\/wp\/v2\/posts\/17097\/revisions\/17105"}],"wp:featuredmedia":[{"embeddable":true,"href":"http:\/\/www.emater.ro.gov.br\/ematerro\/wp-json\/wp\/v2\/media\/17102"}],"wp:attachment":[{"href":"http:\/\/www.emater.ro.gov.br\/ematerro\/wp-json\/wp\/v2\/media?parent=17097"}],"wp:term":[{"taxonomy":"category","embeddable":true,"href":"http:\/\/www.emater.ro.gov.br\/ematerro\/wp-json\/wp\/v2\/categories?post=17097"},{"taxonomy":"post_tag","embeddable":true,"href":"http:\/\/www.emater.ro.gov.br\/ematerro\/wp-json\/wp\/v2\/tags?post=17097"}],"curies":[{"name":"wp","href":"https:\/\/api.w.org\/{rel}","templated":true}]}}