{"id":17084,"date":"2025-05-20T09:29:53","date_gmt":"2025-05-20T13:29:53","guid":{"rendered":"http:\/\/www.emater.ro.gov.br\/ematerro\/?p=17084"},"modified":"2025-05-20T09:31:34","modified_gmt":"2025-05-20T13:31:34","slug":"rondonia-da-inicio-a-colheita-do-cafe-em-sao-miguel-do-guapore","status":"publish","type":"post","link":"http:\/\/www.emater.ro.gov.br\/ematerro\/2025\/05\/20\/rondonia-da-inicio-a-colheita-do-cafe-em-sao-miguel-do-guapore\/","title":{"rendered":"Rond\u00f4nia d\u00e1 in\u00edcio \u00e0 colheita do caf\u00e9 em S\u00e3o Miguel do Guapor\u00e9"},"content":{"rendered":"\n<p>O Governo de Rond\u00f4nia, por meio da Secretaria de Estado da Agricultura (Seagri) e da Entidade Aut\u00e1rquica de Assist\u00eancia T\u00e9cnica e Extens\u00e3o Rural (Emater-RO), lan\u00e7ou neste dia 17 de maio, o in\u00edcio \u00e0 colheita do caf\u00e9 robustas amaz\u00f4nicos no estado.<\/p>\n\n\n\n<p>A cerim\u00f4nia oficial de lan\u00e7amento foi realizada na Linha 102, Km 5 Sul, no munic\u00edpio de S\u00e3o Miguel do Guapor\u00e9, na propriedade do cafeicultor Ezequiel Fabian e consolida a import\u00e2ncia da cafeicultura para o desenvolvimento econ\u00f4mico e sustent\u00e1vel.<\/p>\n\n\n\n<p>O diretor-presidente da Emater-RO Luciano Brand\u00e3o, que j\u00e1 administrou o escrit\u00f3rio regional daquela regi\u00e3o, explica S\u00e3o Miguel do Guapor\u00e9 conta com mais de nove mil hectares de \u00e1rea plantada de caf\u00e9, representando um dos munic\u00edpios com maior concentra\u00e7\u00e3o de \u00e1rea de caf\u00e9 plantada e que o produtor Ezequiel \u00e9 um exemplo a ser seguido. &#8220;H\u00e1 mais de dez anos que o produtor, junto com sua fam\u00edlia, vem se dedicando \u00e0 lavoura cafeeira e hoje colhe mais de 100 sacas por hectare&#8221;, diz Brand\u00e3o.<\/p>\n\n\n\n<p>O in\u00edcio da colheita do caf\u00e9 foi institu\u00eddo por meio da Lei 5.961\/2025 (https:\/\/rondonia.ro.gov.br\/wp-content\/uploads\/2025\/01\/Lei-5.961.pdf), que determinou o dia 14 de maio como o dia oficial do in\u00edcio da colheita do caf\u00e9 em Rond\u00f4nia.<\/p>\n\n\n\n<p class=\"has-text-align-right\"><strong><em><sup>Texto: Wania Ressutti<br>Fotos: Eduardo Henrique<br>EMATER-RO<\/sup><\/em><\/strong><\/p>\n\n\n\n<figure class=\"wp-block-gallery has-nested-images columns-default is-cropped wp-block-gallery-1 is-layout-flex\">\n<figure class=\"wp-block-image size-large\"><img decoding=\"async\" loading=\"lazy\" width=\"1024\" height=\"691\" data-id=\"17085\"  src=\"http:\/\/www.emater.ro.gov.br\/ematerro\/wp-content\/uploads\/2025\/05\/20250520-05mai2025-17-incio-colheita-cafe_smguapore_eduardo-henrique_008-1024x691.jpg\" alt=\"\" class=\"wp-image-17085\" srcset=\"http:\/\/www.emater.ro.gov.br\/ematerro\/wp-content\/uploads\/2025\/05\/20250520-05mai2025-17-incio-colheita-cafe_smguapore_eduardo-henrique_008-1024x691.jpg 1024w, http:\/\/www.emater.ro.gov.br\/ematerro\/wp-content\/uploads\/2025\/05\/20250520-05mai2025-17-incio-colheita-cafe_smguapore_eduardo-henrique_008-300x203.jpg 300w, http:\/\/www.emater.ro.gov.br\/ematerro\/wp-content\/uploads\/2025\/05\/20250520-05mai2025-17-incio-colheita-cafe_smguapore_eduardo-henrique_008-768x518.jpg 768w, http:\/\/www.emater.ro.gov.br\/ematerro\/wp-content\/uploads\/2025\/05\/20250520-05mai2025-17-incio-colheita-cafe_smguapore_eduardo-henrique_008-1536x1037.jpg 1536w, http:\/\/www.emater.ro.gov.br\/ematerro\/wp-content\/uploads\/2025\/05\/20250520-05mai2025-17-incio-colheita-cafe_smguapore_eduardo-henrique_008.jpg 2000w\" sizes=\"(max-width: 1024px) 100vw, 1024px\" \/><\/figure>\n\n\n\n<figure class=\"wp-block-image size-large\"><img decoding=\"async\" loading=\"lazy\" width=\"1024\" height=\"691\" data-id=\"17086\"  src=\"http:\/\/www.emater.ro.gov.br\/ematerro\/wp-content\/uploads\/2025\/05\/20250520-05mai2025-17-incio-colheita-cafe_smguapore_eduardo-henrique_007-1024x691.jpg\" alt=\"\" class=\"wp-image-17086\" srcset=\"http:\/\/www.emater.ro.gov.br\/ematerro\/wp-content\/uploads\/2025\/05\/20250520-05mai2025-17-incio-colheita-cafe_smguapore_eduardo-henrique_007-1024x691.jpg 1024w, http:\/\/www.emater.ro.gov.br\/ematerro\/wp-content\/uploads\/2025\/05\/20250520-05mai2025-17-incio-colheita-cafe_smguapore_eduardo-henrique_007-300x203.jpg 300w, http:\/\/www.emater.ro.gov.br\/ematerro\/wp-content\/uploads\/2025\/05\/20250520-05mai2025-17-incio-colheita-cafe_smguapore_eduardo-henrique_007-768x518.jpg 768w, http:\/\/www.emater.ro.gov.br\/ematerro\/wp-content\/uploads\/2025\/05\/20250520-05mai2025-17-incio-colheita-cafe_smguapore_eduardo-henrique_007-1536x1037.jpg 1536w, http:\/\/www.emater.ro.gov.br\/ematerro\/wp-content\/uploads\/2025\/05\/20250520-05mai2025-17-incio-colheita-cafe_smguapore_eduardo-henrique_007.jpg 2000w\" sizes=\"(max-width: 1024px) 100vw, 1024px\" \/><\/figure>\n\n\n\n<figure class=\"wp-block-image size-large\"><img decoding=\"async\" loading=\"lazy\" width=\"1024\" height=\"691\" data-id=\"17087\"  src=\"http:\/\/www.emater.ro.gov.br\/ematerro\/wp-content\/uploads\/2025\/05\/20250520-05mai2025-17-incio-colheita-cafe_smguapore_eduardo-henrique_006-1024x691.jpg\" alt=\"\" class=\"wp-image-17087\" srcset=\"http:\/\/www.emater.ro.gov.br\/ematerro\/wp-content\/uploads\/2025\/05\/20250520-05mai2025-17-incio-colheita-cafe_smguapore_eduardo-henrique_006-1024x691.jpg 1024w, http:\/\/www.emater.ro.gov.br\/ematerro\/wp-content\/uploads\/2025\/05\/20250520-05mai2025-17-incio-colheita-cafe_smguapore_eduardo-henrique_006-300x203.jpg 300w, http:\/\/www.emater.ro.gov.br\/ematerro\/wp-content\/uploads\/2025\/05\/20250520-05mai2025-17-incio-colheita-cafe_smguapore_eduardo-henrique_006-768x518.jpg 768w, http:\/\/www.emater.ro.gov.br\/ematerro\/wp-content\/uploads\/2025\/05\/20250520-05mai2025-17-incio-colheita-cafe_smguapore_eduardo-henrique_006-1536x1037.jpg 1536w, http:\/\/www.emater.ro.gov.br\/ematerro\/wp-content\/uploads\/2025\/05\/20250520-05mai2025-17-incio-colheita-cafe_smguapore_eduardo-henrique_006.jpg 2000w\" sizes=\"(max-width: 1024px) 100vw, 1024px\" \/><\/figure>\n\n\n\n<figure class=\"wp-block-image size-large\"><img decoding=\"async\" loading=\"lazy\" width=\"1024\" height=\"691\" data-id=\"17088\"  src=\"http:\/\/www.emater.ro.gov.br\/ematerro\/wp-content\/uploads\/2025\/05\/20250520-05mai2025-17-incio-colheita-cafe_smguapore_eduardo-henrique_005-1024x691.jpg\" alt=\"\" class=\"wp-image-17088\" srcset=\"http:\/\/www.emater.ro.gov.br\/ematerro\/wp-content\/uploads\/2025\/05\/20250520-05mai2025-17-incio-colheita-cafe_smguapore_eduardo-henrique_005-1024x691.jpg 1024w, http:\/\/www.emater.ro.gov.br\/ematerro\/wp-content\/uploads\/2025\/05\/20250520-05mai2025-17-incio-colheita-cafe_smguapore_eduardo-henrique_005-300x203.jpg 300w, http:\/\/www.emater.ro.gov.br\/ematerro\/wp-content\/uploads\/2025\/05\/20250520-05mai2025-17-incio-colheita-cafe_smguapore_eduardo-henrique_005-768x518.jpg 768w, http:\/\/www.emater.ro.gov.br\/ematerro\/wp-content\/uploads\/2025\/05\/20250520-05mai2025-17-incio-colheita-cafe_smguapore_eduardo-henrique_005-1536x1037.jpg 1536w, http:\/\/www.emater.ro.gov.br\/ematerro\/wp-content\/uploads\/2025\/05\/20250520-05mai2025-17-incio-colheita-cafe_smguapore_eduardo-henrique_005.jpg 2000w\" sizes=\"(max-width: 1024px) 100vw, 1024px\" \/><\/figure>\n\n\n\n<figure class=\"wp-block-image size-large\"><img decoding=\"async\" loading=\"lazy\" width=\"1024\" height=\"691\" data-id=\"17089\"  src=\"http:\/\/www.emater.ro.gov.br\/ematerro\/wp-content\/uploads\/2025\/05\/20250520-05mai2025-17-incio-colheita-cafe_smguapore_eduardo-henrique_004-1024x691.jpg\" alt=\"\" class=\"wp-image-17089\" srcset=\"http:\/\/www.emater.ro.gov.br\/ematerro\/wp-content\/uploads\/2025\/05\/20250520-05mai2025-17-incio-colheita-cafe_smguapore_eduardo-henrique_004-1024x691.jpg 1024w, http:\/\/www.emater.ro.gov.br\/ematerro\/wp-content\/uploads\/2025\/05\/20250520-05mai2025-17-incio-colheita-cafe_smguapore_eduardo-henrique_004-300x203.jpg 300w, http:\/\/www.emater.ro.gov.br\/ematerro\/wp-content\/uploads\/2025\/05\/20250520-05mai2025-17-incio-colheita-cafe_smguapore_eduardo-henrique_004-768x518.jpg 768w, http:\/\/www.emater.ro.gov.br\/ematerro\/wp-content\/uploads\/2025\/05\/20250520-05mai2025-17-incio-colheita-cafe_smguapore_eduardo-henrique_004-1536x1037.jpg 1536w, http:\/\/www.emater.ro.gov.br\/ematerro\/wp-content\/uploads\/2025\/05\/20250520-05mai2025-17-incio-colheita-cafe_smguapore_eduardo-henrique_004.jpg 2000w\" sizes=\"(max-width: 1024px) 100vw, 1024px\" \/><\/figure>\n\n\n\n<figure class=\"wp-block-image size-large\"><img decoding=\"async\" loading=\"lazy\" width=\"1024\" height=\"691\" data-id=\"17092\"  src=\"http:\/\/www.emater.ro.gov.br\/ematerro\/wp-content\/uploads\/2025\/05\/20250520-05mai2025-17-incio-colheita-cafe_smguapore_eduardo-henrique_001-1024x691.jpg\" alt=\"\" class=\"wp-image-17092\" srcset=\"http:\/\/www.emater.ro.gov.br\/ematerro\/wp-content\/uploads\/2025\/05\/20250520-05mai2025-17-incio-colheita-cafe_smguapore_eduardo-henrique_001-1024x691.jpg 1024w, http:\/\/www.emater.ro.gov.br\/ematerro\/wp-content\/uploads\/2025\/05\/20250520-05mai2025-17-incio-colheita-cafe_smguapore_eduardo-henrique_001-300x203.jpg 300w, http:\/\/www.emater.ro.gov.br\/ematerro\/wp-content\/uploads\/2025\/05\/20250520-05mai2025-17-incio-colheita-cafe_smguapore_eduardo-henrique_001-768x518.jpg 768w, http:\/\/www.emater.ro.gov.br\/ematerro\/wp-content\/uploads\/2025\/05\/20250520-05mai2025-17-incio-colheita-cafe_smguapore_eduardo-henrique_001-1536x1037.jpg 1536w, http:\/\/www.emater.ro.gov.br\/ematerro\/wp-content\/uploads\/2025\/05\/20250520-05mai2025-17-incio-colheita-cafe_smguapore_eduardo-henrique_001.jpg 2000w\" sizes=\"(max-width: 1024px) 100vw, 1024px\" \/><\/figure>\n\n\n\n<figure class=\"wp-block-image size-large\"><img decoding=\"async\" loading=\"lazy\" width=\"1024\" height=\"691\" data-id=\"17091\"  src=\"http:\/\/www.emater.ro.gov.br\/ematerro\/wp-content\/uploads\/2025\/05\/20250520-05mai2025-17-incio-colheita-cafe_smguapore_eduardo-henrique_002-1024x691.jpg\" alt=\"\" class=\"wp-image-17091\" srcset=\"http:\/\/www.emater.ro.gov.br\/ematerro\/wp-content\/uploads\/2025\/05\/20250520-05mai2025-17-incio-colheita-cafe_smguapore_eduardo-henrique_002-1024x691.jpg 1024w, http:\/\/www.emater.ro.gov.br\/ematerro\/wp-content\/uploads\/2025\/05\/20250520-05mai2025-17-incio-colheita-cafe_smguapore_eduardo-henrique_002-300x203.jpg 300w, http:\/\/www.emater.ro.gov.br\/ematerro\/wp-content\/uploads\/2025\/05\/20250520-05mai2025-17-incio-colheita-cafe_smguapore_eduardo-henrique_002-768x518.jpg 768w, http:\/\/www.emater.ro.gov.br\/ematerro\/wp-content\/uploads\/2025\/05\/20250520-05mai2025-17-incio-colheita-cafe_smguapore_eduardo-henrique_002-1536x1037.jpg 1536w, http:\/\/www.emater.ro.gov.br\/ematerro\/wp-content\/uploads\/2025\/05\/20250520-05mai2025-17-incio-colheita-cafe_smguapore_eduardo-henrique_002.jpg 2000w\" sizes=\"(max-width: 1024px) 100vw, 1024px\" \/><\/figure>\n\n\n\n<figure class=\"wp-block-image size-large\"><img decoding=\"async\" loading=\"lazy\" width=\"1024\" height=\"691\" data-id=\"17090\"  src=\"http:\/\/www.emater.ro.gov.br\/ematerro\/wp-content\/uploads\/2025\/05\/20250520-05mai2025-17-incio-colheita-cafe_smguapore_eduardo-henrique_003-1024x691.jpg\" alt=\"\" class=\"wp-image-17090\" srcset=\"http:\/\/www.emater.ro.gov.br\/ematerro\/wp-content\/uploads\/2025\/05\/20250520-05mai2025-17-incio-colheita-cafe_smguapore_eduardo-henrique_003-1024x691.jpg 1024w, http:\/\/www.emater.ro.gov.br\/ematerro\/wp-content\/uploads\/2025\/05\/20250520-05mai2025-17-incio-colheita-cafe_smguapore_eduardo-henrique_003-300x203.jpg 300w, http:\/\/www.emater.ro.gov.br\/ematerro\/wp-content\/uploads\/2025\/05\/20250520-05mai2025-17-incio-colheita-cafe_smguapore_eduardo-henrique_003-768x518.jpg 768w, http:\/\/www.emater.ro.gov.br\/ematerro\/wp-content\/uploads\/2025\/05\/20250520-05mai2025-17-incio-colheita-cafe_smguapore_eduardo-henrique_003-1536x1037.jpg 1536w, http:\/\/www.emater.ro.gov.br\/ematerro\/wp-content\/uploads\/2025\/05\/20250520-05mai2025-17-incio-colheita-cafe_smguapore_eduardo-henrique_003.jpg 2000w\" sizes=\"(max-width: 1024px) 100vw, 1024px\" \/><\/figure>\n<\/figure>\n","protected":false},"excerpt":{"rendered":"<p>O Governo de Rond\u00f4nia, por meio da Secretaria de Estado da Agricultura (Seagri) e da Entidade Aut\u00e1rquica de Assist\u00eancia T\u00e9cnica e Extens\u00e3o Rural (Emater-RO), lan\u00e7ou neste dia 17 de maio, [&hellip;]<\/p>\n","protected":false},"author":9,"featured_media":17090,"comment_status":"closed","ping_status":"closed","sticky":false,"template":"","format":"standard","meta":[],"categories":[10,11,12],"tags":[],"_links":{"self":[{"href":"http:\/\/www.emater.ro.gov.br\/ematerro\/wp-json\/wp\/v2\/posts\/17084"}],"collection":[{"href":"http:\/\/www.emater.ro.gov.br\/ematerro\/wp-json\/wp\/v2\/posts"}],"about":[{"href":"http:\/\/www.emater.ro.gov.br\/ematerro\/wp-json\/wp\/v2\/types\/post"}],"author":[{"embeddable":true,"href":"http:\/\/www.emater.ro.gov.br\/ematerro\/wp-json\/wp\/v2\/users\/9"}],"replies":[{"embeddable":true,"href":"http:\/\/www.emater.ro.gov.br\/ematerro\/wp-json\/wp\/v2\/comments?post=17084"}],"version-history":[{"count":2,"href":"http:\/\/www.emater.ro.gov.br\/ematerro\/wp-json\/wp\/v2\/posts\/17084\/revisions"}],"predecessor-version":[{"id":17094,"href":"http:\/\/www.emater.ro.gov.br\/ematerro\/wp-json\/wp\/v2\/posts\/17084\/revisions\/17094"}],"wp:featuredmedia":[{"embeddable":true,"href":"http:\/\/www.emater.ro.gov.br\/ematerro\/wp-json\/wp\/v2\/media\/17090"}],"wp:attachment":[{"href":"http:\/\/www.emater.ro.gov.br\/ematerro\/wp-json\/wp\/v2\/media?parent=17084"}],"wp:term":[{"taxonomy":"category","embeddable":true,"href":"http:\/\/www.emater.ro.gov.br\/ematerro\/wp-json\/wp\/v2\/categories?post=17084"},{"taxonomy":"post_tag","embeddable":true,"href":"http:\/\/www.emater.ro.gov.br\/ematerro\/wp-json\/wp\/v2\/tags?post=17084"}],"curies":[{"name":"wp","href":"https:\/\/api.w.org\/{rel}","templated":true}]}}