{"id":17073,"date":"2025-05-15T11:04:34","date_gmt":"2025-05-15T15:04:34","guid":{"rendered":"http:\/\/www.emater.ro.gov.br\/ematerro\/?p=17073"},"modified":"2025-05-15T11:08:52","modified_gmt":"2025-05-15T15:08:52","slug":"produtores-rurais-de-rondonia-ampliam-demandas-e-fortalecem-a-assistencia-tecnica-da-emater-ro","status":"publish","type":"post","link":"http:\/\/www.emater.ro.gov.br\/ematerro\/2025\/05\/15\/produtores-rurais-de-rondonia-ampliam-demandas-e-fortalecem-a-assistencia-tecnica-da-emater-ro\/","title":{"rendered":"Produtores rurais de Rond\u00f4nia ampliam demandas e fortalecem a assist\u00eancia t\u00e9cnica da Emater-RO"},"content":{"rendered":"<div class=\"wp-block-image\">\n<figure class=\"aligncenter size-full is-resized\"><img decoding=\"async\" loading=\"lazy\" src=\"http:\/\/www.emater.ro.gov.br\/ematerro\/wp-content\/uploads\/2025\/05\/20250515-encontro-tecnico-divulga-resultado-de-pesquisa-e-contribui-para-sanidade-animal-de-rondonia_003-foto-irene-mendes-768x480-1.jpg\" alt=\"\" class=\"wp-image-17076\" width=\"890\" height=\"556\" srcset=\"http:\/\/www.emater.ro.gov.br\/ematerro\/wp-content\/uploads\/2025\/05\/20250515-encontro-tecnico-divulga-resultado-de-pesquisa-e-contribui-para-sanidade-animal-de-rondonia_003-foto-irene-mendes-768x480-1.jpg 768w, http:\/\/www.emater.ro.gov.br\/ematerro\/wp-content\/uploads\/2025\/05\/20250515-encontro-tecnico-divulga-resultado-de-pesquisa-e-contribui-para-sanidade-animal-de-rondonia_003-foto-irene-mendes-768x480-1-300x188.jpg 300w\" sizes=\"(max-width: 890px) 100vw, 890px\" \/><figcaption class=\"wp-element-caption\"><em><strong><sup>A pecu\u00e1ria leiteira \u00e9 uma das a\u00e7\u00f5es que vem crescendo entre os produtores assistidos pela Emater-RO<\/sup><\/strong><\/em><\/figcaption><\/figure><\/div>\n\n\n<p>As a\u00e7\u00f5es executadas pela Entidade Aut\u00e1rquica de Assist\u00eancia T\u00e9cnica e Extens\u00e3o Rural (Emater-RO) junto \u00e0s fam\u00edlias rurais t\u00eam elevado o patamar de desenvolvimento nos munic\u00edpios. A demanda, que antes supria as necessidades b\u00e1sicas dos produtores rurais assistidos, cresce a cada dia e os produtores buscam apoio para ampliar o atendimento e consolidar Rond\u00f4nia na sua voca\u00e7\u00e3o de estado agr\u00edcola.<\/p>\n\n\n\n<p>Em recente visita \u00e0 capital, lideran\u00e7as da regi\u00e3o de Colorado do Oeste e de Vale do Anari pontuaram para o diretor-presidente da Emater-RO, Luciano Brand\u00e3o, as suas necessidades de dar mais \u00eanfase \u00e0 assist\u00eancia t\u00e9cnica na regi\u00e3o, ampliando o atendimento com as pol\u00edticas de desenvolvimento agropecu\u00e1rio. No caso de Colorado do Oeste, por exemplo, os vereadores Baiano leiteiro e Jairzinho apontaram o aumento do n\u00famero de produtores rurais que come\u00e7aram a investir na pecu\u00e1ria leiteira e na produ\u00e7\u00e3o de caf\u00e9 em suas regi\u00f5es. \u201cOs produtores est\u00e3o vendo que os programas est\u00e3o dando certo e est\u00e3o vindo atr\u00e1s da gente, querendo participar\u201d, conta o vereador Jairzinho.<\/p>\n\n\n<div class=\"wp-block-image\">\n<figure class=\"alignleft size-large is-resized\"><img decoding=\"async\" loading=\"lazy\" src=\"http:\/\/www.emater.ro.gov.br\/ematerro\/wp-content\/uploads\/2025\/05\/20250515-05mai2025-14-reuniao-com-prefeito-e-vereadores-colordo-do-oeste_robson-7-1024x692.jpg\" alt=\"\" class=\"wp-image-17078\" width=\"501\" height=\"338\" srcset=\"http:\/\/www.emater.ro.gov.br\/ematerro\/wp-content\/uploads\/2025\/05\/20250515-05mai2025-14-reuniao-com-prefeito-e-vereadores-colordo-do-oeste_robson-7-1024x692.jpg 1024w, http:\/\/www.emater.ro.gov.br\/ematerro\/wp-content\/uploads\/2025\/05\/20250515-05mai2025-14-reuniao-com-prefeito-e-vereadores-colordo-do-oeste_robson-7-300x203.jpg 300w, http:\/\/www.emater.ro.gov.br\/ematerro\/wp-content\/uploads\/2025\/05\/20250515-05mai2025-14-reuniao-com-prefeito-e-vereadores-colordo-do-oeste_robson-7-768x519.jpg 768w, http:\/\/www.emater.ro.gov.br\/ematerro\/wp-content\/uploads\/2025\/05\/20250515-05mai2025-14-reuniao-com-prefeito-e-vereadores-colordo-do-oeste_robson-7-1536x1037.jpg 1536w, http:\/\/www.emater.ro.gov.br\/ematerro\/wp-content\/uploads\/2025\/05\/20250515-05mai2025-14-reuniao-com-prefeito-e-vereadores-colordo-do-oeste_robson-7.jpg 1574w\" sizes=\"(max-width: 501px) 100vw, 501px\" \/><figcaption class=\"wp-element-caption\"><strong><em><sup>Produtores rurais buscam na Emater-RO as pol\u00edticas p\u00fablicas de desenvolvimento rural<\/sup><\/em><\/strong><\/figcaption><\/figure><\/div>\n\n\n<p>No Vale do Anari n\u00e3o \u00e9 diferente, o prefeito Cleone Lima e os vereadores, M\u00e1rcio do Vale, Rom\u00e1rio Geraldo e U\u00e9liton Polaquinho buscam a amplia\u00e7\u00e3o do programa de insemina\u00e7\u00e3o artificial, do governo estadual, com a inclus\u00e3o de mais botijas de nitrog\u00eanio l\u00edquido para atender \u00e0 crescente demanda local. \u201cN\u00f3s vamos organizar, em parceria com a Emater-RO e outras institui\u00e7\u00f5es o concurso leiteiro deste ano e estamos buscando esse apoio para nossos produtores de leite\u201d, explica.<\/p>\n\n\n\n<p>Rom\u00e1rio Geraldo, que tamb\u00e9m \u00e9 produtor de leite, fala da necessidade da assist\u00eancia de um m\u00e9dico veterin\u00e1rio, principalmente na condu\u00e7\u00e3o dos programas voltados \u00e0 produ\u00e7\u00e3o leiteira e melhoramento animal na regi\u00e3o do Vale do Anari, munic\u00edpio cuja renda \u00e9 essencialmente agropecu\u00e1ria. \u201cA demanda cresceu muito, o nosso grupo que conta com 20 produtores de leite saiu de uma m\u00e9dia de 150 para 300 litros de leite\/dia, ou seja, dobrou e precisamos cada vez mais da Emater-RO\u201d, diz o vereador.<\/p>\n\n\n\n<p><strong>POL\u00cdTICAS P\u00daBLICAS E DESENVOLVIMENTO<\/strong><br>As pol\u00edticas p\u00fablicas levadas pela Emater-RO a campo tem contribu\u00eddo muito para o desenvolvimento econ\u00f4mico do estado de Rond\u00f4nia, em especial no setor agropecu\u00e1rio. Programas como: Consultec, Mais Calc\u00e1rio, Plante Mais, Rufi\u00e3o M\u00f3vel, Degusta Caf\u00e9 80+, entre outros, s\u00e3o levados diariamente pelos extensionistas da Emater-RO aos 52 munic\u00edpios do estado com garantia de assist\u00eancia t\u00e9cnica, especialmente para os agricultores familiares. \u201cEsse \u00e9 o nosso trabalho, levar as pol\u00edticas de governo de acordo com a necessidade do produtor e estamos empenhados em ouvir e atender as necessidades de cada regi\u00e3o, para melhor atender \u00e0s demandas\u201d, explica Brand\u00e3o.<\/p>\n\n\n<div class=\"wp-block-image\">\n<figure class=\"alignright size-large is-resized\"><img decoding=\"async\" loading=\"lazy\" src=\"http:\/\/www.emater.ro.gov.br\/ematerro\/wp-content\/uploads\/2025\/05\/20250515-05mai2025-14-reuniao-com-prefeito-e-vereadores-vale-do-anari_robson-4-1024x692.jpg\" alt=\"\" class=\"wp-image-17077\" width=\"500\" height=\"337\" srcset=\"http:\/\/www.emater.ro.gov.br\/ematerro\/wp-content\/uploads\/2025\/05\/20250515-05mai2025-14-reuniao-com-prefeito-e-vereadores-vale-do-anari_robson-4-1024x692.jpg 1024w, http:\/\/www.emater.ro.gov.br\/ematerro\/wp-content\/uploads\/2025\/05\/20250515-05mai2025-14-reuniao-com-prefeito-e-vereadores-vale-do-anari_robson-4-300x203.jpg 300w, http:\/\/www.emater.ro.gov.br\/ematerro\/wp-content\/uploads\/2025\/05\/20250515-05mai2025-14-reuniao-com-prefeito-e-vereadores-vale-do-anari_robson-4-768x519.jpg 768w, http:\/\/www.emater.ro.gov.br\/ematerro\/wp-content\/uploads\/2025\/05\/20250515-05mai2025-14-reuniao-com-prefeito-e-vereadores-vale-do-anari_robson-4-1536x1037.jpg 1536w, http:\/\/www.emater.ro.gov.br\/ematerro\/wp-content\/uploads\/2025\/05\/20250515-05mai2025-14-reuniao-com-prefeito-e-vereadores-vale-do-anari_robson-4.jpg 1574w\" sizes=\"(max-width: 500px) 100vw, 500px\" \/><figcaption class=\"wp-element-caption\"><em><strong><sup>Vale do Anari busca apoio para realizar o Concurso Leiteiro deste ano, junto com a Emater-RO<\/sup><\/strong><\/em><\/figcaption><\/figure><\/div>\n\n\n<p>Esse empenho \u00e9 corroborado pelo governador Marcos Rocha que n\u00e3o tem medido esfor\u00e7os para atender \u00e0s necessidades do setor agropecu\u00e1rio, levando modernidade e inova\u00e7\u00e3o ao segmento. \u201cO nosso governo segue comprometido com o produtor rural para garantir n\u00e3o somente a produ\u00e7\u00e3o do campo, mas tamb\u00e9m o futuro da fam\u00edlia e o futuro da agricultura no estado\u201d, ressaltou o governador.<\/p>\n\n\n\n<p>Com o aumento das demandas pelas pol\u00edticas p\u00fablicas de governo, a Emater-RO tem reestruturado suas unidades operacionais, que hoje s\u00e3o em n\u00famero de 85, distribu\u00eddas em um centro gerencial, sete escrit\u00f3rios regionais, 73 escrit\u00f3rios locais, uma subunidade, um centro de treinamento e duas usinas de nitrog\u00eanio. Para isso, reformou escrit\u00f3rios, instalou novos equipamentos e ve\u00edculos e capacitou t\u00e9cnicos para melhor atender ao seu p\u00fablico benefici\u00e1rio.<\/p>\n\n\n\n<p class=\"has-text-align-right\"><sup><strong><em>Texto: Wania Ressutti<br>Jornalista \u2013 MTE-1744\/RO<br>Fotos: Robson Paiva<br>Rep\u00f3rter fotogr\u00e1fico \u2013 MTE-1337\/RO<br>EMATER-RO<\/em><\/strong><\/sup><\/p>\n","protected":false},"excerpt":{"rendered":"<p>A demanda por assist\u00eancia t\u00e9cnica aos produtores rurais assistidos pela Entidade Aut\u00e1rquica de Assist\u00eancia T\u00e9cnica e Extens\u00e3o Rural (Emater-RO) cresce a cada dia e os produtores buscam apoio para ampliar o atendimento e consolidar Rond\u00f4nia na sua voca\u00e7\u00e3o de estado agr\u00edcola<\/p>\n","protected":false},"author":9,"featured_media":17081,"comment_status":"closed","ping_status":"closed","sticky":false,"template":"","format":"standard","meta":[],"categories":[10,9,12],"tags":[],"_links":{"self":[{"href":"http:\/\/www.emater.ro.gov.br\/ematerro\/wp-json\/wp\/v2\/posts\/17073"}],"collection":[{"href":"http:\/\/www.emater.ro.gov.br\/ematerro\/wp-json\/wp\/v2\/posts"}],"about":[{"href":"http:\/\/www.emater.ro.gov.br\/ematerro\/wp-json\/wp\/v2\/types\/post"}],"author":[{"embeddable":true,"href":"http:\/\/www.emater.ro.gov.br\/ematerro\/wp-json\/wp\/v2\/users\/9"}],"replies":[{"embeddable":true,"href":"http:\/\/www.emater.ro.gov.br\/ematerro\/wp-json\/wp\/v2\/comments?post=17073"}],"version-history":[{"count":4,"href":"http:\/\/www.emater.ro.gov.br\/ematerro\/wp-json\/wp\/v2\/posts\/17073\/revisions"}],"predecessor-version":[{"id":17082,"href":"http:\/\/www.emater.ro.gov.br\/ematerro\/wp-json\/wp\/v2\/posts\/17073\/revisions\/17082"}],"wp:featuredmedia":[{"embeddable":true,"href":"http:\/\/www.emater.ro.gov.br\/ematerro\/wp-json\/wp\/v2\/media\/17081"}],"wp:attachment":[{"href":"http:\/\/www.emater.ro.gov.br\/ematerro\/wp-json\/wp\/v2\/media?parent=17073"}],"wp:term":[{"taxonomy":"category","embeddable":true,"href":"http:\/\/www.emater.ro.gov.br\/ematerro\/wp-json\/wp\/v2\/categories?post=17073"},{"taxonomy":"post_tag","embeddable":true,"href":"http:\/\/www.emater.ro.gov.br\/ematerro\/wp-json\/wp\/v2\/tags?post=17073"}],"curies":[{"name":"wp","href":"https:\/\/api.w.org\/{rel}","templated":true}]}}