{"id":17053,"date":"2025-05-13T12:31:45","date_gmt":"2025-05-13T16:31:45","guid":{"rendered":"http:\/\/www.emater.ro.gov.br\/ematerro\/?p=17053"},"modified":"2025-05-13T12:32:50","modified_gmt":"2025-05-13T16:32:50","slug":"17053","status":"publish","type":"post","link":"http:\/\/www.emater.ro.gov.br\/ematerro\/2025\/05\/13\/17053\/","title":{"rendered":"Emater-RO participa de levantamento das perdas das fam\u00edlias atingidas pela cheia do Madeira em 2025"},"content":{"rendered":"\n<p><\/p>\n\n\n\n<p><\/p>\n\n\n\n<p>Equipe formada por 12 extensionistas da Emater-RO participa de trabalho social da Secret\u00e1ria Estadual de Servi\u00e7o Social (SEAS) e realiza levantamento de perdas sofridas pela popula\u00e7\u00e3o ribeirinha, que vive na regi\u00e3o do baixo madeira e seus afluentes, este trabalho possibilitar\u00e1 o cadastramento das fam\u00edlias para concess\u00e3o de &nbsp;benef\u00edcio tempor\u00e1rio em raz\u00e3o da crise clim\u00e1tica. As fam\u00edlias em situa\u00e7\u00e3o de vulnerabilidade receber\u00e3o um auxilio financeiro do governo estadual, institu\u00eddo pelo governador Marcos Rocha atrav\u00e9s do decreto N\u00b0 30.219, DE 30 DE ABRIL DE 2025.<\/p>\n\n\n\n<figure class=\"wp-block-gallery has-nested-images columns-default is-cropped wp-block-gallery-1 is-layout-flex\">\n<figure class=\"wp-block-image size-large\"><img decoding=\"async\" loading=\"lazy\" width=\"1000\" height=\"700\" data-id=\"17060\"  src=\"http:\/\/www.emater.ro.gov.br\/ematerro\/wp-content\/uploads\/2025\/05\/20250513-seas.jpg\" alt=\"\" class=\"wp-image-17060\" srcset=\"http:\/\/www.emater.ro.gov.br\/ematerro\/wp-content\/uploads\/2025\/05\/20250513-seas.jpg 1000w, http:\/\/www.emater.ro.gov.br\/ematerro\/wp-content\/uploads\/2025\/05\/20250513-seas-300x210.jpg 300w, http:\/\/www.emater.ro.gov.br\/ematerro\/wp-content\/uploads\/2025\/05\/20250513-seas-768x538.jpg 768w\" sizes=\"(max-width: 1000px) 100vw, 1000px\" \/><\/figure>\n\n\n\n<figure class=\"wp-block-image size-large\"><img decoding=\"async\" loading=\"lazy\" width=\"1000\" height=\"700\" data-id=\"17061\"  src=\"http:\/\/www.emater.ro.gov.br\/ematerro\/wp-content\/uploads\/2025\/05\/20250513-seas-2.jpg\" alt=\"\" class=\"wp-image-17061\" srcset=\"http:\/\/www.emater.ro.gov.br\/ematerro\/wp-content\/uploads\/2025\/05\/20250513-seas-2.jpg 1000w, http:\/\/www.emater.ro.gov.br\/ematerro\/wp-content\/uploads\/2025\/05\/20250513-seas-2-300x210.jpg 300w, http:\/\/www.emater.ro.gov.br\/ematerro\/wp-content\/uploads\/2025\/05\/20250513-seas-2-768x538.jpg 768w\" sizes=\"(max-width: 1000px) 100vw, 1000px\" \/><\/figure>\n\n\n\n<figure class=\"wp-block-image size-large\"><img decoding=\"async\" loading=\"lazy\" width=\"1000\" height=\"700\" data-id=\"17062\"  src=\"http:\/\/www.emater.ro.gov.br\/ematerro\/wp-content\/uploads\/2025\/05\/20250513-seas-3.jpg\" alt=\"\" class=\"wp-image-17062\" srcset=\"http:\/\/www.emater.ro.gov.br\/ematerro\/wp-content\/uploads\/2025\/05\/20250513-seas-3.jpg 1000w, http:\/\/www.emater.ro.gov.br\/ematerro\/wp-content\/uploads\/2025\/05\/20250513-seas-3-300x210.jpg 300w, http:\/\/www.emater.ro.gov.br\/ematerro\/wp-content\/uploads\/2025\/05\/20250513-seas-3-768x538.jpg 768w\" sizes=\"(max-width: 1000px) 100vw, 1000px\" \/><\/figure>\n<\/figure>\n\n\n\n<figure class=\"wp-block-image size-full\"><img decoding=\"async\" loading=\"lazy\" width=\"1000\" height=\"700\" src=\"http:\/\/www.emater.ro.gov.br\/ematerro\/wp-content\/uploads\/2025\/05\/20250513-parceria-seas.jpg\" alt=\"\" class=\"wp-image-17064\" srcset=\"http:\/\/www.emater.ro.gov.br\/ematerro\/wp-content\/uploads\/2025\/05\/20250513-parceria-seas.jpg 1000w, http:\/\/www.emater.ro.gov.br\/ematerro\/wp-content\/uploads\/2025\/05\/20250513-parceria-seas-300x210.jpg 300w, http:\/\/www.emater.ro.gov.br\/ematerro\/wp-content\/uploads\/2025\/05\/20250513-parceria-seas-768x538.jpg 768w\" sizes=\"(max-width: 1000px) 100vw, 1000px\" \/><\/figure>\n","protected":false},"excerpt":{"rendered":"<p>Equipe formada por 12 extensionistas da Emater-RO participa de trabalho social da Secret\u00e1ria Estadual de Servi\u00e7o Social (SEAS) e realiza levantamento de perdas sofridas pela popula\u00e7\u00e3o ribeirinha, que vive na [&hellip;]<\/p>\n","protected":false},"author":8,"featured_media":17061,"comment_status":"closed","ping_status":"closed","sticky":false,"template":"","format":"standard","meta":[],"categories":[11],"tags":[],"_links":{"self":[{"href":"http:\/\/www.emater.ro.gov.br\/ematerro\/wp-json\/wp\/v2\/posts\/17053"}],"collection":[{"href":"http:\/\/www.emater.ro.gov.br\/ematerro\/wp-json\/wp\/v2\/posts"}],"about":[{"href":"http:\/\/www.emater.ro.gov.br\/ematerro\/wp-json\/wp\/v2\/types\/post"}],"author":[{"embeddable":true,"href":"http:\/\/www.emater.ro.gov.br\/ematerro\/wp-json\/wp\/v2\/users\/8"}],"replies":[{"embeddable":true,"href":"http:\/\/www.emater.ro.gov.br\/ematerro\/wp-json\/wp\/v2\/comments?post=17053"}],"version-history":[{"count":2,"href":"http:\/\/www.emater.ro.gov.br\/ematerro\/wp-json\/wp\/v2\/posts\/17053\/revisions"}],"predecessor-version":[{"id":17069,"href":"http:\/\/www.emater.ro.gov.br\/ematerro\/wp-json\/wp\/v2\/posts\/17053\/revisions\/17069"}],"wp:featuredmedia":[{"embeddable":true,"href":"http:\/\/www.emater.ro.gov.br\/ematerro\/wp-json\/wp\/v2\/media\/17061"}],"wp:attachment":[{"href":"http:\/\/www.emater.ro.gov.br\/ematerro\/wp-json\/wp\/v2\/media?parent=17053"}],"wp:term":[{"taxonomy":"category","embeddable":true,"href":"http:\/\/www.emater.ro.gov.br\/ematerro\/wp-json\/wp\/v2\/categories?post=17053"},{"taxonomy":"post_tag","embeddable":true,"href":"http:\/\/www.emater.ro.gov.br\/ematerro\/wp-json\/wp\/v2\/tags?post=17053"}],"curies":[{"name":"wp","href":"https:\/\/api.w.org\/{rel}","templated":true}]}}