{"id":17052,"date":"2025-05-14T07:47:50","date_gmt":"2025-05-14T11:47:50","guid":{"rendered":"http:\/\/www.emater.ro.gov.br\/ematerro\/?p=17052"},"modified":"2025-05-14T07:47:50","modified_gmt":"2025-05-14T11:47:50","slug":"mais-direitos-no-campo-governo-de-ro-e-emater-ro-facilitam-acesso-ao-inss","status":"publish","type":"post","link":"http:\/\/www.emater.ro.gov.br\/ematerro\/2025\/05\/14\/mais-direitos-no-campo-governo-de-ro-e-emater-ro-facilitam-acesso-ao-inss\/","title":{"rendered":"Mais direitos no campo: Governo de RO e Emater-RO facilitam acesso ao INSS"},"content":{"rendered":"<div class=\"wp-block-image\">\n<figure class=\"aligncenter size-large\"><img decoding=\"async\" loading=\"lazy\" width=\"1024\" height=\"691\" src=\"http:\/\/www.emater.ro.gov.br\/ematerro\/wp-content\/uploads\/2025\/05\/20250513-05mai2025-13-capacitacao-inss_irene-mendes-7-1024x691.jpg\" alt=\"\" class=\"wp-image-17055\" srcset=\"http:\/\/www.emater.ro.gov.br\/ematerro\/wp-content\/uploads\/2025\/05\/20250513-05mai2025-13-capacitacao-inss_irene-mendes-7-1024x691.jpg 1024w, http:\/\/www.emater.ro.gov.br\/ematerro\/wp-content\/uploads\/2025\/05\/20250513-05mai2025-13-capacitacao-inss_irene-mendes-7-300x202.jpg 300w, http:\/\/www.emater.ro.gov.br\/ematerro\/wp-content\/uploads\/2025\/05\/20250513-05mai2025-13-capacitacao-inss_irene-mendes-7-768x518.jpg 768w, http:\/\/www.emater.ro.gov.br\/ematerro\/wp-content\/uploads\/2025\/05\/20250513-05mai2025-13-capacitacao-inss_irene-mendes-7.jpg 1335w\" sizes=\"(max-width: 1024px) 100vw, 1024px\" \/><figcaption class=\"wp-element-caption\"><strong><em><sup>O treinamento visa capacitar os extensionistas para executarem servi\u00e7os junto aos produtores rurais<\/sup><\/em><\/strong><\/figcaption><\/figure><\/div>\n\n\n<p>O curso que vai capacitar extensionistas da Entidade Aut\u00e1rquica de Assist\u00eancia T\u00e9cnica e Extens\u00e3o Rural (Emater-RO) em t\u00e9cnica de servi\u00e7os previdenci\u00e1rios come\u00e7ou nesta ter\u00e7a-feira, 13, no Centro de Treinamento da Emater-RO (Centrer-RO), em Ouro Preto do Oeste. O treinamento reuniu 53 t\u00e9cnicos, abrangendo os sete escrit\u00f3rios regionais da autarquia, que estar\u00e3o junto com a equipe da ger\u00eancia executiva do o Instituto Nacional de Servi\u00e7o Social (INSS) para nivelar as a\u00e7\u00f5es e melhor atender \u00e0s fam\u00edlias rurais.<\/p>\n\n\n\n<p>A atividade d\u00e1 in\u00edcio ao acordo de coopera\u00e7\u00e3o t\u00e9cnica firmado entre o governo estadual, por meio da Emater-RO, e o INSS para habilitar os extensionistas que atuam diretamente com as fam\u00edlias no campo na orienta\u00e7\u00e3o e formaliza\u00e7\u00e3o dos processos e requerimentos aos benef\u00edcios da previd\u00eancia social. Para o diretor-presidente da Emater-RO, Luciano Brand\u00e3o, essa parceria oficializa um servi\u00e7o que ao longo dos anos a Emater-RO j\u00e1 vem fazendo junto com o INSS. \u201cEsse servi\u00e7o j\u00e1 vem sendo executado de forma espont\u00e2nea pelos nossos extensionistas e a assinatura do termo de acordo t\u00e9cnico, chega para oficializar e confirmar o aux\u00edlio que a gente j\u00e1 vem prestando \u00e0s fam\u00edlias no campo\u201d, diz. <\/p>\n\n\n<div class=\"wp-block-image\">\n<figure class=\"alignright size-large is-resized\"><img decoding=\"async\" loading=\"lazy\" src=\"http:\/\/www.emater.ro.gov.br\/ematerro\/wp-content\/uploads\/2025\/05\/20250513-05mai2025-13-capacitacao-inss_irene-mendes-3-1024x691.jpg\" alt=\"\" class=\"wp-image-17056\" width=\"482\" height=\"325\" srcset=\"http:\/\/www.emater.ro.gov.br\/ematerro\/wp-content\/uploads\/2025\/05\/20250513-05mai2025-13-capacitacao-inss_irene-mendes-3-1024x691.jpg 1024w, http:\/\/www.emater.ro.gov.br\/ematerro\/wp-content\/uploads\/2025\/05\/20250513-05mai2025-13-capacitacao-inss_irene-mendes-3-300x202.jpg 300w, http:\/\/www.emater.ro.gov.br\/ematerro\/wp-content\/uploads\/2025\/05\/20250513-05mai2025-13-capacitacao-inss_irene-mendes-3-768x518.jpg 768w, http:\/\/www.emater.ro.gov.br\/ematerro\/wp-content\/uploads\/2025\/05\/20250513-05mai2025-13-capacitacao-inss_irene-mendes-3.jpg 1398w\" sizes=\"(max-width: 482px) 100vw, 482px\" \/><figcaption class=\"wp-element-caption\"><strong><em><sup>O treinamento est\u00e1 sendo ministrado pela equipe do INSS<\/sup><\/em><\/strong><\/figcaption><\/figure><\/div>\n\n\n<p>Luciano conta ainda, que j\u00e1 houve diversos casos, onde produtores rurais, ao procurarem a Emater-RO, para assist\u00eancia t\u00e9cnica em suas lavouras, foram beneficiados com orienta\u00e7\u00f5es sobre servi\u00e7os previdenci\u00e1rios. \u201cTeve um produtor que chegou no escrit\u00f3rio para pedir informa\u00e7\u00e3o sobre caf\u00e9 e ao pegar a documenta\u00e7\u00e3o dele, a extensionista viu que ele poderia se aposentar e ele nem sabia disso. Saiu do escrit\u00f3rio aposentado, orientado pela extensionista no pr\u00f3prio escrit\u00f3rio da Emater\u201d.<\/p>\n\n\n\n<p>Segundo o gerente executivo substituto do INSS, Franciomar Meneguetti Lopes, o treinamento visa capacitar os extensionistas para executarem servi\u00e7os como o requerimento de aposentadorias, sal\u00e1rios-maternidade, pens\u00e3o, benef\u00edcios sociais, al\u00e9m de servi\u00e7os que envolvem a manuten\u00e7\u00e3o de benef\u00edcios j\u00e1 concedidos. \u201cHoje, n\u00f3s estamos com nossa equipe, passando a legisla\u00e7\u00e3o previdenci\u00e1ria para os extensionistas da Emater e, ao final do curso, vamos fazer a simula\u00e7\u00e3o de protocolos, para garantir a efici\u00eancia do servi\u00e7o a ser ofertado\u201d, explica o gerente do INSS.<\/p>\n\n\n\n<p>Para o governador Marcos Rocha, entusiasta dessa iniciativa, essa \u00e9 uma a\u00e7\u00e3o muito importante para \u00e0s fam\u00edlia de agricultores, pois eles ter\u00e3o mais agilidade e comodidade no acesso aos servi\u00e7os assistenciais da previd\u00eancia social. \u201cMuitas vezes, essas fam\u00edlias deixam de receber os benef\u00edcios pela dificuldade que encontram, ou acabam pagando caro para que outros profissionais liberais os representem. Com a a\u00e7\u00e3o da Emater, esses servi\u00e7os ser\u00e3o executados de maneira eficiente e da forma mais r\u00e1pida poss\u00edvel\u201d, enfatiza o governador<\/p>\n\n\n\n<p>O Curso de Capacita\u00e7\u00e3o T\u00e9cnica em Servi\u00e7os Previdenci\u00e1rios do INSS segue no Centro de Treinamento da Emater-RO at\u00e9 sexta-feira, 16, com uma extensa programa\u00e7\u00e3o, capacitando os extensionistas para melhor atender aos agricultores familiares.<\/p>\n\n\n\n<p class=\"has-text-align-right has-text-color\" style=\"color:#116a49\"><sup><strong><em>Texto: Wania Ressutti<br>Jornalista \u2013 MTE-1744\/RO<br>Fotos: Irene Mendes<br>Rep\u00f3rter fotogr\u00e1fica \u2013 MTE-368\/RO<br>EMATER-RO<\/em><\/strong><\/sup><\/p>\n","protected":false},"excerpt":{"rendered":"<p>O curso que vai capacitar extensionistas da Entidade Aut\u00e1rquica de Assist\u00eancia T\u00e9cnica e Extens\u00e3o Rural (Emater-RO) em t\u00e9cnica de servi\u00e7os previdenci\u00e1rios come\u00e7ou nesta ter\u00e7a-feira, 13, no Centro de Treinamento da [&hellip;]<\/p>\n","protected":false},"author":9,"featured_media":17059,"comment_status":"closed","ping_status":"closed","sticky":false,"template":"","format":"standard","meta":[],"categories":[10,9,12],"tags":[],"_links":{"self":[{"href":"http:\/\/www.emater.ro.gov.br\/ematerro\/wp-json\/wp\/v2\/posts\/17052"}],"collection":[{"href":"http:\/\/www.emater.ro.gov.br\/ematerro\/wp-json\/wp\/v2\/posts"}],"about":[{"href":"http:\/\/www.emater.ro.gov.br\/ematerro\/wp-json\/wp\/v2\/types\/post"}],"author":[{"embeddable":true,"href":"http:\/\/www.emater.ro.gov.br\/ematerro\/wp-json\/wp\/v2\/users\/9"}],"replies":[{"embeddable":true,"href":"http:\/\/www.emater.ro.gov.br\/ematerro\/wp-json\/wp\/v2\/comments?post=17052"}],"version-history":[{"count":5,"href":"http:\/\/www.emater.ro.gov.br\/ematerro\/wp-json\/wp\/v2\/posts\/17052\/revisions"}],"predecessor-version":[{"id":17067,"href":"http:\/\/www.emater.ro.gov.br\/ematerro\/wp-json\/wp\/v2\/posts\/17052\/revisions\/17067"}],"wp:featuredmedia":[{"embeddable":true,"href":"http:\/\/www.emater.ro.gov.br\/ematerro\/wp-json\/wp\/v2\/media\/17059"}],"wp:attachment":[{"href":"http:\/\/www.emater.ro.gov.br\/ematerro\/wp-json\/wp\/v2\/media?parent=17052"}],"wp:term":[{"taxonomy":"category","embeddable":true,"href":"http:\/\/www.emater.ro.gov.br\/ematerro\/wp-json\/wp\/v2\/categories?post=17052"},{"taxonomy":"post_tag","embeddable":true,"href":"http:\/\/www.emater.ro.gov.br\/ematerro\/wp-json\/wp\/v2\/tags?post=17052"}],"curies":[{"name":"wp","href":"https:\/\/api.w.org\/{rel}","templated":true}]}}