{"id":17042,"date":"2025-05-13T09:36:41","date_gmt":"2025-05-13T13:36:41","guid":{"rendered":"http:\/\/www.emater.ro.gov.br\/ematerro\/?p=17042"},"modified":"2025-05-13T09:36:46","modified_gmt":"2025-05-13T13:36:46","slug":"a-emater-ro-e-o-governo-do-estado-se-congratulam-com-os-profissionais-da-zootecnia","status":"publish","type":"post","link":"http:\/\/www.emater.ro.gov.br\/ematerro\/2025\/05\/13\/a-emater-ro-e-o-governo-do-estado-se-congratulam-com-os-profissionais-da-zootecnia\/","title":{"rendered":"A Emater-RO e o governo do Estado se congratulam com os profissionais da zootecnia"},"content":{"rendered":"\n<p><\/p>\n\n\n\n<figure class=\"wp-block-image size-large\"><img decoding=\"async\" loading=\"lazy\" width=\"1024\" height=\"682\" src=\"http:\/\/www.emater.ro.gov.br\/ematerro\/wp-content\/uploads\/2025\/05\/20250513-zootecnia-inseminacao-1024x682.jpg\" alt=\"\" class=\"wp-image-17044\" srcset=\"http:\/\/www.emater.ro.gov.br\/ematerro\/wp-content\/uploads\/2025\/05\/20250513-zootecnia-inseminacao-1024x682.jpg 1024w, http:\/\/www.emater.ro.gov.br\/ematerro\/wp-content\/uploads\/2025\/05\/20250513-zootecnia-inseminacao-300x200.jpg 300w, http:\/\/www.emater.ro.gov.br\/ematerro\/wp-content\/uploads\/2025\/05\/20250513-zootecnia-inseminacao-768x512.jpg 768w, http:\/\/www.emater.ro.gov.br\/ematerro\/wp-content\/uploads\/2025\/05\/20250513-zootecnia-inseminacao-1536x1023.jpg 1536w, http:\/\/www.emater.ro.gov.br\/ematerro\/wp-content\/uploads\/2025\/05\/20250513-zootecnia-inseminacao-480x320.jpg 480w, http:\/\/www.emater.ro.gov.br\/ematerro\/wp-content\/uploads\/2025\/05\/20250513-zootecnia-inseminacao.jpg 1600w\" sizes=\"(max-width: 1024px) 100vw, 1024px\" \/><figcaption class=\"wp-element-caption\"><strong><sup><em>Zootecnista executando a insemina\u00e7\u00e3o artificial como pr\u00e1tica educativa para produtores<\/em><\/sup><\/strong><\/figcaption><\/figure>\n\n\n\n<p> Rond\u00f4nia, \u00e9 um estado de economia predominantemente agr\u00e1ria, e hoje celebra e homenageia, juntamente com os produtores rurais, uma das categorias profissionais que mais contribu\u00edram para o desenvolvimento e consolida\u00e7\u00e3o da pecu\u00e1ria no Estado. justamente nesta data, 13 de maio, comemora- se o dia do zootecnista, um profissional que dedica sua vida ao desenvolvimento da produ\u00e7\u00e3o animal, levando em conta n\u00e3o apenas o interesse econ\u00f4mico do produtor de prote\u00edna animal, mas tamb\u00e9m, o bem estar dos animais, o melhoramento gen\u00e9tico das esp\u00e9cies e a sustentabilidade do agroneg\u00f3cio.<\/p>\n\n\n\n<p>&nbsp;Por tamanha import\u00e2ncia estrat\u00e9gica, a Entidade Aut\u00e1rquica de Assist\u00eancia T\u00e9cnica e Extens\u00e3o Rural de Rond\u00f4nia (Emater-RO) e o governo do Estado felicitam estes profissionais que est\u00e3o entre os que mais contribu\u00edram para que Rond\u00f4nia, um dos mais novos estados da uni\u00e3o, viesse a se tornar um dos principais produtores e exportadores de carne bovina do pa\u00eds.<\/p>\n\n\n<div class=\"wp-block-image\">\n<figure class=\"alignright size-large is-resized\"><img decoding=\"async\" loading=\"lazy\" src=\"http:\/\/www.emater.ro.gov.br\/ematerro\/wp-content\/uploads\/2025\/05\/20250513-zootecnista-1024x682.jpg\" alt=\"\" class=\"wp-image-17045\" width=\"392\" height=\"261\" srcset=\"http:\/\/www.emater.ro.gov.br\/ematerro\/wp-content\/uploads\/2025\/05\/20250513-zootecnista-1024x682.jpg 1024w, http:\/\/www.emater.ro.gov.br\/ematerro\/wp-content\/uploads\/2025\/05\/20250513-zootecnista-300x200.jpg 300w, http:\/\/www.emater.ro.gov.br\/ematerro\/wp-content\/uploads\/2025\/05\/20250513-zootecnista-768x512.jpg 768w, http:\/\/www.emater.ro.gov.br\/ematerro\/wp-content\/uploads\/2025\/05\/20250513-zootecnista-1536x1023.jpg 1536w, http:\/\/www.emater.ro.gov.br\/ematerro\/wp-content\/uploads\/2025\/05\/20250513-zootecnista-480x320.jpg 480w, http:\/\/www.emater.ro.gov.br\/ematerro\/wp-content\/uploads\/2025\/05\/20250513-zootecnista.jpg 1600w\" sizes=\"(max-width: 392px) 100vw, 392px\" \/><figcaption class=\"wp-element-caption\"><strong><sup><em>Demonstra\u00e7\u00e3o do uso de equipamento de prote\u00e7\u00e3o<\/em><\/sup><\/strong><\/figcaption><\/figure><\/div>\n\n\n<p>Quando a Emater-RO come\u00e7ou suas atividades no territ\u00f3rio federal de Rond\u00f4nia, h\u00e1 54 anos, o rebanho do estado era de menos de 10 mil cabe\u00e7as de bovinos , foi com o esfor\u00e7o dos produtores e da assist\u00eancia t\u00e9cnica de alto n\u00edvel, prestada pelos zootecnistas e outros profissionais envolvidos na atividade que o Estado chega em 2025 com um rebanho de cerca de 20 milh\u00f5es de cabe\u00e7as de gado bovino, e posicionado no ranking produtivo nacional, entre os 10 maiores produtores de leite, e os cinco maiores exportadores de carne bovina do Pa\u00eds (Abiec 1\u00ba trimestre de 2025).<\/p>\n\n\n\n<p>Os produtores rurais e o Estado de Rond\u00f4nia reconhecem a import\u00e2ncia estrat\u00e9gica do trabalho do profissional zootecnista para o desenvolvimento da pecu\u00e1ria, com melhoramento gen\u00e9tico, bem estar animal e a produ\u00e7\u00e3o sustent\u00e1vel de alimentos, com seguran\u00e7a e alta qualidade de produtos ofertados ao consumidor de Rond\u00f4nia e do mundo. Pelas raz\u00f5es citadas o diretor presidente da Emater-RO, Luciano Brand\u00e3o vem manifestar seu reconhecimento e felicita\u00e7\u00f5es a todos os profissionais zootecnistas e em especial aqueles dedicados ao servi\u00e7o de assist\u00eancia t\u00e9cnica e extens\u00e3o rural, pelo imenso servi\u00e7o prestado aos produtores e \u00e0 economia regional.<\/p>\n\n\n\n<p class=\"has-text-align-right\"><sup>Texto: Enoque de Oliveira<br>Fotos: Robson Paiva<br>Emater-RO<\/sup><\/p>\n","protected":false},"excerpt":{"rendered":"<p>Rond\u00f4nia, \u00e9 um estado de economia predominantemente agr\u00e1ria, e hoje celebra e homenageia, juntamente com os produtores rurais, uma das categorias profissionais que mais contribu\u00edram para o desenvolvimento e consolida\u00e7\u00e3o [&hellip;]<\/p>\n","protected":false},"author":8,"featured_media":17046,"comment_status":"closed","ping_status":"closed","sticky":false,"template":"","format":"standard","meta":[],"categories":[10,9,12],"tags":[135,188,45],"_links":{"self":[{"href":"http:\/\/www.emater.ro.gov.br\/ematerro\/wp-json\/wp\/v2\/posts\/17042"}],"collection":[{"href":"http:\/\/www.emater.ro.gov.br\/ematerro\/wp-json\/wp\/v2\/posts"}],"about":[{"href":"http:\/\/www.emater.ro.gov.br\/ematerro\/wp-json\/wp\/v2\/types\/post"}],"author":[{"embeddable":true,"href":"http:\/\/www.emater.ro.gov.br\/ematerro\/wp-json\/wp\/v2\/users\/8"}],"replies":[{"embeddable":true,"href":"http:\/\/www.emater.ro.gov.br\/ematerro\/wp-json\/wp\/v2\/comments?post=17042"}],"version-history":[{"count":3,"href":"http:\/\/www.emater.ro.gov.br\/ematerro\/wp-json\/wp\/v2\/posts\/17042\/revisions"}],"predecessor-version":[{"id":17049,"href":"http:\/\/www.emater.ro.gov.br\/ematerro\/wp-json\/wp\/v2\/posts\/17042\/revisions\/17049"}],"wp:featuredmedia":[{"embeddable":true,"href":"http:\/\/www.emater.ro.gov.br\/ematerro\/wp-json\/wp\/v2\/media\/17046"}],"wp:attachment":[{"href":"http:\/\/www.emater.ro.gov.br\/ematerro\/wp-json\/wp\/v2\/media?parent=17042"}],"wp:term":[{"taxonomy":"category","embeddable":true,"href":"http:\/\/www.emater.ro.gov.br\/ematerro\/wp-json\/wp\/v2\/categories?post=17042"},{"taxonomy":"post_tag","embeddable":true,"href":"http:\/\/www.emater.ro.gov.br\/ematerro\/wp-json\/wp\/v2\/tags?post=17042"}],"curies":[{"name":"wp","href":"https:\/\/api.w.org\/{rel}","templated":true}]}}